{"id":24684,"date":"2015-01-21T00:13:07","date_gmt":"2015-01-20T22:13:07","guid":{"rendered":"\/parlonsen\/?p=24684"},"modified":"2015-01-21T00:17:25","modified_gmt":"2015-01-20T22:17:25","slug":"le-cinq-presente-lepicee-marocaine-%e2%80%a6-a-rabastens-81","status":"publish","type":"post","link":"https:\/\/www.o-p-i.fr\/parlonsen\/parlons-en\/culture\/le-cinq-presente-lepicee-marocaine-%e2%80%a6-a-rabastens-81\/","title":{"rendered":"Le Cinq pr\u00e9sente L&rsquo;\u00e9pic\u00e9e Marocaine \u2026 \u00e0 Rabastens (81)"},"content":{"rendered":"<p style=\"text-align: justify;\">Les membres de l&rsquo;association Le Cinq soutiennent le projet d&rsquo;\u00e9dition participative de B\u00e9atrice Testet pour son livre d&rsquo;art original \u00ab\u00a0l&rsquo;Epic\u00e9e Marocaine\u00a0\u00bb,  un carnet fort en couleurs mati\u00e8res et lumi\u00e8re.<!--more--><\/p>\n<figure id=\"attachment_24685\" aria-describedby=\"caption-attachment-24685\" style=\"width: 531px\" class=\"wp-caption alignright\"><a href=\"https:\/\/i0.wp.com\/www.o-p-i.fr\/parlonsen\/wp-content\/uploads\/epiceemarocaine.jpg?ssl=1\"><img data-recalc-dims=\"1\" loading=\"lazy\" decoding=\"async\" class=\"size-full wp-image-24685 \" title=\"L'\u00e9pic\u00e9e Marocaine Extrait #4  Le safran.\" src=\"https:\/\/i0.wp.com\/www.o-p-i.fr\/parlonsen\/wp-content\/uploads\/epiceemarocaine.jpg?resize=531%2C237&#038;ssl=1\" alt=\"L'\u00e9pic\u00e9e Marocaine\" width=\"531\" height=\"237\" srcset=\"https:\/\/i0.wp.com\/www.o-p-i.fr\/parlonsen\/wp-content\/uploads\/epiceemarocaine.jpg?w=531&amp;ssl=1 531w, https:\/\/i0.wp.com\/www.o-p-i.fr\/parlonsen\/wp-content\/uploads\/epiceemarocaine.jpg?resize=300%2C133&amp;ssl=1 300w\" sizes=\"auto, (max-width: 531px) 100vw, 531px\" \/><\/a><figcaption id=\"caption-attachment-24685\" class=\"wp-caption-text\">L&#39;\u00e9pic\u00e9e Marocaine Extrait #4  Le safran.<\/figcaption><\/figure>\n<p style=\"text-align: justify;\"><strong>Extrait #4 <\/strong>Le safran.<\/p>\n<p style=\"text-align: justify;\">\u00ab\u00a0Je suis une fleur si d\u00e9licate et lumineuse que ce sont les mains  des femmes qui, d\u2019un geste \u00e9ternel et doux, viennent me cueillir au  coeur des p\u00e9tales ros\u00e9s ; l\u00e0 o\u00f9 se nichent les fils d\u2019or, couv\u00e9s sous la  couleur du soleil\u2026<br \/>\n\u2026Poussi\u00e8res dor\u00e9es par la vie qui respire et qui inspire autant de joyaux naturels.<br \/>\nOn dit que je suis l\u2019\u00e9pice la plus ch\u00e8re au monde, il en va de toute ma  semence divine d\u2019\u00eatre ainsi autant honor\u00e9e, dans le raffinement qui  m\u2019est d\u00fb \u00e0 ma r\u00e9colte pr\u00e9cieuse.<br \/>\nJe laisse des empreintes d\u2019or partout o\u00f9 je file entre les doigts de  tous ceux et celles qui, d\u2019une pinc\u00e9e, saupoudrent de sacr\u00e9 les plats  m\u00e9rit\u00e9s et d\u00e9gust\u00e9s royalement.<br \/>\nJe parfume intens\u00e9ment et je colore d\u2019un beau jaune \u00ab\u00a0\u00a0\u00bbsafran\u00a0\u00bb\u00a0\u00bb les recettes du Monde.<br \/>\nJe suis nomm\u00e9ment teinte, teinture, et le tiss\u00e9 de toute fibre v\u00e9g\u00e9tale  qui se baigne en mes eaux \u00e9tincelantes, se pare d\u2019une beaut\u00e9 illumin\u00e9e.<br \/>\nDepuis des mill\u00e9naires, on me reconnait des vertus curatives \u00ab\u00a0\u00a0\u00bbde gaiet\u00e9 et de sagesse\u00a0\u00bb\u00a0\u00bb.<br \/>\nJ\u2019agis sur tous les corps tel le doigt de l\u2019ange qui efface d\u2019un mot les maux des hommes\u2026\u00a0\u00bb<\/p>\n<p style=\"text-align: justify;\"><strong>Vous aussi, soutenez son projet ici : <a title=\"Ouvre le site dans une nouvelle fen\u00eatre\" href=\"http:\/\/www.bibliocratie.com\/?post_type=product&amp;p=16290%0D\" target=\"_blank\">http:\/\/www.bibliocratie.com\/<\/a><\/strong><\/p>\n<p style=\"text-align: justify;\"><strong>Comment ?<\/strong> par le biais de souscriptions publiques, un financement participatif et solidaire pour soutenir un projet artistique qui lui tient \u00e0 c\u0153ur depuis longtemps&#8230;<br \/>\nLe d\u00e9fi est lanc\u00e9 depuis le 10 d\u00e9cembre dernier, il reste 19 jours pour arriver aux 70 souscriptions n\u00e9cessaires \u00e0 son \u00e9dition finale !<br \/>\nUn rappel : il suffit pour cela de cliquer sur le nombre d&rsquo;exemplaires voulu et sur \u00ab\u00a0Ajouter au panier\u00a0\u00bb, suivre les \u00e9tapes une \u00e0 une en ligne.<\/p>\n<p style=\"text-align: justify;\">Ce serait une belle et douce r\u00e9compense, un beau cadeau pour elle aujourd&rsquo;hui, et pour vous quand vous recevrez le livre, et ainsi continuer ce qui l&rsquo;anime avec plus d&rsquo;aisance et de confiance&#8230; Une belle carte de visite \u00e0 pr\u00e9senter dans ses nombreuses recherches \u00e0 venir !<\/p>\n<p>Par essence, l&rsquo;art ne vient-il pas de l&rsquo;artisanat ?<br \/>\nN&rsquo;h\u00e9sitez pas \u00e0 partager ce lien \u00e0 vos propres r\u00e9seaux !<br \/>\nEt libre \u00e0 vous de d\u00e9poser un commentaire sur la page d\u00e9di\u00e9e au projet&#8230;&#8230;<\/p>\n<p><a href=\"http:\/\/www.bibliocratie.com\/?post_type=product&amp;p=16290%0D\">http:\/\/www.bibliocratie.com\/?post_type=product&amp;p=16290%0D<\/a><\/p>\n<p><strong>Contact : <\/strong>B\u00e9atrice Testet<br \/>\nSite : <a title=\"Ouvre le site dans une nouvelle fen\u00eatre\" href=\"http:\/\/www.beartiste.fr\" target=\"_blank\">www.beartiste.fr<\/a> et <a title=\"Ouvre le site dans une nouvelle fen\u00eatre\" href=\"http:\/\/beacouleurs.wordpress.com\" target=\"_blank\">beacouleurs.wordpress.com<\/a><\/p>\n<p><em>Communiqu\u00e9 par le 5<\/em><\/p>\n","protected":false},"excerpt":{"rendered":"<div class=\"mh-excerpt\">Les membres de l&rsquo;association Le Cinq soutiennent le projet d&rsquo;\u00e9dition participative de B\u00e9atrice Testet pour son livre d&rsquo;art original \u00ab\u00a0l&rsquo;Epic\u00e9e Marocaine\u00a0\u00bb, un carnet fort en couleurs mati\u00e8res et lumi\u00e8re.<\/div>\n","protected":false},"author":2,"featured_media":0,"comment_status":"open","ping_status":"open","sticky":false,"template":"","format":"standard","meta":{"om_disable_all_campaigns":false,"advanced_seo_description":"","jetpack_seo_html_title":"","jetpack_seo_noindex":false,"_jetpack_memberships_contains_paid_content":false,"footnotes":"","_links_to":"","_links_to_target":""},"categories":[51,42,1,290,54,2175],"tags":[72,200,326,2256],"class_list":{"0":"post-24684","1":"post","2":"type-post","3":"status-publish","4":"format-standard","6":"category-artisanat","7":"category-a-cote-de-chez-nous","8":"category-culture","9":"category-entraide","10":"category-loisirs","11":"category-n-106-janvier-2015","12":"tag-rabastens","13":"tag-art","14":"tag-le-5","15":"tag-souscription"},"jetpack_featured_media_url":"","views":{"total":0,"cached_at":"","cached_date":1738420224},"jetpack_likes_enabled":true,"jetpack_sharing_enabled":true,"jetpack_shortlink":"https:\/\/wp.me\/pg7Wxj-6q8","jetpack-related-posts":[],"_links":{"self":[{"href":"https:\/\/www.o-p-i.fr\/parlonsen\/wp-json\/wp\/v2\/posts\/24684","targetHints":{"allow":["GET"]}}],"collection":[{"href":"https:\/\/www.o-p-i.fr\/parlonsen\/wp-json\/wp\/v2\/posts"}],"about":[{"href":"https:\/\/www.o-p-i.fr\/parlonsen\/wp-json\/wp\/v2\/types\/post"}],"author":[{"embeddable":true,"href":"https:\/\/www.o-p-i.fr\/parlonsen\/wp-json\/wp\/v2\/users\/2"}],"replies":[{"embeddable":true,"href":"https:\/\/www.o-p-i.fr\/parlonsen\/wp-json\/wp\/v2\/comments?post=24684"}],"version-history":[{"count":0,"href":"https:\/\/www.o-p-i.fr\/parlonsen\/wp-json\/wp\/v2\/posts\/24684\/revisions"}],"wp:attachment":[{"href":"https:\/\/www.o-p-i.fr\/parlonsen\/wp-json\/wp\/v2\/media?parent=24684"}],"wp:term":[{"taxonomy":"category","embeddable":true,"href":"https:\/\/www.o-p-i.fr\/parlonsen\/wp-json\/wp\/v2\/categories?post=24684"},{"taxonomy":"post_tag","embeddable":true,"href":"https:\/\/www.o-p-i.fr\/parlonsen\/wp-json\/wp\/v2\/tags?post=24684"}],"curies":[{"name":"wp","href":"https:\/\/api.w.org\/{rel}","templated":true}]}}