{"id":24707,"date":"2015-01-21T13:24:15","date_gmt":"2015-01-21T11:24:15","guid":{"rendered":"\/parlonsen\/?p=24707"},"modified":"2015-01-20T23:44:46","modified_gmt":"2015-01-20T21:44:46","slug":"soiree-lecture-et-auberge-espagnole-a-couffouleux-81","status":"publish","type":"post","link":"https:\/\/www.o-p-i.fr\/parlonsen\/parlons-en\/culture\/soiree-lecture-et-auberge-espagnole-a-couffouleux-81\/","title":{"rendered":"Soir\u00e9e Lecture et Auberge espagnole &#8230; \u00e0 Couffouleux (81)"},"content":{"rendered":"<p>Voyage Po\u00e8mes et Nouvelles d&rsquo;Andr\u00e9e Chedid avec La Compagnie du Morse <strong>vendredi 30 janvier 2015<\/strong>, Salle Polyvalente de Couffouleux.<!--more--><\/p>\n<figure id=\"attachment_24708\" aria-describedby=\"caption-attachment-24708\" style=\"width: 208px\" class=\"wp-caption alignright\"><a href=\"https:\/\/i0.wp.com\/www.o-p-i.fr\/parlonsen\/wp-content\/uploads\/couffouleux.jpg?ssl=1\"><img data-recalc-dims=\"1\" loading=\"lazy\" decoding=\"async\" class=\"size-medium wp-image-24708\" title=\"Lecture Voyages Po\u00e8mes et nouvelles A. Ch\u00e9did\" src=\"https:\/\/i0.wp.com\/www.o-p-i.fr\/parlonsen\/wp-content\/uploads\/couffouleux.jpg?resize=208%2C300&#038;ssl=1\" alt=\"Lecture Voyages Po\u00e8mes et nouvelles A. Ch\u00e9did\" width=\"208\" height=\"300\" srcset=\"https:\/\/i0.wp.com\/www.o-p-i.fr\/parlonsen\/wp-content\/uploads\/couffouleux.jpg?resize=208%2C300&amp;ssl=1 208w, https:\/\/i0.wp.com\/www.o-p-i.fr\/parlonsen\/wp-content\/uploads\/couffouleux.jpg?w=506&amp;ssl=1 506w\" sizes=\"auto, (max-width: 208px) 100vw, 208px\" \/><\/a><figcaption id=\"caption-attachment-24708\" class=\"wp-caption-text\">Lecture Voyages Po\u00e8mes et nouvelles A. Ch\u00e9did<\/figcaption><\/figure>\n<p><em>Travers\u00e9e imaginaire de terres int\u00e9rieures<br \/>\nAvec la femme des longues patiences<br \/>\nAu fond d\u2019un visage<br \/>\nEn partance dans le temps de l\u2019enfance<br \/>\nPour survivre<br \/>\nParce qu\u2019il y a des matins o\u00f9 l\u2019on dit aime<br \/>\nParce qu\u2019il y a des matins o\u00f9 l\u2019on dit je me souviens<br \/>\nSans nostalgie<br \/>\nAlors en piste&#8230;<\/em><\/p>\n<p style=\"text-align: justify;\">N\u00e9e en 1920 au Caire, d\u2019origine syro-libanaise, Andr\u00e9e Ch\u00e9did a v\u00e9cu au Liban et en France. Son \u0153uvre porte les marques de ce multiculturalisme. Romanci\u00e8re, nouvelliste, dramaturge et po\u00e8te, ses nombreux ouvrages c\u00e9l\u00e8brent la vie, questionnent la condition humaine, les liens qui tissent l\u2019individu au monde.<br \/>\nAndr\u00e9e Ch\u00e9did est d\u00e9c\u00e9d\u00e9e en 2011.<\/p>\n<p><strong>Contact :<\/strong> Compagnie du Morse<br \/>\nCourriel : <a href=\"mailto:contact@ciedumorse.com\">contact@ciedumorse.com<\/a><br \/>\nSite : <a title=\"Ouvre le site dans une nouvelle fen\u00eatre\" href=\"http:\/\/compagniedumorse.jimdo.com\" target=\"_blank\">http:\/\/compagniedumorse.jimdo.com<\/a><br \/>\nFacebook : <a title=\"Ouvre le site dans une nouvelle fen\u00eatre\" href=\"https:\/\/www.facebook.com\/events\/881642361856424\/?ref_newsfeed_story_type=regular\" target=\"_blank\">https:\/\/www.facebook.com\/events\/881642361856424\/?ref_newsfeed_story_type=regular<\/a><\/p>\n<p><em>Communiqu\u00e9\u00a0 d&rsquo;Anne Colin, Directrice artistique &#8211; Com\u00e9dienne &#8211; Metteur en sc\u00e8ne<\/em><\/p>\n","protected":false},"excerpt":{"rendered":"<div class=\"mh-excerpt\">Voyage Po\u00e8mes et Nouvelles d&rsquo;Andr\u00e9e Chedid avec La Compagnie du Morse vendredi 30 janvier 2015, Salle Polyvalente de Couffouleux.<\/div>\n","protected":false},"author":2,"featured_media":0,"comment_status":"open","ping_status":"open","sticky":false,"template":"","format":"standard","meta":{"om_disable_all_campaigns":false,"advanced_seo_description":"","jetpack_seo_html_title":"","jetpack_seo_noindex":false,"_jetpack_memberships_contains_paid_content":false,"footnotes":"","_links_to":"","_links_to_target":""},"categories":[42,1,54,2175],"tags":[94,148,330,345,2038,2207],"class_list":{"0":"post-24707","1":"post","2":"type-post","3":"status-publish","4":"format-standard","6":"category-a-cote-de-chez-nous","7":"category-culture","8":"category-loisirs","9":"category-n-106-janvier-2015","10":"tag-lecture","11":"tag-couffouleux","12":"tag-rencontre","13":"tag-compagnie-du-morse","14":"tag-auberge-espagnole","15":"tag-andree-chedid"},"jetpack_featured_media_url":"","views":{"total":0,"cached_at":"","cached_date":1738351693},"jetpack_likes_enabled":true,"jetpack_sharing_enabled":true,"jetpack_shortlink":"https:\/\/wp.me\/pg7Wxj-6qv","jetpack-related-posts":[],"_links":{"self":[{"href":"https:\/\/www.o-p-i.fr\/parlonsen\/wp-json\/wp\/v2\/posts\/24707","targetHints":{"allow":["GET"]}}],"collection":[{"href":"https:\/\/www.o-p-i.fr\/parlonsen\/wp-json\/wp\/v2\/posts"}],"about":[{"href":"https:\/\/www.o-p-i.fr\/parlonsen\/wp-json\/wp\/v2\/types\/post"}],"author":[{"embeddable":true,"href":"https:\/\/www.o-p-i.fr\/parlonsen\/wp-json\/wp\/v2\/users\/2"}],"replies":[{"embeddable":true,"href":"https:\/\/www.o-p-i.fr\/parlonsen\/wp-json\/wp\/v2\/comments?post=24707"}],"version-history":[{"count":0,"href":"https:\/\/www.o-p-i.fr\/parlonsen\/wp-json\/wp\/v2\/posts\/24707\/revisions"}],"wp:attachment":[{"href":"https:\/\/www.o-p-i.fr\/parlonsen\/wp-json\/wp\/v2\/media?parent=24707"}],"wp:term":[{"taxonomy":"category","embeddable":true,"href":"https:\/\/www.o-p-i.fr\/parlonsen\/wp-json\/wp\/v2\/categories?post=24707"},{"taxonomy":"post_tag","embeddable":true,"href":"https:\/\/www.o-p-i.fr\/parlonsen\/wp-json\/wp\/v2\/tags?post=24707"}],"curies":[{"name":"wp","href":"https:\/\/api.w.org\/{rel}","templated":true}]}}