{"id":24712,"date":"2015-01-30T17:31:43","date_gmt":"2015-01-30T15:31:43","guid":{"rendered":"\/parlonsen\/?p=24712"},"modified":"2015-01-22T19:10:47","modified_gmt":"2015-01-22T17:10:47","slug":"journee-de-peche-a-la-truite-a-puygaillard-de-quercy-82","status":"publish","type":"post","link":"https:\/\/www.o-p-i.fr\/parlonsen\/localisation\/au-pays-des-tescous\/puygaillard-de-quercy\/journee-de-peche-a-la-truite-a-puygaillard-de-quercy-82\/","title":{"rendered":"Journ\u00e9e de P\u00eache \u00e0 la Truite &#8230; \u00e0 Puygaillard de Quercy (82)"},"content":{"rendered":"<p>L&rsquo;AAPPMA de\u00a0 Penne du Tarn organise un l\u00e2cher de 100 kg de truites le <strong>Samedi 28 F\u00e9vrier 2015<\/strong>. <!--more--><\/p>\n<p><strong>Pour y aller &#8230;<\/strong><br \/>\n<a title=\"Cliquez sur l'adresse pour ouvrir le plan !\" href=\"https:\/\/goo.gl\/maps\/1Szjf\" target=\"_blank\">Lac de M. Dalpra<br \/>\nAl bosc<br \/>\nRoute de Monclar de Quercy<br \/>\n82800 PUYGAILLARD de QUERCY<\/a><\/p>\n<p><strong>Tarifs :<\/strong><br \/>\nRepas sous abri : 10 euros<br \/>\nP\u00eache (la journ\u00e9e) :  10 euros<\/p>\n<p><strong> Contact\u00a0 : <\/strong><abbr \/><a rel=\"bookmark\" href=\"https:\/\/www.o-p-i.fr\/aupays\/annuaire\/loisirs\/aappma-de-penne-du-tarn\/\">AAPPMA de PENNE du TARN<\/a><\/p>\n<div class=\"entry-thumbnails\"><\/div>\n<p><em>Information communiqu\u00e9e par Louis SENNOU, charg\u00e9 officiel de la promotion de cette manifestation.<\/em><\/p>\n","protected":false},"excerpt":{"rendered":"<div class=\"mh-excerpt\">L&rsquo;AAPPMA de\u00a0 Penne du Tarn organise un l\u00e2cher de 100 kg de truites le Samedi 28 F\u00e9vrier 2015.<\/div>\n","protected":false},"author":2,"featured_media":0,"comment_status":"open","ping_status":"open","sticky":false,"template":"","format":"standard","meta":{"om_disable_all_campaigns":false,"advanced_seo_description":"","jetpack_seo_html_title":"","jetpack_seo_noindex":false,"_jetpack_memberships_contains_paid_content":false,"footnotes":"","_links_to":"","_links_to_target":""},"categories":[54,53,33,2176],"tags":[1804,167,662,862,2556],"class_list":{"0":"post-24712","1":"post","2":"type-post","3":"status-publish","4":"format-standard","6":"category-loisirs","7":"category-sports","8":"category-puygaillard-de-quercy","9":"category-n-107-fevrier-2015","10":"tag-concours-de-peche","11":"tag-peche","12":"tag-penne-sur-tarn","13":"tag-truite","14":"tag-puygaillard-de-quercy"},"jetpack_featured_media_url":"","views":{"total":0,"cached_at":"","cached_date":1738290250},"jetpack_likes_enabled":true,"jetpack_sharing_enabled":true,"jetpack_shortlink":"https:\/\/wp.me\/pg7Wxj-6qA","jetpack-related-posts":[],"_links":{"self":[{"href":"https:\/\/www.o-p-i.fr\/parlonsen\/wp-json\/wp\/v2\/posts\/24712","targetHints":{"allow":["GET"]}}],"collection":[{"href":"https:\/\/www.o-p-i.fr\/parlonsen\/wp-json\/wp\/v2\/posts"}],"about":[{"href":"https:\/\/www.o-p-i.fr\/parlonsen\/wp-json\/wp\/v2\/types\/post"}],"author":[{"embeddable":true,"href":"https:\/\/www.o-p-i.fr\/parlonsen\/wp-json\/wp\/v2\/users\/2"}],"replies":[{"embeddable":true,"href":"https:\/\/www.o-p-i.fr\/parlonsen\/wp-json\/wp\/v2\/comments?post=24712"}],"version-history":[{"count":0,"href":"https:\/\/www.o-p-i.fr\/parlonsen\/wp-json\/wp\/v2\/posts\/24712\/revisions"}],"wp:attachment":[{"href":"https:\/\/www.o-p-i.fr\/parlonsen\/wp-json\/wp\/v2\/media?parent=24712"}],"wp:term":[{"taxonomy":"category","embeddable":true,"href":"https:\/\/www.o-p-i.fr\/parlonsen\/wp-json\/wp\/v2\/categories?post=24712"},{"taxonomy":"post_tag","embeddable":true,"href":"https:\/\/www.o-p-i.fr\/parlonsen\/wp-json\/wp\/v2\/tags?post=24712"}],"curies":[{"name":"wp","href":"https:\/\/api.w.org\/{rel}","templated":true}]}}