{"id":2483,"date":"2010-03-01T13:56:04","date_gmt":"2010-03-01T11:56:04","guid":{"rendered":"\/parlonsen\/?p=2483"},"modified":"2010-03-08T22:56:23","modified_gmt":"2010-03-08T20:56:23","slug":"repas-dansant-costume-a-monclar-de-quercy","status":"publish","type":"post","link":"https:\/\/www.o-p-i.fr\/parlonsen\/localisation\/au-pays-des-tescous\/monclar\/repas-dansant-costume-a-monclar-de-quercy\/","title":{"rendered":"Repas dansant costum\u00e9 &#8230; \u00e0 Monclar de Quercy"},"content":{"rendered":"<p>L&rsquo;association des parents d&rsquo;\u00e9l\u00e8ves de l&rsquo;<span style=\"color: #33cccc;\"><strong>\u00c9cole Saint Joseph<\/strong> <\/span>organise son 3\u00e8me repas dansant le <span style=\"color: #ff00ff;\"><strong>Samedi 20 Mars<\/strong><\/span>. <!--more--><\/p>\n<figure id=\"attachment_2484\" aria-describedby=\"caption-attachment-2484\" style=\"width: 400px\" class=\"wp-caption alignleft\"><img data-recalc-dims=\"1\" loading=\"lazy\" decoding=\"async\" class=\"size-full wp-image-2484\" title=\"Samedi 20 Mars 2010\" src=\"https:\/\/i0.wp.com\/www.o-p-i.fr\/parlonsen\/wp-content\/uploads\/repas-dansant_2010.jpg?resize=400%2C559&#038;ssl=1\" alt=\"Samedi 20 Mars 2010\" width=\"400\" height=\"559\" srcset=\"https:\/\/i0.wp.com\/www.o-p-i.fr\/parlonsen\/wp-content\/uploads\/repas-dansant_2010.jpg?w=400&amp;ssl=1 400w, https:\/\/i0.wp.com\/www.o-p-i.fr\/parlonsen\/wp-content\/uploads\/repas-dansant_2010.jpg?resize=214%2C300&amp;ssl=1 214w\" sizes=\"auto, (max-width: 400px) 100vw, 400px\" \/><figcaption id=\"caption-attachment-2484\" class=\"wp-caption-text\">Samedi 20 Mars 2010<\/figcaption><\/figure>\n<p>Avec un menu qui marque la fin de l&rsquo;hiver et l&rsquo;arriv\u00e9e du printemps\u00a0 ce moment se veut un moment de partages et de rires !<\/p>\n<p>Animation musicale.<\/p>\n<p><span style=\"color: #ff00ff;\"><strong>Tarifs :<\/strong><\/span><br \/>\nAdultes : 15\u20ac<br \/>\nEnfants : 5\u20ac<\/p>\n<p><strong>Pensez \u00e0 r\u00e9server votre table !<\/strong><\/p>\n<p>T\u00e9l. : <a href=\"https:\/\/www.o-p-i.fr\/aupays\/nos-villages\/monclar-de-quercy\/office-du-tourisme\/\">Office du Tourisme du Quercy Vert<\/a><br \/>\nInternet : <a href=\"https:\/\/www.o-p-i.fr\/aupays\/nos-villages\/monclar-de-quercy\/reservation-repas-dansant-monclar\/\" target=\"_blank\">en cliquant ici<\/a><\/p>\n<p><em>Communiqu\u00e9 de\u00a0 l&rsquo;APEL Saint-Joseph<\/em><\/p>\n<p><span style=\"color: #000000;\"><strong>Rappel !!! Carnaval des \u00e9coles \u00e0 Monclar de Quercy : Vendredi 19 Mars. Th\u00e8me : le Cirque <\/strong><\/span><\/p>\n<p><span style=\"color: #000000;\"><strong><br \/>\n<\/strong><\/span><\/p>\n<p><a href=\"https:\/\/www.o-p-i.fr\/parlonsen\/agenda\/\"><strong>Retrouvez tous les \u00e9v\u00e8nements dans l&rsquo;agenda !<\/strong><\/a><\/p>\n","protected":false},"excerpt":{"rendered":"<div class=\"mh-excerpt\">L&rsquo;association des parents d&rsquo;\u00e9l\u00e8ves de l&rsquo;\u00c9cole Saint Joseph organise son 3\u00e8me repas dansant le Samedi 20 Mars.<\/div>\n","protected":false},"author":2,"featured_media":0,"comment_status":"open","ping_status":"open","sticky":false,"template":"","format":"standard","meta":{"om_disable_all_campaigns":false,"advanced_seo_description":"","jetpack_seo_html_title":"","jetpack_seo_noindex":false,"_jetpack_memberships_contains_paid_content":false,"footnotes":"","_links_to":"","_links_to_target":""},"categories":[16,54,356],"tags":[143,156,157,323,2572],"class_list":{"0":"post-2483","1":"post","2":"type-post","3":"status-publish","4":"format-standard","6":"category-monclar","7":"category-loisirs","8":"category-n-47-mars-2010","9":"tag-monclar-de-quercy","10":"tag-bal","11":"tag-repas","12":"tag-enfant","13":"tag-carnaval"},"jetpack_featured_media_url":"","views":{"total":0,"cached_at":"","cached_date":1738514578},"jetpack_likes_enabled":true,"jetpack_sharing_enabled":true,"jetpack_shortlink":"https:\/\/wp.me\/pg7Wxj-E3","jetpack-related-posts":[],"_links":{"self":[{"href":"https:\/\/www.o-p-i.fr\/parlonsen\/wp-json\/wp\/v2\/posts\/2483","targetHints":{"allow":["GET"]}}],"collection":[{"href":"https:\/\/www.o-p-i.fr\/parlonsen\/wp-json\/wp\/v2\/posts"}],"about":[{"href":"https:\/\/www.o-p-i.fr\/parlonsen\/wp-json\/wp\/v2\/types\/post"}],"author":[{"embeddable":true,"href":"https:\/\/www.o-p-i.fr\/parlonsen\/wp-json\/wp\/v2\/users\/2"}],"replies":[{"embeddable":true,"href":"https:\/\/www.o-p-i.fr\/parlonsen\/wp-json\/wp\/v2\/comments?post=2483"}],"version-history":[{"count":0,"href":"https:\/\/www.o-p-i.fr\/parlonsen\/wp-json\/wp\/v2\/posts\/2483\/revisions"}],"wp:attachment":[{"href":"https:\/\/www.o-p-i.fr\/parlonsen\/wp-json\/wp\/v2\/media?parent=2483"}],"wp:term":[{"taxonomy":"category","embeddable":true,"href":"https:\/\/www.o-p-i.fr\/parlonsen\/wp-json\/wp\/v2\/categories?post=2483"},{"taxonomy":"post_tag","embeddable":true,"href":"https:\/\/www.o-p-i.fr\/parlonsen\/wp-json\/wp\/v2\/tags?post=2483"}],"curies":[{"name":"wp","href":"https:\/\/api.w.org\/{rel}","templated":true}]}}