{"id":24933,"date":"2015-02-04T22:50:29","date_gmt":"2015-02-04T20:50:29","guid":{"rendered":"\/parlonsen\/?p=24933"},"modified":"2015-03-02T10:49:49","modified_gmt":"2015-03-02T09:49:49","slug":"fete-des-%c2%abamis-du-cinema-%c2%bb-a-monclar-de-quercy-82","status":"publish","type":"post","link":"https:\/\/www.o-p-i.fr\/parlonsen\/parlons-en\/culture\/fete-des-%c2%abamis-du-cinema-%c2%bb-a-monclar-de-quercy-82\/","title":{"rendered":"F\u00eate des \u00abAmis du cin\u00e9ma\u00bb &#8230; \u00e0 Monclar de Quercy (82)"},"content":{"rendered":"<p>Le <strong>samedi 14 f\u00e9vrier 2015 <\/strong>\u00e0 16h\u00a0 avec en 1\u00e8re partie, The Party,\u00a0 le film culte de Blake Edwards, suivi de l&rsquo;AG.<!--more--><\/p>\n<figure id=\"attachment_24934\" aria-describedby=\"caption-attachment-24934\" style=\"width: 224px\" class=\"wp-caption alignright\"><a href=\"https:\/\/i0.wp.com\/www.o-p-i.fr\/parlonsen\/wp-content\/uploads\/theparty.jpg?ssl=1\"><img data-recalc-dims=\"1\" loading=\"lazy\" decoding=\"async\" class=\"size-medium wp-image-24934\" title=\"The party. Blake Edwards\" src=\"https:\/\/i0.wp.com\/www.o-p-i.fr\/parlonsen\/wp-content\/uploads\/theparty.jpg?resize=224%2C300&#038;ssl=1\" alt=\"The party. Blake Edwards\" width=\"224\" height=\"300\" srcset=\"https:\/\/i0.wp.com\/www.o-p-i.fr\/parlonsen\/wp-content\/uploads\/theparty.jpg?resize=224%2C300&amp;ssl=1 224w, https:\/\/i0.wp.com\/www.o-p-i.fr\/parlonsen\/wp-content\/uploads\/theparty.jpg?w=522&amp;ssl=1 522w\" sizes=\"auto, (max-width: 224px) 100vw, 224px\" \/><\/a><figcaption id=\"caption-attachment-24934\" class=\"wp-caption-text\">The party. Blake Edwards<\/figcaption><\/figure>\n<p><strong>The Party<\/strong><br \/>\nBlake Edwards (1968)<\/p>\n<p>Un acteur indien, nomm\u00e9 Hrundi V. Bakshi, est recrut\u00e9 par un studio hollywoodien pour jouer un soldat indig\u00e8ne dans un remake de Gunga Din. Lors du tournage, cet homme tr\u00e8s maladroit d\u00e9truit un des d\u00e9cors tr\u00e8s co\u00fbteux du film.<\/p>\n<p>Le producteur tr\u00e8s f\u00e2ch\u00e9 contre le com\u00e9dien de second ordre demande qu&rsquo;on le note sur une liste noire. Suite \u00e0 une erreur-quiproquo du studio, Hrundi se retrouve invit\u00e9 \u00e0 la f\u00eate annuelle du studio, \u00e0 Hollywood. Pendant la f\u00eate, le com\u00e9dien accumule les gaffes mais n&rsquo;est pas le seul&#8230;<\/p>\n<p>T\u00e9l\u00e9rama : <em>Comment diable les critiques de l&rsquo;\u00e9poque ont-ils pu accueillir aussi froidement ce chef-d\u2019\u0153uvre de la com\u00e9die am\u00e9ricaine ? Construit sur le mode du crescendo vorace, La Party est une succession de gags visuels m\u00e9taphoriques d&rsquo;une remarquable intelligence.<br \/>\n<\/em>Critikat.com : <em>The Party est une coupe de Champagne o\u00f9 chaque bulle attend son tour pour revenir discr\u00e8tement \u00e0 la surface, avant d\u2019\u00e9clater tels des feux d\u2019artifices dans un palais en croissante euphorie.<br \/>\n<\/em>Les Inrockuptibles :<em> Un chef-d\u2019\u0153uvre cultissime de la com\u00e9die au cin\u00e9ma et de la pop culture.<br \/>\n<\/em>FilmdeCulte.com : <em>C\u2019est l\u2019ad\u00e9quation des facteurs humains (artistiques) et techniques qui ont propuls\u00e9 cette com\u00e9die au rang de culte incroyable qu\u2019il occupe aujourd\u2019hui.<\/em><\/p>\n<p>\u00c0 18h, en deuxi\u00e8me partie, les rapports moral et financier 2014 de l\u2019association, suivis du pot de l\u2019amiti\u00e9.<\/p>\n<p><strong>Tarifs :<\/strong><br \/>\nGratuit<\/p>\n<p><strong>Contact : <\/strong><a href=\"https:\/\/www.o-p-i.fr\/aupays\/annuaire\/loisirs\/cine-monclar\/\" rel=\"bookmark\">Cin\u00e9 Monclar<\/a><\/p>\n<div class=\"entry-thumbnails\"><a href=\"https:\/\/www.o-p-i.fr\/aupays\/annuaire\/loisirs\/cine-monclar\/\"><img decoding=\"async\" title=\"Cin\u00e9 Monclar\" src=\"https:\/\/www.o-p-i.fr\/aupays\/wp-content\/themes\/arras-theme\/library\/timthumb.php?src=https:\/\/www.o-p-i.fr\/aupays\/wp-content\/uploads\/logo_cinemonclar1.jpg&amp;w=190&amp;h=100&amp;zc=1\" alt=\"Cin\u00e9 Monclar\" \/><\/a><span class=\"entry-meta\"><abbr class=\"published\" title=\"2015-02-04T22:01:18+01:00\">&#8230;<\/abbr><\/span><\/div>\n<p><em>Communiqu\u00e9\u00a0 de Jacques Tr\u00e9pagny pour \u00ab Les Amis du cin\u00e9ma de Monclar \u00bb<\/em><\/p>\n","protected":false},"excerpt":{"rendered":"<div class=\"mh-excerpt\">Le samedi 14 f\u00e9vrier 2015 \u00e0 16h\u00a0 avec en 1\u00e8re partie, The Party,\u00a0 le film culte de Blake Edwards, suivi de l&rsquo;AG.<\/div>\n","protected":false},"author":2,"featured_media":0,"comment_status":"open","ping_status":"open","sticky":false,"template":"","format":"standard","meta":{"om_disable_all_campaigns":false,"advanced_seo_description":"","jetpack_seo_html_title":"","jetpack_seo_noindex":false,"_jetpack_memberships_contains_paid_content":false,"footnotes":"","_links_to":"","_links_to_target":""},"categories":[1,16,54,6,2176],"tags":[92,143,502,1768],"class_list":{"0":"post-24933","1":"post","2":"type-post","3":"status-publish","4":"format-standard","6":"category-culture","7":"category-monclar","8":"category-loisirs","9":"category-pratique","10":"category-n-107-fevrier-2015","11":"tag-cine","12":"tag-monclar-de-quercy","13":"tag-ag","14":"tag-cinemonclar"},"jetpack_featured_media_url":"","views":{"total":0,"cached_at":"","cached_date":1738420138},"jetpack_likes_enabled":true,"jetpack_sharing_enabled":true,"jetpack_shortlink":"https:\/\/wp.me\/pg7Wxj-6u9","jetpack-related-posts":[],"_links":{"self":[{"href":"https:\/\/www.o-p-i.fr\/parlonsen\/wp-json\/wp\/v2\/posts\/24933","targetHints":{"allow":["GET"]}}],"collection":[{"href":"https:\/\/www.o-p-i.fr\/parlonsen\/wp-json\/wp\/v2\/posts"}],"about":[{"href":"https:\/\/www.o-p-i.fr\/parlonsen\/wp-json\/wp\/v2\/types\/post"}],"author":[{"embeddable":true,"href":"https:\/\/www.o-p-i.fr\/parlonsen\/wp-json\/wp\/v2\/users\/2"}],"replies":[{"embeddable":true,"href":"https:\/\/www.o-p-i.fr\/parlonsen\/wp-json\/wp\/v2\/comments?post=24933"}],"version-history":[{"count":0,"href":"https:\/\/www.o-p-i.fr\/parlonsen\/wp-json\/wp\/v2\/posts\/24933\/revisions"}],"wp:attachment":[{"href":"https:\/\/www.o-p-i.fr\/parlonsen\/wp-json\/wp\/v2\/media?parent=24933"}],"wp:term":[{"taxonomy":"category","embeddable":true,"href":"https:\/\/www.o-p-i.fr\/parlonsen\/wp-json\/wp\/v2\/categories?post=24933"},{"taxonomy":"post_tag","embeddable":true,"href":"https:\/\/www.o-p-i.fr\/parlonsen\/wp-json\/wp\/v2\/tags?post=24933"}],"curies":[{"name":"wp","href":"https:\/\/api.w.org\/{rel}","templated":true}]}}