{"id":25007,"date":"2015-02-18T11:41:39","date_gmt":"2015-02-18T09:41:39","guid":{"rendered":"\/parlonsen\/?p=25007"},"modified":"2015-02-16T18:42:16","modified_gmt":"2015-02-16T16:42:16","slug":"soiree-theatre-1-2-3-sardines-a-saint-nauphary-82","status":"publish","type":"post","link":"https:\/\/www.o-p-i.fr\/parlonsen\/parlons-en\/culture\/soiree-theatre-1-2-3-sardines-a-saint-nauphary-82\/","title":{"rendered":"Soir\u00e9e Th\u00e9\u00e2tre 1, 2, 3 Sardines &#8230; \u00e0 Saint-Nauphary (82)"},"content":{"rendered":"<p>C&rsquo;est encore \u00e0 une belle soir\u00e9e de fous rires que l&rsquo;Association ST NO&rsquo;LIVRES vous convie avec la venue, dans la salle des f\u00eates, de la troupe de th\u00e9\u00e2tre l&rsquo;Apodis de Montbeton, le<strong> samedi 14 mars 2015<\/strong> \u00e0 21h. <!--more--><\/p>\n<figure id=\"attachment_25008\" aria-describedby=\"caption-attachment-25008\" style=\"width: 300px\" class=\"wp-caption alignright\"><a href=\"http:\/\/troupetheatreapodis.free.fr\/\"><img data-recalc-dims=\"1\" loading=\"lazy\" decoding=\"async\" class=\"size-medium wp-image-25008\" title=\"Troupe de Th\u00e9\u00e2tre L'Apodis\" src=\"https:\/\/i0.wp.com\/www.o-p-i.fr\/parlonsen\/wp-content\/uploads\/apodis.jpg?resize=300%2C129&#038;ssl=1\" alt=\"Troupe de Th\u00e9\u00e2tre L'Apodis\" width=\"300\" height=\"129\" srcset=\"https:\/\/i0.wp.com\/www.o-p-i.fr\/parlonsen\/wp-content\/uploads\/apodis.jpg?resize=300%2C129&amp;ssl=1 300w, https:\/\/i0.wp.com\/www.o-p-i.fr\/parlonsen\/wp-content\/uploads\/apodis.jpg?w=576&amp;ssl=1 576w\" sizes=\"auto, (max-width: 300px) 100vw, 300px\" \/><\/a><figcaption id=\"caption-attachment-25008\" class=\"wp-caption-text\">Troupe de Th\u00e9\u00e2tre L&#39;Apodis<\/figcaption><\/figure>\n<p style=\"text-align: justify;\">Un comique de situations, des quiproquos, des malentendus, tout y est.<br \/>\n1,2,3 Sardines est une pi\u00e8ce \u00e9crite par Sylvie Audcoeur, Olivier Yeni et David Basant et qui s&rsquo;inspire des personnes qui ont r\u00e9colt\u00e9 des millions au d\u00e9but des ann\u00e9es 2000 en cr\u00e9ant des start-up. C&rsquo;est une com\u00e9die tous publics avec une mise en sc\u00e8ne de Didier Garric.<br \/>\nSi les h\u00f4tels ont leurs \u00e9toiles ; les chalutiers ont leurs sardines. La bo\u00eete  \u00ab Natureetlittoral.com \u00bb, Vincent Bertin l&rsquo;a mont\u00e9e depuis deux ans, elle s&rsquo;appr\u00eate enfin \u00e0 entrer en bourse&#8230; mais le principal investisseur l\u00e2che l&rsquo;affaire !!! comment faire ? L\u00e0-dessus, sa femme est \u00e0 la limite de la crise de nerf, ses enfants sont insupportables, la fille au pair est \u00ab \u00e0 l&rsquo;ouest \u00bb et son meilleur amis squatte chez lui&#8230; Pour savoir comment cela va finir, venez nombreux les voir samedi 14 mars \u00e0 21 heures \u00e0 la Salle des F\u00eates.<\/p>\n<p>Apr\u00e8s la repr\u00e9sentation th\u00e9\u00e2trale, l\u2019association ST NO\u2019LIVRES vous propose de partager le verre de l\u2019amiti\u00e9 avec les com\u00e9diens.<\/p>\n<p><strong>Tarifs :<\/strong><br \/>\nAdh\u00e9rents : 6 \u20ac *  **<br \/>\nAdultes : 8 \u20ac<br \/>\nEnfants de 6 \u00e0 18 ans : 5 \u20ac,\u00a0 gratuit pour les enfants de moins de 6 ans.<\/p>\n<p>* adh\u00e9rent \u00e0 jour de sa cotisation depuis septembre 2014<br \/>\n** valable pour l&rsquo;adh\u00e9rent et son conjoint<\/p>\n<p><strong>Contact : <\/strong><a title=\"Cliquez pour ouvrir la fiche dans l'annuaire\" href=\"https:\/\/www.o-p-i.fr\/aupays\/annuaire\/loisirs\/mediatheque-%E2%80%A6-a-saint-nauphary\/\">M\u00e9diath\u00e8que de Saint-Nauhary<\/a><\/p>\n<p><em>Communiqu\u00e9 de Isabelle SERNY<\/em><br \/>\n<em>Source image : <a title=\"Ouvre le site dans une nouvelle fen\u00eatre\" href=\"http:\/\/troupetheatreapodis.free.fr\/\" target=\"_blank\">http:\/\/troupetheatreapodis.free.fr\/<\/a><\/em><\/p>\n","protected":false},"excerpt":{"rendered":"<div class=\"mh-excerpt\">C&rsquo;est encore \u00e0 une belle soir\u00e9e de fous rires que l&rsquo;Association ST NO&rsquo;LIVRES vous convie avec la venue, dans la salle des f\u00eates, de la troupe de th\u00e9\u00e2tre l&rsquo;Apodis de Montbeton, le samedi 14 mars <a class=\"mh-excerpt-more\" href=\"https:\/\/www.o-p-i.fr\/parlonsen\/parlons-en\/culture\/soiree-theatre-1-2-3-sardines-a-saint-nauphary-82\/\" title=\"Soir\u00e9e Th\u00e9\u00e2tre 1, 2, 3 Sardines &#8230; \u00e0 Saint-Nauphary (82)\">[&#8230;]<\/a><\/div>\n","protected":false},"author":2,"featured_media":0,"comment_status":"open","ping_status":"open","sticky":false,"template":"","format":"standard","meta":{"om_disable_all_campaigns":false,"advanced_seo_description":"","jetpack_seo_html_title":"","jetpack_seo_noindex":false,"_jetpack_memberships_contains_paid_content":false,"footnotes":"","_links_to":"","_links_to_target":""},"categories":[1,54,17,2177],"tags":[57,2542,132,2270],"class_list":{"0":"post-25007","1":"post","2":"type-post","3":"status-publish","4":"format-standard","6":"category-culture","7":"category-loisirs","8":"category-saint_nauphary","9":"category-n-108-mars-2015","10":"tag-theatre","11":"tag-saint_nauphary","12":"tag-spectacle","13":"tag-start-up"},"jetpack_featured_media_url":"","views":{"total":0,"cached_at":"","cached_date":1738465735},"jetpack_likes_enabled":true,"jetpack_sharing_enabled":true,"jetpack_shortlink":"https:\/\/wp.me\/pg7Wxj-6vl","jetpack-related-posts":[],"_links":{"self":[{"href":"https:\/\/www.o-p-i.fr\/parlonsen\/wp-json\/wp\/v2\/posts\/25007","targetHints":{"allow":["GET"]}}],"collection":[{"href":"https:\/\/www.o-p-i.fr\/parlonsen\/wp-json\/wp\/v2\/posts"}],"about":[{"href":"https:\/\/www.o-p-i.fr\/parlonsen\/wp-json\/wp\/v2\/types\/post"}],"author":[{"embeddable":true,"href":"https:\/\/www.o-p-i.fr\/parlonsen\/wp-json\/wp\/v2\/users\/2"}],"replies":[{"embeddable":true,"href":"https:\/\/www.o-p-i.fr\/parlonsen\/wp-json\/wp\/v2\/comments?post=25007"}],"version-history":[{"count":0,"href":"https:\/\/www.o-p-i.fr\/parlonsen\/wp-json\/wp\/v2\/posts\/25007\/revisions"}],"wp:attachment":[{"href":"https:\/\/www.o-p-i.fr\/parlonsen\/wp-json\/wp\/v2\/media?parent=25007"}],"wp:term":[{"taxonomy":"category","embeddable":true,"href":"https:\/\/www.o-p-i.fr\/parlonsen\/wp-json\/wp\/v2\/categories?post=25007"},{"taxonomy":"post_tag","embeddable":true,"href":"https:\/\/www.o-p-i.fr\/parlonsen\/wp-json\/wp\/v2\/tags?post=25007"}],"curies":[{"name":"wp","href":"https:\/\/api.w.org\/{rel}","templated":true}]}}