{"id":25021,"date":"2015-02-17T18:23:56","date_gmt":"2015-02-17T16:23:56","guid":{"rendered":"\/parlonsen\/?p=25021"},"modified":"2015-02-16T20:40:38","modified_gmt":"2015-02-16T18:40:38","slug":"la-mala-cabeza-a-salvagnac-81","status":"publish","type":"post","link":"https:\/\/www.o-p-i.fr\/parlonsen\/parlons-en\/culture\/la-mala-cabeza-a-salvagnac-81\/","title":{"rendered":"La Mala Cabeza &#8230; \u00e0 Salvagnac (81)"},"content":{"rendered":"<p>Tango d\u00e9g\u00e9n\u00e9r\u00e9 directement venu d&rsquo;Argentine : <strong>Samedi 21 F\u00e9vrier 2015<\/strong> au Galetas. <!--more--><\/p>\n<figure id=\"attachment_25022\" aria-describedby=\"caption-attachment-25022\" style=\"width: 300px\" class=\"wp-caption alignright\"><img data-recalc-dims=\"1\" loading=\"lazy\" decoding=\"async\" class=\"size-medium wp-image-25022\" title=\"La Mala Cabeza \" src=\"https:\/\/i0.wp.com\/www.o-p-i.fr\/parlonsen\/wp-content\/uploads\/lamalacabeza.jpg?resize=300%2C226&#038;ssl=1\" alt=\"La Mala Cabeza \" width=\"300\" height=\"226\" srcset=\"https:\/\/i0.wp.com\/www.o-p-i.fr\/parlonsen\/wp-content\/uploads\/lamalacabeza.jpg?resize=300%2C226&amp;ssl=1 300w, https:\/\/i0.wp.com\/www.o-p-i.fr\/parlonsen\/wp-content\/uploads\/lamalacabeza.jpg?w=800&amp;ssl=1 800w\" sizes=\"auto, (max-width: 300px) 100vw, 300px\" \/><figcaption id=\"caption-attachment-25022\" class=\"wp-caption-text\">La Mala Cabeza <\/figcaption><\/figure>\n<p style=\"text-align: justify;\">Ils sont deux, directement venus  d&rsquo;Argentine : Appollonio, le chanteur \u00e0 la voix rocailleuse, au pass\u00e9  plus que trouble, au sourire enj\u00f4leur et Marcellino, l&rsquo;accord\u00e9oniste au  doigt\u00e9 p\u00e9n\u00e9trant, et aux petites activit\u00e9s extra-musicales gu\u00e8re plus  honn\u00eates que celles de son comp\u00e8re.<\/p>\n<p>Ils vous entraineront dans leur spectacle intimiste et \u00e9l\u00e9gant, entre tour de chant et cabaret&#8230;<\/p>\n<p>Repas maison : 19h30<\/p>\n<p><strong>Tarifs :<\/strong><br \/>\nRepas : 7.50\u20ac  (5,00 \u20ac pour les &#8211; de 12 ans)<br \/>\nConcert : 7.50\u20ac  (5,00 \u20ac pour les &#8211; de 12 ans)<\/p>\n<p><strong>Contact : <\/strong>Le Galetas<br \/>\nAncien presbyt\u00e8re<br \/>\nPlace de l\u2019\u00c9glise<br \/>\n81630 Salvagnac<br \/>\nT\u00e9l. :\u00a0 06 78 30 92 81<br \/>\nCourriel : <a href=\"mailto:galetas.salvagnac@gmail.com\">galetas.salvagnac@gmail.com<\/a><\/p>\n<p><em>Communiqu\u00e9 par le Galetas<\/em><\/p>\n<p><strong> <\/strong><\/p>\n","protected":false},"excerpt":{"rendered":"<div class=\"mh-excerpt\">Tango d\u00e9g\u00e9n\u00e9r\u00e9 directement venu d&rsquo;Argentine : Samedi 21 F\u00e9vrier 2015 au Galetas.<\/div>\n","protected":false},"author":2,"featured_media":0,"comment_status":"open","ping_status":"open","sticky":false,"template":"","format":"standard","meta":{"om_disable_all_campaigns":false,"advanced_seo_description":"","jetpack_seo_html_title":"","jetpack_seo_noindex":false,"_jetpack_memberships_contains_paid_content":false,"footnotes":"","_links_to":"","_links_to_target":""},"categories":[1,54,25,2176],"tags":[43,2548,1319],"class_list":{"0":"post-25021","1":"post","2":"type-post","3":"status-publish","4":"format-standard","6":"category-culture","7":"category-loisirs","8":"category-salvagnac","9":"category-n-107-fevrier-2015","10":"tag-concert","11":"tag-salvagnac","12":"tag-le-galetas"},"jetpack_featured_media_url":"","views":{"total":0,"cached_at":"","cached_date":1738533894},"jetpack_likes_enabled":true,"jetpack_sharing_enabled":true,"jetpack_shortlink":"https:\/\/wp.me\/pg7Wxj-6vz","jetpack-related-posts":[],"_links":{"self":[{"href":"https:\/\/www.o-p-i.fr\/parlonsen\/wp-json\/wp\/v2\/posts\/25021","targetHints":{"allow":["GET"]}}],"collection":[{"href":"https:\/\/www.o-p-i.fr\/parlonsen\/wp-json\/wp\/v2\/posts"}],"about":[{"href":"https:\/\/www.o-p-i.fr\/parlonsen\/wp-json\/wp\/v2\/types\/post"}],"author":[{"embeddable":true,"href":"https:\/\/www.o-p-i.fr\/parlonsen\/wp-json\/wp\/v2\/users\/2"}],"replies":[{"embeddable":true,"href":"https:\/\/www.o-p-i.fr\/parlonsen\/wp-json\/wp\/v2\/comments?post=25021"}],"version-history":[{"count":0,"href":"https:\/\/www.o-p-i.fr\/parlonsen\/wp-json\/wp\/v2\/posts\/25021\/revisions"}],"wp:attachment":[{"href":"https:\/\/www.o-p-i.fr\/parlonsen\/wp-json\/wp\/v2\/media?parent=25021"}],"wp:term":[{"taxonomy":"category","embeddable":true,"href":"https:\/\/www.o-p-i.fr\/parlonsen\/wp-json\/wp\/v2\/categories?post=25021"},{"taxonomy":"post_tag","embeddable":true,"href":"https:\/\/www.o-p-i.fr\/parlonsen\/wp-json\/wp\/v2\/tags?post=25021"}],"curies":[{"name":"wp","href":"https:\/\/api.w.org\/{rel}","templated":true}]}}