{"id":25082,"date":"2015-02-24T10:40:06","date_gmt":"2015-02-24T08:40:06","guid":{"rendered":"\/parlonsen\/?p=25082"},"modified":"2015-02-23T20:10:40","modified_gmt":"2015-02-23T18:10:40","slug":"6ieme-salon-du-livre-et-de-la-bd-la-musique-delivre-a-negrepelisse-82","status":"publish","type":"post","link":"https:\/\/www.o-p-i.fr\/parlonsen\/parlons-en\/culture\/6ieme-salon-du-livre-et-de-la-bd-la-musique-delivre-a-negrepelisse-82\/","title":{"rendered":"6i\u00e8me salon du livre et de la BD : la musique d\u00e9livre ! &#8230; \u00e0 N\u00e8grepelisse (82)"},"content":{"rendered":"<p style=\"text-align: justify;\"><strong>Dimanche 1er mars 2015<\/strong>, en avant la musique avec  Pascale Gueillet et chapeau bleu \u00e0 N\u00e8grepelisse.<!--more--><\/p>\n<p style=\"text-align: justify;\">\n<figure id=\"attachment_25083\" aria-describedby=\"caption-attachment-25083\" style=\"width: 244px\" class=\"wp-caption alignright\"><a href=\"https:\/\/i0.wp.com\/www.o-p-i.fr\/parlonsen\/wp-content\/uploads\/pascalegueillet.jpg?ssl=1\"><img data-recalc-dims=\"1\" loading=\"lazy\" decoding=\"async\" class=\"size-full wp-image-25083\" title=\"Pascale Gueillet\" src=\"https:\/\/i0.wp.com\/www.o-p-i.fr\/parlonsen\/wp-content\/uploads\/pascalegueillet.jpg?resize=244%2C194&#038;ssl=1\" alt=\"Pascale Gueillet\" width=\"244\" height=\"194\" \/><\/a><figcaption id=\"caption-attachment-25083\" class=\"wp-caption-text\">Pascale Gueillet<\/figcaption><\/figure>\n<p style=\"text-align: justify;\"><a title=\"En savoir +\" href=\"https:\/\/www.o-p-i.fr\/7alire\/category\/auteurs-contemporains\/%C2%A9-baulny-cadilhac-marie\/\">Marie Baulny Cadilhac<\/a> auteur n\u00e9e dans Le Tarn  vient des Pyr\u00e9n\u00e9es pour nous pr\u00e9senter  \u00ab Caroline de Saint Cricq et Franz Liszt , un amour impossible \u00bb, V\u00e9ronique Martinez aurait souhait\u00e9 nous pr\u00e9senter sa m\u00e9thode ludique pour apprendre le piano&#8230;. et  <a title=\"En savoir +\" href=\"https:\/\/www.o-p-i.fr\/7alire\/category\/auteurs-contemporains\/%C2%A9-gueillet-pascale\/\">Pascale Gueillet<\/a> dit <em>Chapeau Beu<\/em> nous entra\u00eene avec humour et sensibilit\u00e9  dans son univers musical. Des livres disques mais aussi des spectacles. Je pense que l\u2019on commence \u00e0 savoir que N\u00e8grepelisse a une \u00e9cole de musique dynamique dirig\u00e9e par Isabelle Faure&#8230;. et un salon du livre ouvert \u00e0 toutes les curiosit\u00e9s artistiques.<\/p>\n<p style=\"text-align: justify;\">Pascale Gueillet, auteur-compositeur-interpr\u00e8te pour l\u2019enfance, je vis, cr\u00e9e et con\u00e7ois mes albums en Ari\u00e8ge. Ind\u00e9pendante, j\u2019ai cr\u00e9\u00e9 mon groupe Chapeau bleu en 2003 et vais \u00e0 la rencontre de mon public dans les salons du livre jeunesse. Je tourne en concert en France et en Belgique.<\/p>\n<p style=\"text-align: justify;\">Chaque projet musical fait appel \u00e0 des peintres et graphistes qui illustrent mes chansons avec talent. Leurs univers tous diff\u00e9rents, est un vrai coup de c\u0153ur \u00e0 chaque fois.<\/p>\n<ul>\n<li>La vie de chapeau, chansons \u00e0 swinguer, \u00e0 rire, \u00e0 rock\u2019n&rsquo;roller que les parents \u00e9coutent en cachette, illustr\u00e9 par Benjamin Garreau.<\/li>\n<li>Sur les chapeaux de roues, carnet de voyage musical en quintet, illustr\u00e9 par Andr\u00e9 Pons \/ \u00e9puis\u00e9 \/<\/li>\n<li>Chapotiron, voyage musical et nomade pour l\u2019enfance, \u00e9lu coup de c\u0153ur des biblioth\u00e8ques de la ville de Paris en 2011, illustr\u00e9 par Anneliese Guttenberger<\/li>\n<li>Envole-toi, chansons \u00e0 partager avec les b\u00e9b\u00e9s, coup de c\u0153ur du magazine Montessori \u201cL\u2019enfant et la vie\u201d, illustr\u00e9 par Isabelle Gueillet<\/li>\n<li>A paraitre en Mai 2015 : Chanteline, l\u2019une chante, l\u2019autre dessine, chansons \u00e0 vivre par la toute petite enfance, illustr\u00e9 par Pascale Breysse.<\/li>\n<\/ul>\n<p style=\"text-align: justify;\">Retrouvez Pascale Gueillet et ses cr\u00e9ations dimanche 1er mars au salon du livre  de N\u00e8grepelisse ainsi que sur le site <a href=\"https:\/\/www.o-p-i.fr\/7alire\/\">7 \u00e0 lire !<\/a><\/p>\n<p style=\"text-align: justify;\"><strong>Contact : <\/strong>Chapeau Bleu<br \/>\nT\u00e9l. : 05 34 01 55 85 \/ 06 27 27 57 40<br \/>\nCourriel : <a href=\"mailto:chapeau.bleu@yahoo.fr \">chapeau.bleu@yahoo.fr <\/a><br \/>\nSite : <a title=\"En savoir +\" href=\"http:\/\/www.info-groupe.com\/chapeaubleu\/\">www.info-groupe.com\/chapeaubleu\/<\/a><\/p>\n","protected":false},"excerpt":{"rendered":"<div class=\"mh-excerpt\">Dimanche 1er mars 2015, en avant la musique avec Pascale Gueillet et chapeau bleu \u00e0 N\u00e8grepelisse.<\/div>\n","protected":false},"author":2,"featured_media":0,"comment_status":"open","ping_status":"open","sticky":false,"template":"","format":"standard","meta":{"om_disable_all_campaigns":false,"advanced_seo_description":"","jetpack_seo_html_title":"","jetpack_seo_noindex":false,"_jetpack_memberships_contains_paid_content":false,"footnotes":"","_links_to":"","_links_to_target":""},"categories":[42,1,54,2177],"tags":[100,163,323,678,1141],"class_list":{"0":"post-25082","1":"post","2":"type-post","3":"status-publish","4":"format-standard","6":"category-a-cote-de-chez-nous","7":"category-culture","8":"category-loisirs","9":"category-n-108-mars-2015","10":"tag-negrepelisse","11":"tag-musique","12":"tag-enfant","13":"tag-salon-du-livre","14":"tag-bd"},"jetpack_featured_media_url":"","views":{"total":0,"cached_at":"","cached_date":1738295950},"jetpack_likes_enabled":true,"jetpack_sharing_enabled":true,"jetpack_shortlink":"https:\/\/wp.me\/pg7Wxj-6wy","jetpack-related-posts":[],"_links":{"self":[{"href":"https:\/\/www.o-p-i.fr\/parlonsen\/wp-json\/wp\/v2\/posts\/25082","targetHints":{"allow":["GET"]}}],"collection":[{"href":"https:\/\/www.o-p-i.fr\/parlonsen\/wp-json\/wp\/v2\/posts"}],"about":[{"href":"https:\/\/www.o-p-i.fr\/parlonsen\/wp-json\/wp\/v2\/types\/post"}],"author":[{"embeddable":true,"href":"https:\/\/www.o-p-i.fr\/parlonsen\/wp-json\/wp\/v2\/users\/2"}],"replies":[{"embeddable":true,"href":"https:\/\/www.o-p-i.fr\/parlonsen\/wp-json\/wp\/v2\/comments?post=25082"}],"version-history":[{"count":0,"href":"https:\/\/www.o-p-i.fr\/parlonsen\/wp-json\/wp\/v2\/posts\/25082\/revisions"}],"wp:attachment":[{"href":"https:\/\/www.o-p-i.fr\/parlonsen\/wp-json\/wp\/v2\/media?parent=25082"}],"wp:term":[{"taxonomy":"category","embeddable":true,"href":"https:\/\/www.o-p-i.fr\/parlonsen\/wp-json\/wp\/v2\/categories?post=25082"},{"taxonomy":"post_tag","embeddable":true,"href":"https:\/\/www.o-p-i.fr\/parlonsen\/wp-json\/wp\/v2\/tags?post=25082"}],"curies":[{"name":"wp","href":"https:\/\/api.w.org\/{rel}","templated":true}]}}