{"id":25132,"date":"2015-02-24T14:32:58","date_gmt":"2015-02-24T12:32:58","guid":{"rendered":"\/parlonsen\/?p=25132"},"modified":"2015-02-24T14:32:58","modified_gmt":"2015-02-24T12:32:58","slug":"concert-expo-et-assemblee-generale-de-paysart-a-genebrieres-82","status":"publish","type":"post","link":"https:\/\/www.o-p-i.fr\/parlonsen\/parlons-en\/culture\/concert-expo-et-assemblee-generale-de-paysart-a-genebrieres-82\/","title":{"rendered":"Concert, Expo et Assembl\u00e9e G\u00e9n\u00e9rale de Pays&rsquo;Art &#8230; \u00e0 Genebri\u00e8res (82)"},"content":{"rendered":"<p>L&rsquo;Assembl\u00e9e G\u00e9n\u00e9rale Ordinaire annuelle de l&rsquo;association\u00a0 se tiendra le <strong>samedi 28 f\u00e9vrier 2015<\/strong> \u00e0 19h30 \u00e0 l&rsquo;ESPACE Pays&rsquo;ART au centre village.<!--more--><\/p>\n<p>A cette occasion les artistes qui ont expos\u00e9s \u00e0 l&rsquo;Espace Pays&rsquo;ART  reviendront le temps d&rsquo;un week-end, exposition samedi 28 f\u00e9vrier et  dimanche 1er mars de 14h \u00e0 18h.<\/p>\n<p>Nous terminerons notre assembl\u00e9e g\u00e9n\u00e9rale autour d&rsquo;un pot de l&rsquo;amiti\u00e9.<\/p>\n<p style=\"text-align: justify;\">Notre soir\u00e9e se poursuivra \u00e0 21h avec  LOSDOS, un duo chaleureux, dynamique et sinc\u00e8re, qui revisite chaque  chanson afin de d\u00e9couvrir ou re-d\u00e9couvrir ces grands textes parfois  oubli\u00e9s de la chanson fran\u00e7aise (Gainsbourg, Brassens, Piaf, Aznavour et  bien d&rsquo;autres&#8230;) ainsi que des rumbas espagnoles en passant par le  blues ou un vieil air slave.<\/p>\n<figure id=\"attachment_25133\" aria-describedby=\"caption-attachment-25133\" style=\"width: 724px\" class=\"wp-caption aligncenter\"><a href=\"https:\/\/i0.wp.com\/www.o-p-i.fr\/parlonsen\/wp-content\/uploads\/affiche-expo-ag2015paysart.jpg?ssl=1\"><img data-recalc-dims=\"1\" loading=\"lazy\" decoding=\"async\" class=\"size-full wp-image-25133\" title=\"Espace Pays'ARt \u00e0 Genebri\u00e8res (82)\" src=\"https:\/\/i0.wp.com\/www.o-p-i.fr\/parlonsen\/wp-content\/uploads\/affiche-expo-ag2015paysart.jpg?resize=724%2C1024&#038;ssl=1\" alt=\"Espace Pays'ARt \u00e0 Genebri\u00e8res (82)\" width=\"724\" height=\"1024\" srcset=\"https:\/\/i0.wp.com\/www.o-p-i.fr\/parlonsen\/wp-content\/uploads\/affiche-expo-ag2015paysart.jpg?w=724&amp;ssl=1 724w, https:\/\/i0.wp.com\/www.o-p-i.fr\/parlonsen\/wp-content\/uploads\/affiche-expo-ag2015paysart.jpg?resize=212%2C300&amp;ssl=1 212w\" sizes=\"auto, (max-width: 724px) 100vw, 724px\" \/><\/a><figcaption id=\"caption-attachment-25133\" class=\"wp-caption-text\">Espace Pays&#39;ARt \u00e0 Genebri\u00e8res (82)<\/figcaption><\/figure>\n<p><strong><strong>Tarifs :<\/strong><br \/>\n<\/strong>Entr\u00e9e libre<\/p>\n<p><strong>Contact :<\/strong> <a rel=\"bookmark\" href=\"https:\/\/www.o-p-i.fr\/aupays\/annuaire\/loisirs\/paysart\/\">Pays\u2019ART<\/a><\/p>\n<div class=\"entry-thumbnails\"><a href=\"https:\/\/www.o-p-i.fr\/aupays\/annuaire\/loisirs\/paysart\/\"><img decoding=\"async\" title=\"Pays\u2019ART\" src=\"https:\/\/www.o-p-i.fr\/aupays\/wp-content\/themes\/arras-theme\/library\/timthumb.php?src=https:\/\/www.o-p-i.fr\/aupays\/wp-content\/uploads\/logo-paysart.jpg&amp;w=190&amp;h=100&amp;zc=1\" alt=\"Pays\u2019ART\" \/><\/a><span class=\"entry-meta\"><abbr class=\"published\" title=\"2014-10-01T08:00:47+02:00\">&#8230;<\/abbr><\/span><\/div>\n<h3 class=\"entry-title\"><\/h3>\n<p><em><br \/>\nCommuniqu\u00e9 par le bureau de Pays&rsquo;ART<\/em><\/p>\n","protected":false},"excerpt":{"rendered":"<div class=\"mh-excerpt\">L&rsquo;Assembl\u00e9e G\u00e9n\u00e9rale Ordinaire annuelle de l&rsquo;association\u00a0 se tiendra le samedi 28 f\u00e9vrier 2015 \u00e0 19h30 \u00e0 l&rsquo;ESPACE Pays&rsquo;ART au centre village.<\/div>\n","protected":false},"author":2,"featured_media":0,"comment_status":"open","ping_status":"open","sticky":false,"template":"","format":"standard","meta":{"om_disable_all_campaigns":false,"advanced_seo_description":"","jetpack_seo_html_title":"","jetpack_seo_noindex":false,"_jetpack_memberships_contains_paid_content":false,"footnotes":"","_links_to":"","_links_to_target":""},"categories":[51,1,29,54,6,2176],"tags":[43,121,172,2552,200,502],"class_list":{"0":"post-25132","1":"post","2":"type-post","3":"status-publish","4":"format-standard","6":"category-artisanat","7":"category-culture","8":"category-genebrieres","9":"category-loisirs","10":"category-pratique","11":"category-n-107-fevrier-2015","12":"tag-concert","13":"tag-association","14":"tag-exposition","15":"tag-genebrieres","16":"tag-art","17":"tag-ag"},"jetpack_featured_media_url":"","views":{"total":0,"cached_at":"","cached_date":1738392224},"jetpack_likes_enabled":true,"jetpack_sharing_enabled":true,"jetpack_shortlink":"https:\/\/wp.me\/pg7Wxj-6xm","jetpack-related-posts":[],"_links":{"self":[{"href":"https:\/\/www.o-p-i.fr\/parlonsen\/wp-json\/wp\/v2\/posts\/25132","targetHints":{"allow":["GET"]}}],"collection":[{"href":"https:\/\/www.o-p-i.fr\/parlonsen\/wp-json\/wp\/v2\/posts"}],"about":[{"href":"https:\/\/www.o-p-i.fr\/parlonsen\/wp-json\/wp\/v2\/types\/post"}],"author":[{"embeddable":true,"href":"https:\/\/www.o-p-i.fr\/parlonsen\/wp-json\/wp\/v2\/users\/2"}],"replies":[{"embeddable":true,"href":"https:\/\/www.o-p-i.fr\/parlonsen\/wp-json\/wp\/v2\/comments?post=25132"}],"version-history":[{"count":0,"href":"https:\/\/www.o-p-i.fr\/parlonsen\/wp-json\/wp\/v2\/posts\/25132\/revisions"}],"wp:attachment":[{"href":"https:\/\/www.o-p-i.fr\/parlonsen\/wp-json\/wp\/v2\/media?parent=25132"}],"wp:term":[{"taxonomy":"category","embeddable":true,"href":"https:\/\/www.o-p-i.fr\/parlonsen\/wp-json\/wp\/v2\/categories?post=25132"},{"taxonomy":"post_tag","embeddable":true,"href":"https:\/\/www.o-p-i.fr\/parlonsen\/wp-json\/wp\/v2\/tags?post=25132"}],"curies":[{"name":"wp","href":"https:\/\/api.w.org\/{rel}","templated":true}]}}