{"id":25146,"date":"2015-02-24T15:28:43","date_gmt":"2015-02-24T13:28:43","guid":{"rendered":"\/parlonsen\/?p=25146"},"modified":"2015-03-12T19:29:44","modified_gmt":"2015-03-12T18:29:44","slug":"stage-batucada-a-salvagnac-81","status":"publish","type":"post","link":"https:\/\/www.o-p-i.fr\/parlonsen\/localisation\/au-pays-des-tescous\/salvagnac\/stage-batucada-a-salvagnac-81\/","title":{"rendered":"Stage Batucada &#8230; \u00e0 Salvagnac (81)"},"content":{"rendered":"<p style=\"text-align: justify;\">Stage pour ados et adultes les <strong>14 et 15 Mars 2015 <\/strong>de 14h30 \u00e0 17h30 au Galetas.<!--more--><\/p>\n<figure id=\"attachment_25415\" aria-describedby=\"caption-attachment-25415\" style=\"width: 211px\" class=\"wp-caption alignright\"><a href=\"https:\/\/i0.wp.com\/www.o-p-i.fr\/parlonsen\/wp-content\/uploads\/batucadasalvagnac.jpg?ssl=1\"><img data-recalc-dims=\"1\" loading=\"lazy\" decoding=\"async\" class=\"size-medium wp-image-25415\" src=\"https:\/\/i0.wp.com\/www.o-p-i.fr\/parlonsen\/wp-content\/uploads\/batucadasalvagnac.jpg?resize=211%2C300&#038;ssl=1\" alt=\"Stage de Batucada \u00e0 Salvagnac (81)\" width=\"211\" height=\"300\" srcset=\"https:\/\/i0.wp.com\/www.o-p-i.fr\/parlonsen\/wp-content\/uploads\/batucadasalvagnac.jpg?resize=211%2C300&amp;ssl=1 211w, https:\/\/i0.wp.com\/www.o-p-i.fr\/parlonsen\/wp-content\/uploads\/batucadasalvagnac.jpg?resize=720%2C1024&amp;ssl=1 720w, https:\/\/i0.wp.com\/www.o-p-i.fr\/parlonsen\/wp-content\/uploads\/batucadasalvagnac.jpg?resize=106%2C150&amp;ssl=1 106w, https:\/\/i0.wp.com\/www.o-p-i.fr\/parlonsen\/wp-content\/uploads\/batucadasalvagnac.jpg?resize=400%2C569&amp;ssl=1 400w, https:\/\/i0.wp.com\/www.o-p-i.fr\/parlonsen\/wp-content\/uploads\/batucadasalvagnac.jpg?w=2000&amp;ssl=1 2000w, https:\/\/i0.wp.com\/www.o-p-i.fr\/parlonsen\/wp-content\/uploads\/batucadasalvagnac.jpg?w=3000&amp;ssl=1 3000w\" sizes=\"auto, (max-width: 211px) 100vw, 211px\" \/><\/a><figcaption id=\"caption-attachment-25415\" class=\"wp-caption-text\">Stage de Batucada \u00e0 Salvagnac (81)<\/figcaption><\/figure>\n<p style=\"text-align: justify;\">Thiery Sonterra vous propose de d\u00e9couvrir ou de vous perfectionner aux rythmes Afro-Br\u00e9siliens de Salvador de Bahia (Il\u00ea Aiy\u00ea, Olodum) et du Samba de Rio de Janeiro. Vous serez les acteurs de cette fr\u00e9n\u00e9sie musicale caract\u00e9risant les carnavals br\u00e9siliens et \u00e9tudierez les instruments qui les composent.<\/p>\n<p style=\"text-align: justify;\">Thiery Sonterra est un musicien passionn\u00e9 qui vous conduira avec g\u00e9n\u00e9rosit\u00e9 dans cet univers musical afro-br\u00e9silien qu&rsquo;il a rencontr\u00e9 pour la premi\u00e8re fois en 1990 \u00e0 Rio de Janeiro. Depuis ce jour, il baigne dans cet oc\u00e9an artistique o\u00f9 il \u00e9tudie avec les maitres de la percussion Br\u00e9silienne tels que Yuri Passos (Marienne de Castro), Mario Pam (Il\u00ea Aiy\u00ea), Gerson Silva (Olodum, Carlinhos Brown), Nilo da Portela (GRES Portela), Lucas Ciavatta (\u00f4 paso), Elbert Danielo Abara (Timbalada).<\/p>\n<figure id=\"attachment_25149\" aria-describedby=\"caption-attachment-25149\" style=\"width: 300px\" class=\"wp-caption alignnone\"><a href=\"https:\/\/i0.wp.com\/www.o-p-i.fr\/parlonsen\/wp-content\/uploads\/batucada.jpg?ssl=1\"><img data-recalc-dims=\"1\" loading=\"lazy\" decoding=\"async\" class=\"size-medium wp-image-25149\" title=\"Thiery Sonterra \" src=\"https:\/\/i0.wp.com\/www.o-p-i.fr\/parlonsen\/wp-content\/uploads\/batucada.jpg?resize=300%2C199&#038;ssl=1\" alt=\"Thiery Sonterra \" width=\"300\" height=\"199\" srcset=\"https:\/\/i0.wp.com\/www.o-p-i.fr\/parlonsen\/wp-content\/uploads\/batucada.jpg?resize=300%2C199&amp;ssl=1 300w, https:\/\/i0.wp.com\/www.o-p-i.fr\/parlonsen\/wp-content\/uploads\/batucada.jpg?w=1024&amp;ssl=1 1024w\" sizes=\"auto, (max-width: 300px) 100vw, 300px\" \/><\/a><figcaption id=\"caption-attachment-25149\" class=\"wp-caption-text\">Thiery Sonterra<\/figcaption><\/figure>\n<p style=\"text-align: justify;\">L\u2019enseignement des rythmes propos\u00e9s, est bas\u00e9 sur le marquage des pas, auxquels on ajoute peu \u00e0 peu les mains, puis les voix, r\u00e9alisant ainsi l&rsquo;ancrage rythmique n\u00e9cessaire pour une bonne interpr\u00e9tation des instruments de la batucada.<\/p>\n<p style=\"text-align: justify;\">Les instruments \u00e9tudi\u00e9s seront : les Surdos, r\u00e9p\u00e9nique, tamborim, caixa, agog\u00f4, rocar, timbau.<\/p>\n<p style=\"text-align: justify;\">Les stagiaires doivent pr\u00e9voir des bouchons de protection auditive.<\/p>\n<p><strong>Pour y aller &#8230; <\/strong><br \/>\n<a title=\"En savoir +\" href=\"https:\/\/goo.gl\/maps\/CQx3K\">Place de l&rsquo;\u00e9glise<br \/>\n81630 Salvagnac <\/a><\/p>\n<p><strong>Tarifs :<\/strong><br \/>\n35 euros (dont 5 d&rsquo;adh\u00e9sion au Galetas).<\/p>\n<p><strong>Contact :<\/strong> <a href=\"https:\/\/www.o-p-i.fr\/aupays\/annuaire\/loisirs\/chacun-son-rythme\/\" rel=\"bookmark\">Chacun son rythme <\/a><br \/>\nT\u00e9l. : 07 83 28 44 37 (Le Galetas)<\/p>\n<div class=\"entry-thumbnails\"><a href=\"https:\/\/www.o-p-i.fr\/aupays\/annuaire\/loisirs\/chacun-son-rythme\/\"><img decoding=\"async\" title=\"Chacun son rythme\" src=\"https:\/\/www.o-p-i.fr\/aupays\/wp-content\/themes\/arras-theme\/library\/timthumb.php?src=https:\/\/www.o-p-i.fr\/aupays\/wp-content\/uploads\/logo_chacunsonrythme.jpg&amp;w=190&amp;h=100&amp;zc=1\" alt=\"Chacun son rythme\" \/><\/a><span class=\"entry-meta\"><abbr class=\"published\" title=\"2014-11-25T08:01:35+01:00\">&#8230;<\/abbr><\/span><\/div>\n","protected":false},"excerpt":{"rendered":"<div class=\"mh-excerpt\">Stage pour ados et adultes les 14 et 15 Mars 2015 de 14h30 \u00e0 17h30 au Galetas.<\/div>\n","protected":false},"author":2,"featured_media":0,"comment_status":"open","ping_status":"open","sticky":false,"template":"","format":"standard","meta":{"om_disable_all_campaigns":false,"advanced_seo_description":"","jetpack_seo_html_title":"","jetpack_seo_noindex":false,"_jetpack_memberships_contains_paid_content":false,"footnotes":"","_links_to":"","_links_to_target":""},"categories":[54,25,2178],"tags":[2548,164,195,917,1303,1319],"class_list":{"0":"post-25146","1":"post","2":"type-post","3":"status-publish","4":"format-standard","6":"category-loisirs","7":"category-salvagnac","8":"category-n-109-avril-2015","9":"tag-salvagnac","10":"tag-percu","11":"tag-stage","12":"tag-batucada","13":"tag-bresil","14":"tag-le-galetas"},"jetpack_featured_media_url":"","views":{"total":1,"cached_at":"","cached_date":1738491910},"jetpack_likes_enabled":true,"jetpack_sharing_enabled":true,"jetpack_shortlink":"https:\/\/wp.me\/pg7Wxj-6xA","jetpack-related-posts":[],"_links":{"self":[{"href":"https:\/\/www.o-p-i.fr\/parlonsen\/wp-json\/wp\/v2\/posts\/25146","targetHints":{"allow":["GET"]}}],"collection":[{"href":"https:\/\/www.o-p-i.fr\/parlonsen\/wp-json\/wp\/v2\/posts"}],"about":[{"href":"https:\/\/www.o-p-i.fr\/parlonsen\/wp-json\/wp\/v2\/types\/post"}],"author":[{"embeddable":true,"href":"https:\/\/www.o-p-i.fr\/parlonsen\/wp-json\/wp\/v2\/users\/2"}],"replies":[{"embeddable":true,"href":"https:\/\/www.o-p-i.fr\/parlonsen\/wp-json\/wp\/v2\/comments?post=25146"}],"version-history":[{"count":0,"href":"https:\/\/www.o-p-i.fr\/parlonsen\/wp-json\/wp\/v2\/posts\/25146\/revisions"}],"wp:attachment":[{"href":"https:\/\/www.o-p-i.fr\/parlonsen\/wp-json\/wp\/v2\/media?parent=25146"}],"wp:term":[{"taxonomy":"category","embeddable":true,"href":"https:\/\/www.o-p-i.fr\/parlonsen\/wp-json\/wp\/v2\/categories?post=25146"},{"taxonomy":"post_tag","embeddable":true,"href":"https:\/\/www.o-p-i.fr\/parlonsen\/wp-json\/wp\/v2\/tags?post=25146"}],"curies":[{"name":"wp","href":"https:\/\/api.w.org\/{rel}","templated":true}]}}