{"id":25200,"date":"2015-02-26T16:23:58","date_gmt":"2015-02-26T15:23:58","guid":{"rendered":"\/parlonsen\/?p=25200"},"modified":"2015-02-26T16:25:05","modified_gmt":"2015-02-26T15:25:05","slug":"la-poesie-est-dans-le-pre-a-castelnau-de-montmiral-81","status":"publish","type":"post","link":"https:\/\/www.o-p-i.fr\/parlonsen\/parlons-en\/culture\/la-poesie-est-dans-le-pre-a-castelnau-de-montmiral-81\/","title":{"rendered":"La po\u00e9sie est dans le pr\u00e9 &#8230; \u00e0 Castelnau de Montmiral (81)"},"content":{"rendered":"<p>La m\u00e9diath\u00e8que municipale Charles Portal de Castelnau de Montmiral accueille le cercle <em>La po\u00e9sie est dans le pr\u00e9<\/em> de l&rsquo;association 2jol dans le cadre du Printemps des po\u00e8tes le <strong>vendredi 6 mars 2015<\/strong> \u00e0 18h30.<!--more--><\/p>\n<figure id=\"attachment_25202\" aria-describedby=\"caption-attachment-25202\" style=\"width: 203px\" class=\"wp-caption alignright\"><a href=\"https:\/\/i0.wp.com\/www.o-p-i.fr\/parlonsen\/wp-content\/uploads\/printempspoetes2015.jpg?ssl=1\"><img data-recalc-dims=\"1\" loading=\"lazy\" decoding=\"async\" class=\"size-medium wp-image-25202\" src=\"https:\/\/i0.wp.com\/www.o-p-i.fr\/parlonsen\/wp-content\/uploads\/printempspoetes2015.jpg?resize=203%2C300&#038;ssl=1\" alt=\"Printemps des Po\u00e8tes\" width=\"203\" height=\"300\" srcset=\"https:\/\/i0.wp.com\/www.o-p-i.fr\/parlonsen\/wp-content\/uploads\/printempspoetes2015.jpg?resize=203%2C300&amp;ssl=1 203w, https:\/\/i0.wp.com\/www.o-p-i.fr\/parlonsen\/wp-content\/uploads\/printempspoetes2015.jpg?resize=102%2C150&amp;ssl=1 102w, https:\/\/i0.wp.com\/www.o-p-i.fr\/parlonsen\/wp-content\/uploads\/printempspoetes2015.jpg?w=259&amp;ssl=1 259w\" sizes=\"auto, (max-width: 203px) 100vw, 203px\" \/><\/a><figcaption id=\"caption-attachment-25202\" class=\"wp-caption-text\">Printemps des Po\u00e8tes<\/figcaption><\/figure>\n<p>La mise en voix des textes po\u00e9tiques sera suivi du verre de l&rsquo;amiti\u00e9.<\/p>\n<p>Animation gratuite et ouverte \u00e0 tous.<\/p>\n<p><strong>Contacts : <\/strong><\/p>\n<h3 class=\"entry-title\"><a href=\"https:\/\/www.o-p-i.fr\/aupays\/annuaire\/loisirs\/mediatheque-charles-portal-a-castelnau-de-montmiral\/\" rel=\"bookmark\">M\u00e9diath\u00e8que Charles Portal \u2026 \u00e0 Castelnau de Montmiral<\/a><\/h3>\n<div class=\"entry-thumbnails\"><a href=\"https:\/\/www.o-p-i.fr\/aupays\/annuaire\/loisirs\/mediatheque-charles-portal-a-castelnau-de-montmiral\/\"><img decoding=\"async\" title=\"M\u00e9diath\u00e8que Charles Portal \u2026 \u00e0 Castelnau de Montmiral\" src=\"https:\/\/www.o-p-i.fr\/aupays\/wp-content\/themes\/arras-theme\/library\/timthumb.php?src=https:\/\/www.o-p-i.fr\/aupays\/wp-content\/uploads\/bibliotheque.jpg&amp;w=190&amp;h=100&amp;zc=1\" alt=\"M\u00e9diath\u00e8que Charles Portal \u2026 \u00e0 Castelnau de Montmiral\" \/><\/a><span class=\"entry-meta\"><abbr class=\"published\" title=\"2015-01-14T21:50:43+00:00\">&#8230;<\/abbr><\/span><\/div>\n<div class=\"entry-thumbnails\">\n<h3 class=\"entry-title\"><a href=\"https:\/\/www.o-p-i.fr\/aupays\/annuaire\/loisirs\/association2jol\/\" rel=\"bookmark\">Association.2JOL<\/a><\/h3>\n<\/div>\n<div class=\"entry-thumbnails\">\n<div class=\"entry-thumbnails\"><a href=\"https:\/\/www.o-p-i.fr\/aupays\/annuaire\/loisirs\/association2jol\/\"><img decoding=\"async\" title=\"Association.2JOL\" src=\"https:\/\/www.o-p-i.fr\/aupays\/wp-content\/themes\/arras-theme\/library\/timthumb.php?src=https:\/\/www.o-p-i.fr\/aupays\/wp-content\/uploads\/logo-2jol.jpg&amp;w=190&amp;h=100&amp;zc=1\" alt=\"Association.2JOL\" \/><\/a><span class=\"entry-meta\"><abbr class=\"published\" title=\"2015-01-26T17:30:46+00:00\">&#8230;<\/abbr><\/span><\/div>\n<h3 class=\"entry-title\"><\/h3>\n<\/div>\n<p><em>Communiqu\u00e9 de la M\u00e9diath\u00e8que<\/em><\/p>\n","protected":false},"excerpt":{"rendered":"<div class=\"mh-excerpt\">La m\u00e9diath\u00e8que municipale Charles Portal de Castelnau de Montmiral accueille le cercle La po\u00e9sie est dans le pr\u00e9 de l&rsquo;association 2jol dans le cadre du Printemps des po\u00e8tes le vendredi 6 mars 2015 \u00e0 18h30.<\/div>\n","protected":false},"author":2,"featured_media":0,"comment_status":"open","ping_status":"open","sticky":false,"template":"","format":"standard","meta":{"om_disable_all_campaigns":false,"advanced_seo_description":"","jetpack_seo_html_title":"","jetpack_seo_noindex":false,"_jetpack_memberships_contains_paid_content":false,"footnotes":"","_links_to":"","_links_to_target":""},"categories":[22,1,396,54,2177],"tags":[158,330,395,869,1514,1834],"class_list":{"0":"post-25200","1":"post","2":"type-post","3":"status-publish","4":"format-standard","6":"category-castelnau","7":"category-culture","8":"category-cest-le-printemps","9":"category-loisirs","10":"category-n-108-mars-2015","11":"tag-castelnau-de-montmiral","12":"tag-rencontre","13":"tag-printemps","14":"tag-poesie","15":"tag-mediatheque","16":"tag-poeme"},"jetpack_featured_media_url":"","views":{"total":0,"cached_at":"","cached_date":1738526356},"jetpack_likes_enabled":true,"jetpack_sharing_enabled":true,"jetpack_shortlink":"https:\/\/wp.me\/pg7Wxj-6ys","jetpack-related-posts":[],"_links":{"self":[{"href":"https:\/\/www.o-p-i.fr\/parlonsen\/wp-json\/wp\/v2\/posts\/25200","targetHints":{"allow":["GET"]}}],"collection":[{"href":"https:\/\/www.o-p-i.fr\/parlonsen\/wp-json\/wp\/v2\/posts"}],"about":[{"href":"https:\/\/www.o-p-i.fr\/parlonsen\/wp-json\/wp\/v2\/types\/post"}],"author":[{"embeddable":true,"href":"https:\/\/www.o-p-i.fr\/parlonsen\/wp-json\/wp\/v2\/users\/2"}],"replies":[{"embeddable":true,"href":"https:\/\/www.o-p-i.fr\/parlonsen\/wp-json\/wp\/v2\/comments?post=25200"}],"version-history":[{"count":0,"href":"https:\/\/www.o-p-i.fr\/parlonsen\/wp-json\/wp\/v2\/posts\/25200\/revisions"}],"wp:attachment":[{"href":"https:\/\/www.o-p-i.fr\/parlonsen\/wp-json\/wp\/v2\/media?parent=25200"}],"wp:term":[{"taxonomy":"category","embeddable":true,"href":"https:\/\/www.o-p-i.fr\/parlonsen\/wp-json\/wp\/v2\/categories?post=25200"},{"taxonomy":"post_tag","embeddable":true,"href":"https:\/\/www.o-p-i.fr\/parlonsen\/wp-json\/wp\/v2\/tags?post=25200"}],"curies":[{"name":"wp","href":"https:\/\/api.w.org\/{rel}","templated":true}]}}