{"id":25355,"date":"2015-03-10T13:28:02","date_gmt":"2015-03-10T12:28:02","guid":{"rendered":"\/parlonsen\/?p=25355"},"modified":"2025-11-10T15:11:42","modified_gmt":"2025-11-10T14:11:42","slug":"conter-lart-de-ne-pas-tout-dire-a-monesties-81","status":"publish","type":"post","link":"https:\/\/www.o-p-i.fr\/parlonsen\/parlons-en\/culture\/conter-lart-de-ne-pas-tout-dire-a-monesties-81\/","title":{"rendered":"\u00ab\u00a0Conter l&rsquo;art de ne pas tout dire\u00a0\u00bb &#8230; \u00e0 Monesti\u00e8s (81)"},"content":{"rendered":"<p>Stage avec\u00a0 Fran\u00e7ois Vermel et\u00a0 Alain Bel <strong>du mardi 24 mars au vendredi 27 mars 2015<\/strong> \u00e0 La Maison du Vic. <!--more--><\/p>\n<p>&nbsp;<\/p>\n<figure id=\"attachment_25356\" aria-describedby=\"caption-attachment-25356\" style=\"width: 114px\" class=\"wp-caption alignright\"><a href=\"https:\/\/i0.wp.com\/www.o-p-i.fr\/parlonsen\/wp-content\/uploads\/conte_dahutemeraire.jpg?ssl=1\"><img data-recalc-dims=\"1\" loading=\"lazy\" decoding=\"async\" class=\"size-medium wp-image-25356\" src=\"https:\/\/i0.wp.com\/www.o-p-i.fr\/parlonsen\/wp-content\/uploads\/conte_dahutemeraire.jpg?resize=114%2C300&#038;ssl=1\" alt=\"Dahu T\u00e9m\u00e9raire - Initiatives Culturelles\" width=\"114\" height=\"300\" srcset=\"https:\/\/i0.wp.com\/www.o-p-i.fr\/parlonsen\/wp-content\/uploads\/conte_dahutemeraire.jpg?resize=114%2C300&amp;ssl=1 114w, https:\/\/i0.wp.com\/www.o-p-i.fr\/parlonsen\/wp-content\/uploads\/conte_dahutemeraire.jpg?resize=57%2C150&amp;ssl=1 57w, https:\/\/i0.wp.com\/www.o-p-i.fr\/parlonsen\/wp-content\/uploads\/conte_dahutemeraire.jpg?w=217&amp;ssl=1 217w\" sizes=\"auto, (max-width: 114px) 100vw, 114px\" \/><\/a><figcaption id=\"caption-attachment-25356\" class=\"wp-caption-text\">Dahu T\u00e9m\u00e9raire &#8211; Initiatives Culturelles<\/figcaption><\/figure>\n<p>Le grand-m\u00e9chant-loup, l&rsquo;ogre, la b\u00eate \u00e0 sept t\u00eates, que de monstres dans les histoires !<br \/>\nEt toutes ces jeunes filles qui meurent ou s&rsquo;endorment pour \u00eatre r\u00e9veill\u00e9es, un jour, par le prince charmant, et ces sorci\u00e8res ou ces f\u00e9es, que signifient tous ces personnages ?<br \/>\nPourquoi tous ces contes, h\u00e9rit\u00e9s d&rsquo;un pass\u00e9 lointain et au scenario somme toute d\u00e9suet, sont-ils encore si pr\u00e9sents dans un monde pragmatique et mat\u00e9rialiste ?<br \/>\nC&rsquo;est ce que ce stage propose d&rsquo;abord de d\u00e9couvrir \u00e0 travers la symbolique des contes.<br \/>\nPuis dans un travail pratique et ludique bas\u00e9 sur le rythme de la parole, on exp\u00e9rimentera comment le conteur s&#8217;empare des symboles pour rendre son r\u00e9cit vivant et dynamique.<\/p>\n<p><span style=\"color: #000000;\"><b>Les symboles sont au c\u0153ur du travail du conteur,<br \/>\nils sont le trait d&rsquo;union entre <\/b><b>le sens profond du r\u00e9cit<br \/>\net la pratique artistique du conteur.<\/b><\/span><\/p>\n<div align=\"left\">\n<p><b>En pratique :<\/b><br \/>\nDates : du mardi 24 mars au vendredi 27 mars 2015<br \/>\nHoraires : de 9h \u00e0 12h30 et 13h30 \u00e0 17h<br \/>\nEffectif maximum : 10 stagiaires<\/p>\n<p><strong>Pour y aller &#8230;<\/strong><br \/>\n<a title=\"Cliquez sur l'adresse pour ouvrir le plan !\" href=\"https:\/\/goo.gl\/maps\/JV389\" target=\"_blank\">La Maison du Vic<\/a><br \/>\n<a title=\"Cliquez sur l'adresse pour ouvrir le plan !\" href=\"https:\/\/goo.gl\/maps\/JV389\" target=\"_blank\"> 81640 Monesti\u00e9s<\/a><\/p>\n<p><strong>Tarifs :<\/strong> <span style=\"text-decoration: underline;\"><b>Cette formation peut \u00eatre prise en charge par l&rsquo;AFDAS ou votre OPCA<\/b><\/span><br \/>\n530,00 \u20ac (avec prise en charge AFDAS ou autre)<br \/>\n300,00 \u20ac (Tarif r\u00e9duit si vous payez vous-m\u00eame la formation).<\/p>\n<p><b>R\u00e9servation et information : <\/b><br \/>\nT\u00e9l : 07 81 04 15 06\u00a0 (Mme Tika Ladas)<br \/>\nCourriel : <a href=\"mailto:formation@dahutemeraire.net\" target=\"_blank\">formation@dahutemeraire.net<\/a><\/p>\n<blockquote>\n<p style=\"text-align: center;\"><strong>Nos prochaines formations :<\/strong><\/p>\n<p>\u00ab\u00a0L&rsquo;incarnation du conteur\u00a0\u00bb \/\/ du 5 au 8 mai 2015<\/p>\n<p><b>Colette Mign\u00e9, Fran\u00e7ois Vermel <\/b><br \/>\nExplorer les relations entre l&rsquo;histoire, le conteur et son public. Trouver sa place de conteur. Occuper l&rsquo;espace, la \u00ab\u00a0pr\u00e9sence\u00a0\u00bbdu conteur.<br \/>\nPour conteurs confirm\u00e9s<br \/>\n<a href=\"https:\/\/dl.dropboxusercontent.com\/u\/202916\/PlaquettesStages\/1404IncarnationDuConteur.pdf\" target=\"_blank\">T\u00e9l\u00e9charger le descriptif et le bulletin d&rsquo;inscription.<\/a><\/p>\n<p>\u00ab Sur le fil du spectacle\u00a0\u00bb \/\/ du 2 au 5 juin 2015<\/p>\n<p><b>Rolland Martinez, Fran\u00e7ois Vermel<\/b><br \/>\nApprendre \u00e0 construire et \u00e9quilibrer un spectacle de conte. Mise en espace, r\u00e9gie technique.\u00a0 Construire un spectacle conte et musique.<br \/>\nPour conteurs confirm\u00e9s et musiciens.<br \/>\n<a href=\"https:\/\/dl.dropboxusercontent.com\/u\/202916\/PlaquettesStages\/201506%20Sur%20Le%20Fil%20du%20Spectacle.pdf\" target=\"_blank\">T\u00e9l\u00e9charger le descriptif et le bulletin d&rsquo;inscription.<\/a><\/p>\n<p><strong>\u00ab Perfectionnement \u00e0 l&rsquo;art du conte \u00bb \/\/ du 6 au\u00a0 juillet 2015<\/strong><\/p>\n<p><b>Fran\u00e7ois Vermel<\/b><br \/>\nExplorer la dimension artistique du travail du conteur, cette part myst\u00e9rieuse qui cr\u00e9e la magie de l&rsquo;instant et qui construit du sens.<br \/>\n<a href=\"https:\/\/dl.dropboxusercontent.com\/u\/202916\/PlaquettesStages\/201507%20Perfectionnement%20%C3%A0%20l%27art%20du%20conte%20au%20Vic.pdf\" target=\"_blank\">T\u00e9l\u00e9charger le descriptif et le bulletin d&rsquo;inscription.<\/a><\/p>\n<p><strong>\u00ab Introduction \u00e0 l&rsquo;art du conte \u00bb \/\/du 10 au 12 juillet 2015<\/strong><\/p>\n<p><b>Fran\u00e7ois Vermel<\/b><br \/>\nCe stage propose une formation pratique pour commencer \u00e0 conter en public.<br \/>\n<a href=\"https:\/\/dl.dropboxusercontent.com\/u\/202916\/PlaquettesStages\/201507%20Introduction%20%C3%A0%20l%27art%20du%20conte%20au%20Vic.pdf\" target=\"_blank\">T\u00e9l\u00e9charger le descriptif et le bulletin d&rsquo;inscription.<\/a><\/p>\n<p>\u00ab Formation de base au m\u00e9tier de conteur\u00a0 \u00bb \/\/ du 1 f\u00e9vrier au 24 juin 2016<\/p>\n<p>Formateurs : <b>Josiane Bru, enseignante \u00e0 l&rsquo;EHESS de Toulouse &#8211; Pascal Qu\u00e9r\u00e9, conteur et formateur auCMLO \u00e0 Al\u00e8s &#8211; Rolland Martinez, musicien &#8211; Colette Mign\u00e9, conteuse et clown &#8211; Alain Bel, conteur et percussioniste &#8211; Fran\u00e7ois Vermel, conteur, coordinateur de la formation.<\/b><br \/>\nAcqu\u00e9rir les techniques et les savoirs fondamentaux pour exercer l&rsquo;art du conte dans une perspective professionnelle.<br \/>\nFormation compos\u00e9e de 6 modules de 5 jours, soit 210 heures.<br \/>\nPour plus d&rsquo;informations : <a href=\"mailto:formation@dahutemeraire.net\" target=\"_blank\">formation@dahutemeraire.net<\/a><\/p>\n<p><strong>Contact :<\/strong> Association Dahu t\u00e9m\u00e9raire<br \/>\n31540 Saint-Julia<br \/>\nT\u00e9l. : 09 54 56 12 42<br \/>\nCourriel : <a href=\"mailto:contact@dahut\u00e9m\u00e9raire.net\">contact@dahut\u00e9m\u00e9raire.net<\/a><br \/>\nSite : <a title=\"Ouvre le site dans une nouvelle fen\u00eatre\" href=\"http:\/\/dahutemeraire.net\" target=\"_blank\">dahutemeraire.net<\/a><\/p><\/blockquote>\n<\/div>\n","protected":false},"excerpt":{"rendered":"<div class=\"mh-excerpt\">Stage avec\u00a0 Fran\u00e7ois Vermel et\u00a0 Alain Bel du mardi 24 mars au vendredi 27 mars 2015 \u00e0 La Maison du Vic.<\/div>\n","protected":false},"author":2,"featured_media":0,"comment_status":"open","ping_status":"open","sticky":false,"template":"","format":"standard","meta":{"om_disable_all_campaigns":false,"advanced_seo_description":"","jetpack_seo_html_title":"","jetpack_seo_noindex":false,"_jetpack_memberships_contains_paid_content":false,"footnotes":"","_links_to":"","_links_to_target":""},"categories":[42,1,725,54,2177],"tags":[195,627,2889],"class_list":{"0":"post-25355","1":"post","2":"type-post","3":"status-publish","4":"format-standard","6":"category-a-cote-de-chez-nous","7":"category-culture","8":"category-formation-parlons-en","9":"category-loisirs","10":"category-n-108-mars-2015","11":"tag-stage","12":"tag-monesties","13":"tag-contes"},"jetpack_featured_media_url":"","views":{"total":0,"cached_at":"","cached_date":1738180790},"jetpack_likes_enabled":true,"jetpack_sharing_enabled":true,"jetpack_shortlink":"https:\/\/wp.me\/pg7Wxj-6AX","jetpack-related-posts":[],"_links":{"self":[{"href":"https:\/\/www.o-p-i.fr\/parlonsen\/wp-json\/wp\/v2\/posts\/25355","targetHints":{"allow":["GET"]}}],"collection":[{"href":"https:\/\/www.o-p-i.fr\/parlonsen\/wp-json\/wp\/v2\/posts"}],"about":[{"href":"https:\/\/www.o-p-i.fr\/parlonsen\/wp-json\/wp\/v2\/types\/post"}],"author":[{"embeddable":true,"href":"https:\/\/www.o-p-i.fr\/parlonsen\/wp-json\/wp\/v2\/users\/2"}],"replies":[{"embeddable":true,"href":"https:\/\/www.o-p-i.fr\/parlonsen\/wp-json\/wp\/v2\/comments?post=25355"}],"version-history":[{"count":1,"href":"https:\/\/www.o-p-i.fr\/parlonsen\/wp-json\/wp\/v2\/posts\/25355\/revisions"}],"predecessor-version":[{"id":67260,"href":"https:\/\/www.o-p-i.fr\/parlonsen\/wp-json\/wp\/v2\/posts\/25355\/revisions\/67260"}],"wp:attachment":[{"href":"https:\/\/www.o-p-i.fr\/parlonsen\/wp-json\/wp\/v2\/media?parent=25355"}],"wp:term":[{"taxonomy":"category","embeddable":true,"href":"https:\/\/www.o-p-i.fr\/parlonsen\/wp-json\/wp\/v2\/categories?post=25355"},{"taxonomy":"post_tag","embeddable":true,"href":"https:\/\/www.o-p-i.fr\/parlonsen\/wp-json\/wp\/v2\/tags?post=25355"}],"curies":[{"name":"wp","href":"https:\/\/api.w.org\/{rel}","templated":true}]}}