{"id":25399,"date":"2015-03-13T14:31:30","date_gmt":"2015-03-13T13:31:30","guid":{"rendered":"\/parlonsen\/?p=25399"},"modified":"2015-03-12T15:42:16","modified_gmt":"2015-03-12T14:42:16","slug":"soiree-couscous-a-monclar-de-quercy-82","status":"publish","type":"post","link":"https:\/\/www.o-p-i.fr\/parlonsen\/localisation\/au-pays-des-tescous\/monclar\/soiree-couscous-a-monclar-de-quercy-82\/","title":{"rendered":"Soir\u00e9e Couscous &#8230; \u00e0 Monclar de Quercy (82)"},"content":{"rendered":"<p>Monclar Fitness vous propose une soir\u00e9e couscous le<strong> Samedi 28 Mars 2015<\/strong> \u00e0 la Salle des F\u00eates du Groupe Scolaire. <!--more--><\/p>\n<p>Au Menu :<br \/>\nAp\u00e9ritif<br \/>\nEntr\u00e9e<br \/>\nCouscous<br \/>\nDessert<br \/>\nCaf\u00e9\/Th\u00e9 et vin compris<\/p>\n<p><strong>Tarifs :<\/strong><br \/>\nAdh\u00e9rent : 12\u20ac<br \/>\nNon adh\u00e9rent : 15\u20ac<br \/>\nEnfant (10 \u00e0 16 ans ) : 5\u20ac<br \/>\nEnfants &#8211; de 10 ans : Gratuit<\/p>\n<p>&nbsp;<\/p>\n<p>Inscription et paiement\u00a0 \u00e0 retourner <span style=\"text-decoration: underline;\">avant le 20 mars 2015<\/span>.<br \/>\nCh\u00e8que \u00e0 l&rsquo;ordre de l&rsquo;Association Monclaraise de Gymnastique<br \/>\n\u00e0 Marie Pierre Ripp &#8211; 54 Route de la Sauzi\u00e8re &#8211; 82230 Monclar de Quercy &#8211;<\/p>\n<p><strong>Contact :<\/strong> <a href=\"https:\/\/www.o-p-i.fr\/aupays\/annuaire\/loisirs\/association-monclaraise-de-gymnastique\/\" rel=\"bookmark\">Monclar Fitness<\/a><\/p>\n<div class=\"entry-thumbnails\"><a href=\"https:\/\/www.o-p-i.fr\/aupays\/annuaire\/loisirs\/association-monclaraise-de-gymnastique\/\"><img decoding=\"async\" title=\"Monclar Fitness\" src=\"https:\/\/www.o-p-i.fr\/aupays\/wp-content\/themes\/arras-theme\/library\/timthumb.php?src=https:\/\/www.o-p-i.fr\/aupays\/wp-content\/uploads\/logo-monclarfitness.jpg&amp;w=190&amp;h=100&amp;zc=1\" alt=\"Monclar Fitness\" \/><\/a><span class=\"entry-meta\"><abbr class=\"published\" title=\"2014-09-01T21:00:15+00:00\">&#8230;<\/abbr><\/span><\/div>\n<div class=\"entry-thumbnails\"><\/div>\n<div class=\"entry-thumbnails\"><em>Source : tract de l&rsquo;association<\/em><\/div>\n<h3 class=\"entry-title\"><\/h3>\n","protected":false},"excerpt":{"rendered":"<div class=\"mh-excerpt\">Monclar Fitness vous propose une soir\u00e9e couscous le Samedi 28 Mars 2015 \u00e0 la Salle des F\u00eates du Groupe Scolaire.<\/div>\n","protected":false},"author":2,"featured_media":0,"comment_status":"open","ping_status":"open","sticky":false,"template":"","format":"standard","meta":{"om_disable_all_campaigns":false,"advanced_seo_description":"","jetpack_seo_html_title":"","jetpack_seo_noindex":false,"_jetpack_memberships_contains_paid_content":false,"footnotes":"","_links_to":"","_links_to_target":""},"categories":[396,16,54,2177],"tags":[143,157,2158,2288],"class_list":{"0":"post-25399","1":"post","2":"type-post","3":"status-publish","4":"format-standard","6":"category-cest-le-printemps","7":"category-monclar","8":"category-loisirs","9":"category-n-108-mars-2015","10":"tag-monclar-de-quercy","11":"tag-repas","12":"tag-fitness","13":"tag-couscous"},"jetpack_featured_media_url":"","views":{"total":0,"cached_at":"","cached_date":1738522819},"jetpack_likes_enabled":true,"jetpack_sharing_enabled":true,"jetpack_shortlink":"https:\/\/wp.me\/pg7Wxj-6BF","jetpack-related-posts":[],"_links":{"self":[{"href":"https:\/\/www.o-p-i.fr\/parlonsen\/wp-json\/wp\/v2\/posts\/25399","targetHints":{"allow":["GET"]}}],"collection":[{"href":"https:\/\/www.o-p-i.fr\/parlonsen\/wp-json\/wp\/v2\/posts"}],"about":[{"href":"https:\/\/www.o-p-i.fr\/parlonsen\/wp-json\/wp\/v2\/types\/post"}],"author":[{"embeddable":true,"href":"https:\/\/www.o-p-i.fr\/parlonsen\/wp-json\/wp\/v2\/users\/2"}],"replies":[{"embeddable":true,"href":"https:\/\/www.o-p-i.fr\/parlonsen\/wp-json\/wp\/v2\/comments?post=25399"}],"version-history":[{"count":0,"href":"https:\/\/www.o-p-i.fr\/parlonsen\/wp-json\/wp\/v2\/posts\/25399\/revisions"}],"wp:attachment":[{"href":"https:\/\/www.o-p-i.fr\/parlonsen\/wp-json\/wp\/v2\/media?parent=25399"}],"wp:term":[{"taxonomy":"category","embeddable":true,"href":"https:\/\/www.o-p-i.fr\/parlonsen\/wp-json\/wp\/v2\/categories?post=25399"},{"taxonomy":"post_tag","embeddable":true,"href":"https:\/\/www.o-p-i.fr\/parlonsen\/wp-json\/wp\/v2\/tags?post=25399"}],"curies":[{"name":"wp","href":"https:\/\/api.w.org\/{rel}","templated":true}]}}