{"id":25437,"date":"2015-03-17T16:44:31","date_gmt":"2015-03-17T15:44:31","guid":{"rendered":"\/parlonsen\/?p=25437"},"modified":"2015-03-16T17:12:32","modified_gmt":"2015-03-16T16:12:32","slug":"avant-premiere-ils-regardaient-la-lune-a-brens-81","status":"publish","type":"post","link":"https:\/\/www.o-p-i.fr\/parlonsen\/parlons-en\/culture\/avant-premiere-ils-regardaient-la-lune-a-brens-81\/","title":{"rendered":"Avant-premi\u00e8re \u00ab\u00a0Ils regardaient la lune\u00a0\u00bb &#8230; \u00e0 Brens (81)"},"content":{"rendered":"<p>Projection en avant-premi\u00e8re du documentaire de Natacha Sautereau, \u00ab\u00a0Ils regardaient la lune\u00a0\u00bb\u00a0 <strong>mardi 31 mars 2015<\/strong> \u00e0 20h30 \u00e0 Ineopole Formation.<!--more--><\/p>\n<figure id=\"attachment_25441\" aria-describedby=\"caption-attachment-25441\" style=\"width: 300px\" class=\"wp-caption alignright\"><a href=\"https:\/\/i0.wp.com\/www.o-p-i.fr\/parlonsen\/wp-content\/uploads\/ilregardaitlalalune.jpg?ssl=1\"><img data-recalc-dims=\"1\" loading=\"lazy\" decoding=\"async\" class=\"wp-image-25441 size-medium\" src=\"https:\/\/i0.wp.com\/www.o-p-i.fr\/parlonsen\/wp-content\/uploads\/ilregardaitlalalune.jpg?resize=300%2C169&#038;ssl=1\" alt=\"Ils regardaient la lune. Natacha Sautereau\" width=\"300\" height=\"169\" srcset=\"https:\/\/i0.wp.com\/www.o-p-i.fr\/parlonsen\/wp-content\/uploads\/ilregardaitlalalune.jpg?resize=300%2C169&amp;ssl=1 300w, https:\/\/i0.wp.com\/www.o-p-i.fr\/parlonsen\/wp-content\/uploads\/ilregardaitlalalune.jpg?resize=1024%2C576&amp;ssl=1 1024w, https:\/\/i0.wp.com\/www.o-p-i.fr\/parlonsen\/wp-content\/uploads\/ilregardaitlalalune.jpg?resize=150%2C84&amp;ssl=1 150w, https:\/\/i0.wp.com\/www.o-p-i.fr\/parlonsen\/wp-content\/uploads\/ilregardaitlalalune.jpg?resize=400%2C225&amp;ssl=1 400w, https:\/\/i0.wp.com\/www.o-p-i.fr\/parlonsen\/wp-content\/uploads\/ilregardaitlalalune.jpg?w=1920&amp;ssl=1 1920w\" sizes=\"auto, (max-width: 300px) 100vw, 300px\" \/><\/a><figcaption id=\"caption-attachment-25441\" class=\"wp-caption-text\">Ils regardaient la lune. Natacha Sautereau<\/figcaption><\/figure>\n<p><strong>Ils regardaient la lune<\/strong><br \/>\n2014 \u2013 France \u2013 1h24<br \/>\nde Natacha Sautereau<br \/>\nProduction Le Hamac rouge<\/p>\n<p style=\"text-align: justify;\">\u00ab\u00a0Un paysan est plus int\u00e9ressant quand il ach\u00e8te que quand il vend.\u00a0\u00bb Dans cette r\u00e9gion rurale de l\u2019Aveyron qu\u2019est le Naucellois, un monde dispara\u00eet mais les exp\u00e9rimentations locales font de cette campagne isol\u00e9e un th\u00e9\u00e2tre de verdure o\u00f9 se jouent les enjeux \u00e9conomiques et politiques contemporains.<br \/>\nL\u2019action locale des nouveaux arrivants s\u2019inscrit dans une pens\u00e9e globale et se nourrit de la po\u00e9sie et des valeurs humaines transmises par les anciens.<br \/>\nLes animaux omnipr\u00e9sents sont \u00e0 la fois t\u00e9moins et otages des enjeux de l\u2019agriculture moderne.<\/p>\n<p style=\"text-align: justify;\"><strong> Pour y aller &#8230;<\/strong><br \/>\n<a title=\"Cliquez sur l'adresse pour ouvrir le plan !\" href=\"https:\/\/goo.gl\/maps\/TkJA4\" target=\"_blank\">Ineopole Formation<\/a><br \/>\n<a title=\"Cliquez sur l'adresse pour ouvrir le plan !\" href=\"https:\/\/goo.gl\/maps\/TkJA4\" target=\"_blank\"> 823, avenue de La F\u00e9dari\u00e9<\/a><br \/>\n<a title=\"Cliquez sur l'adresse pour ouvrir le plan !\" href=\"https:\/\/goo.gl\/maps\/TkJA4\" target=\"_blank\"> 81600 BRENS<\/a><\/p>\n<p><strong>Contact :<\/strong> Le Hamac rouge<br \/>\n81600 GAILLAC &#8211;<br \/>\nSite : <a title=\"Ouvre le site dans une nouvelle fen\u00eatre\" href=\"http:\/\/www.lehamacrouge.com\" target=\"_blank\">www.lehamacrouge.com<\/a><\/p>\n<p><em>Communiqu\u00e9 par \u00c9liane, Les 400 coups<\/em><\/p>\n<p style=\"text-align: center;\">Retrouvez tous les \u00e9v\u00e9nements sur <a href=\"http:\/\/agenda.o-p-i.fr\" target=\"_blank\">agenda.o-p-i.fr<\/a><\/p>\n<p>&nbsp;<\/p>\n","protected":false},"excerpt":{"rendered":"<div class=\"mh-excerpt\">Projection en avant-premi\u00e8re du documentaire de Natacha Sautereau, \u00ab\u00a0Ils regardaient la lune\u00a0\u00bb\u00a0 mardi 31 mars 2015 \u00e0 20h30 \u00e0 Ineopole Formation.<\/div>\n","protected":false},"author":2,"featured_media":0,"comment_status":"open","ping_status":"open","sticky":false,"template":"","format":"standard","meta":{"om_disable_all_campaigns":false,"advanced_seo_description":"","jetpack_seo_html_title":"","jetpack_seo_noindex":false,"_jetpack_memberships_contains_paid_content":false,"footnotes":"","_links_to":"","_links_to_target":""},"categories":[3,42,1,54,2177],"tags":[110,111,215,228,234,330,2539,1223,2289,92],"class_list":{"0":"post-25437","1":"post","2":"type-post","3":"status-publish","4":"format-standard","6":"category-agriculture","7":"category-a-cote-de-chez-nous","8":"category-culture","9":"category-loisirs","10":"category-n-108-mars-2015","11":"tag-documentaire","12":"tag-projection","13":"tag-gaillac","14":"tag-patrimoine","15":"tag-conference","16":"tag-rencontre","17":"tag-agriculture","18":"tag-brens","19":"tag-natacha-sautereau","20":"tag-cine"},"jetpack_featured_media_url":"","views":{"total":0,"cached_at":"","cached_date":1738280862},"jetpack_likes_enabled":true,"jetpack_sharing_enabled":true,"jetpack_shortlink":"https:\/\/wp.me\/pg7Wxj-6Ch","jetpack-related-posts":[],"_links":{"self":[{"href":"https:\/\/www.o-p-i.fr\/parlonsen\/wp-json\/wp\/v2\/posts\/25437","targetHints":{"allow":["GET"]}}],"collection":[{"href":"https:\/\/www.o-p-i.fr\/parlonsen\/wp-json\/wp\/v2\/posts"}],"about":[{"href":"https:\/\/www.o-p-i.fr\/parlonsen\/wp-json\/wp\/v2\/types\/post"}],"author":[{"embeddable":true,"href":"https:\/\/www.o-p-i.fr\/parlonsen\/wp-json\/wp\/v2\/users\/2"}],"replies":[{"embeddable":true,"href":"https:\/\/www.o-p-i.fr\/parlonsen\/wp-json\/wp\/v2\/comments?post=25437"}],"version-history":[{"count":0,"href":"https:\/\/www.o-p-i.fr\/parlonsen\/wp-json\/wp\/v2\/posts\/25437\/revisions"}],"wp:attachment":[{"href":"https:\/\/www.o-p-i.fr\/parlonsen\/wp-json\/wp\/v2\/media?parent=25437"}],"wp:term":[{"taxonomy":"category","embeddable":true,"href":"https:\/\/www.o-p-i.fr\/parlonsen\/wp-json\/wp\/v2\/categories?post=25437"},{"taxonomy":"post_tag","embeddable":true,"href":"https:\/\/www.o-p-i.fr\/parlonsen\/wp-json\/wp\/v2\/tags?post=25437"}],"curies":[{"name":"wp","href":"https:\/\/api.w.org\/{rel}","templated":true}]}}