{"id":2545,"date":"2010-03-03T15:58:41","date_gmt":"2010-03-03T13:58:41","guid":{"rendered":"\/parlonsen\/?p=2545"},"modified":"2010-03-08T23:33:29","modified_gmt":"2010-03-08T21:33:29","slug":"carnaval-venez-trouver-votre-costume-dans-la-caisse-a-deguisement","status":"publish","type":"post","link":"https:\/\/www.o-p-i.fr\/parlonsen\/parlons-en\/pratique\/carnaval-venez-trouver-votre-costume-dans-la-caisse-a-deguisement\/","title":{"rendered":"Carnaval : Venez trouver votre costume dans la caisse \u00e0 d\u00e9guisement !"},"content":{"rendered":"<p style=\"text-align: justify;\">Profitez des ateliers customisation et initiation \u00e0 la couture pour fabriquer votre d\u00e9guisement pour le carnaval sur le th\u00e8me du <a href=\"https:\/\/www.o-p-i.fr\/parlonsen\/localisation\/a-cote-de-chez-nous\/carnaval-sous-le-signe-du-recupart-a-vaour\/\">r\u00e9cup&rsquo;art<\/a>. <!--more-->Apportez la mati\u00e8re premi\u00e8re pour fabriquer votre d\u00e9guisement (rubans, tissus, bouchons, dentelles, tuyaux, filets, sacs, cd, scotch, bouteilles plastiques, b\u00e2ches, plastique bulle, bo\u00eetes de conserve, plumes, branches, etc). C&rsquo;est gratuit.<\/p>\n<p style=\"text-align: justify;\"><span style=\"color: #666699;\"><strong>Atelier customisation\/ transformation<\/strong><\/span><br \/>\nle jeudi apr\u00e8s-midi une fois tous les 15 jours \u00e0 partir de 14h (11\/03 et 25\/03).<br \/>\nTransformez vos v\u00eatements ! Apportez vos id\u00e9es et tout ce qui pourra servir \u00e0 la customisation (rubans, boutons, tissus, dentelles, fils, etc).<\/p>\n<p style=\"text-align: justify;\"><strong><span style=\"color: #666699;\">Atelier initiation \u00e0 la couture<\/span><\/strong>, \u00e0 partir de 8 ans.<br \/>\n<span style=\"color: #ff00ff;\"><strong>Mercredi 03 Mars de 14h \u00e0 17h.<\/strong><\/span><br \/>\nInscriptions obligatoires (places limit\u00e9es \u00e0 5 personnes).<\/p>\n<p style=\"text-align: justify;\"><span style=\"color: #666699;\"><strong>Atelier couture<br \/>\n<\/strong><\/span>le <span style=\"color: #ff00ff;\"><strong>mardi de 9h30 \u00e0 12h<\/strong><\/span> une fois tous les 15 jours (02\/03, 16\/03, 30\/03).<br \/>\nAccompagnement pour r\u00e9aliser des petits travaux de couture (raccommodage, ourlets, fermeture \u00e9clair&#8230;<br \/>\nTarifs ateliers: 2\u20ac par s\u00e9ance et adh\u00e9sion annuelle \u00e0 l&rsquo;association (22\u20ac)<br \/>\nRenseignements : Djamila Benzidane<br \/>\nT\u00e9l. : 05.63.56.39.23<\/p>\n<p style=\"text-align: justify;\"><span style=\"color: #666699;\"><strong>Friperie associative<\/strong><\/span><br \/>\nHoraires d&rsquo;ouverture :<br \/>\n&#8211; \u00e0 Vaour le <span style=\"color: #ff00ff;\"><strong>mercredi et le jeudi <\/strong><\/span>de 10h \u00e0 12h30, le <strong><span style=\"color: #ff00ff;\">samedi<\/span><\/strong> de 15h \u00e0 18h , le 1er samedi du mois de 10h \u00e0 12h.<br \/>\n&#8211; aux Cabannes le <span style=\"color: #ff00ff;\"><strong>mercredi <\/strong><\/span>de 9h30 \u00e0 12h30 et de 14h30 \u00e0 17h et le<span style=\"color: #ff00ff;\"><strong> samedi<\/strong><\/span> de 9h30 \u00e0 12h30.<\/p>\n<p style=\"text-align: justify;\"><span style=\"color: #666699;\"><strong>Construction des chars <\/strong><\/span><br \/>\nLes <span style=\"color: #ff00ff;\"><strong>dimanches 14 et 21 mars de 11h \u00e0 17h<\/strong><\/span>, construction des chars et de M. Carnaval \u00e0 la salle des f\u00eates de Vaour pour pr\u00e9parer le carnaval du 27 mars sur le th\u00e8me du <a href=\"https:\/\/www.o-p-i.fr\/parlonsen\/localisation\/a-cote-de-chez-nous\/carnaval-sous-le-signe-du-recupart-a-vaour\/\">r\u00e9cup&rsquo;art<\/a>.<br \/>\nNous avons besoin de toute sorte de mat\u00e9riaux de r\u00e9cup\u00e9ration, de grillage, de structures roulantes qui serviront de bases aux chars.<br \/>\nTous les coups de mains sont les bienvenus.<br \/>\nApportez votre pique-nique.<\/p>\n<p align=\"justify\"><strong><span style=\"color: #666699;\">Renseignements\/ inscriptions (pour l&rsquo;ensemble des activit\u00e9s)<br \/>\nFamilles Rurales Vaour<br \/>\nT\u00e9l. : 05 63 56 39 23<br \/>\nCourriel : <\/span><span style=\"color: #666699;\"><span style=\"text-decoration: underline;\"><a href=\"javascript:popup_imp('\/imp\/compose.php',800,650,'to=animation.afrv%40vaour.net&amp;thismailbox=INBOX');\">animation.afrv@vaour.net<\/a><\/span><\/span><\/strong><\/p>\n<p align=\"justify\"><em>Communiqu\u00e9 de C\u00e9cile Le Houezec pour Familles Rurales Vaour<\/em><\/p>\n","protected":false},"excerpt":{"rendered":"<div class=\"mh-excerpt\">Profitez des ateliers customisation et initiation \u00e0 la couture pour fabriquer votre d\u00e9guisement pour le carnaval sur le th\u00e8me du r\u00e9cup&rsquo;art.<\/div>\n","protected":false},"author":3,"featured_media":0,"comment_status":"open","ping_status":"open","sticky":false,"template":"","format":"standard","meta":{"om_disable_all_campaigns":false,"advanced_seo_description":"","jetpack_seo_html_title":"","jetpack_seo_noindex":false,"_jetpack_memberships_contains_paid_content":false,"footnotes":"","_links_to":"","_links_to_target":""},"categories":[42,54,291,6,356],"tags":[82,187,310,323,358],"class_list":{"0":"post-2545","1":"post","2":"type-post","3":"status-publish","4":"format-standard","6":"category-a-cote-de-chez-nous","7":"category-loisirs","8":"category-solidarite","9":"category-pratique","10":"category-n-47-mars-2010","11":"tag-aines","12":"tag-vaour","13":"tag-friperie","14":"tag-enfant","15":"tag-couture"},"jetpack_featured_media_url":"","views":{"total":0,"cached_at":"","cached_date":1738514525},"jetpack_likes_enabled":true,"jetpack_sharing_enabled":true,"jetpack_shortlink":"https:\/\/wp.me\/pg7Wxj-F3","jetpack-related-posts":[],"_links":{"self":[{"href":"https:\/\/www.o-p-i.fr\/parlonsen\/wp-json\/wp\/v2\/posts\/2545","targetHints":{"allow":["GET"]}}],"collection":[{"href":"https:\/\/www.o-p-i.fr\/parlonsen\/wp-json\/wp\/v2\/posts"}],"about":[{"href":"https:\/\/www.o-p-i.fr\/parlonsen\/wp-json\/wp\/v2\/types\/post"}],"author":[{"embeddable":true,"href":"https:\/\/www.o-p-i.fr\/parlonsen\/wp-json\/wp\/v2\/users\/3"}],"replies":[{"embeddable":true,"href":"https:\/\/www.o-p-i.fr\/parlonsen\/wp-json\/wp\/v2\/comments?post=2545"}],"version-history":[{"count":0,"href":"https:\/\/www.o-p-i.fr\/parlonsen\/wp-json\/wp\/v2\/posts\/2545\/revisions"}],"wp:attachment":[{"href":"https:\/\/www.o-p-i.fr\/parlonsen\/wp-json\/wp\/v2\/media?parent=2545"}],"wp:term":[{"taxonomy":"category","embeddable":true,"href":"https:\/\/www.o-p-i.fr\/parlonsen\/wp-json\/wp\/v2\/categories?post=2545"},{"taxonomy":"post_tag","embeddable":true,"href":"https:\/\/www.o-p-i.fr\/parlonsen\/wp-json\/wp\/v2\/tags?post=2545"}],"curies":[{"name":"wp","href":"https:\/\/api.w.org\/{rel}","templated":true}]}}