{"id":25529,"date":"2015-03-24T19:09:26","date_gmt":"2015-03-24T18:09:26","guid":{"rendered":"\/parlonsen\/?p=25529"},"modified":"2025-11-12T00:41:59","modified_gmt":"2025-11-11T23:41:59","slug":"bal-occitan-a-bioule-82","status":"publish","type":"post","link":"https:\/\/www.o-p-i.fr\/parlonsen\/localisation\/a-cote-de-chez-nous\/bioule\/bal-occitan-a-bioule-82\/","title":{"rendered":"Bal Occitan &#8230; \u00e0 Bioule (82)"},"content":{"rendered":"<p>Le R\u00e9veil occitan de Tarn et Garonne organise un bal occitan ce <strong>samedi 28 mars 2015<\/strong> \u00e0 21 heures \u00e0 la salle des f\u00eates de Bioule. <!--more--><\/p>\n<figure id=\"attachment_25530\" aria-describedby=\"caption-attachment-25530\" style=\"width: 300px\" class=\"wp-caption alignright\"><a href=\"https:\/\/i0.wp.com\/www.o-p-i.fr\/parlonsen\/wp-content\/uploads\/montricoux-balocc.jpg?ssl=1\"><img data-recalc-dims=\"1\" loading=\"lazy\" decoding=\"async\" class=\"size-medium wp-image-25530\" src=\"https:\/\/i0.wp.com\/www.o-p-i.fr\/parlonsen\/wp-content\/uploads\/montricoux-balocc.jpg?resize=300%2C201&#038;ssl=1\" alt=\"Montricoux \" width=\"300\" height=\"201\" srcset=\"https:\/\/i0.wp.com\/www.o-p-i.fr\/parlonsen\/wp-content\/uploads\/montricoux-balocc.jpg?resize=300%2C201&amp;ssl=1 300w, https:\/\/i0.wp.com\/www.o-p-i.fr\/parlonsen\/wp-content\/uploads\/montricoux-balocc.jpg?resize=150%2C101&amp;ssl=1 150w, https:\/\/i0.wp.com\/www.o-p-i.fr\/parlonsen\/wp-content\/uploads\/montricoux-balocc.jpg?resize=400%2C268&amp;ssl=1 400w, https:\/\/i0.wp.com\/www.o-p-i.fr\/parlonsen\/wp-content\/uploads\/montricoux-balocc.jpg?w=600&amp;ssl=1 600w\" sizes=\"auto, (max-width: 300px) 100vw, 300px\" \/><\/a><figcaption id=\"caption-attachment-25530\" class=\"wp-caption-text\">Montricoux<\/figcaption><\/figure>\n<p>Il sera anim\u00e9 par Occitania. Venez danser scottishs, mazurkas, polkas, rondes, bourr\u00e9es, le brise pied&#8230; Si vous ne connaissez pas ces danses, venez les d\u00e9couvrir, les danseurs vous entra\u00eeneront sur la piste.<\/p>\n<p><strong>Tarifs :<\/strong><br \/>\n8\u20ac<\/p>\n<p><strong>Contact :<\/strong> <a href=\"https:\/\/www.o-p-i.fr\/aupays\/annuaire\/loisirs\/reveil-occitan\/\" rel=\"bookmark\">R\u00e9veil Occitan<\/a><\/p>\n<div class=\"entry-thumbnails\"><a href=\"https:\/\/www.o-p-i.fr\/aupays\/annuaire\/loisirs\/reveil-occitan\/\"><img decoding=\"async\" title=\"R\u00e9veil Occitan\" src=\"https:\/\/www.o-p-i.fr\/aupays\/wp-content\/themes\/arras-theme\/library\/timthumb.php?src=https:\/\/www.o-p-i.fr\/aupays\/wp-content\/uploads\/logo_reveiloccitan.jpg&amp;w=190&amp;h=100&amp;zc=1\" alt=\"R\u00e9veil Occitan\" \/><\/a><span class=\"entry-meta\"><abbr class=\"published\" title=\"2015-01-21T01:30:10+00:00\">&#8230;<\/abbr><\/span><\/div>\n<h3 class=\"entry-title\"><\/h3>\n","protected":false},"excerpt":{"rendered":"<div class=\"mh-excerpt\">Le R\u00e9veil occitan de Tarn et Garonne organise un bal occitan ce samedi 28 mars 2015 \u00e0 21 heures \u00e0 la salle des f\u00eates de Bioule.<\/div>\n","protected":false},"author":2,"featured_media":0,"comment_status":"open","ping_status":"open","sticky":false,"template":"","format":"standard","meta":{"om_disable_all_campaigns":false,"advanced_seo_description":"","jetpack_seo_html_title":"","jetpack_seo_noindex":false,"_jetpack_memberships_contains_paid_content":false,"footnotes":"","_links_to":"","_links_to_target":""},"categories":[40,54,2177],"tags":[84,133,156,1706,2015],"class_list":{"0":"post-25529","1":"post","2":"type-post","3":"status-publish","4":"format-standard","6":"category-bioule","7":"category-loisirs","8":"category-n-108-mars-2015","9":"tag-danse","10":"tag-occitanie","11":"tag-bal","12":"tag-bal-traditionnel","13":"tag-bal-occitan"},"jetpack_featured_media_url":"","views":{"total":0,"cached_at":"","cached_date":1738508680},"jetpack_likes_enabled":true,"jetpack_sharing_enabled":true,"jetpack_shortlink":"https:\/\/wp.me\/pg7Wxj-6DL","jetpack-related-posts":[],"_links":{"self":[{"href":"https:\/\/www.o-p-i.fr\/parlonsen\/wp-json\/wp\/v2\/posts\/25529","targetHints":{"allow":["GET"]}}],"collection":[{"href":"https:\/\/www.o-p-i.fr\/parlonsen\/wp-json\/wp\/v2\/posts"}],"about":[{"href":"https:\/\/www.o-p-i.fr\/parlonsen\/wp-json\/wp\/v2\/types\/post"}],"author":[{"embeddable":true,"href":"https:\/\/www.o-p-i.fr\/parlonsen\/wp-json\/wp\/v2\/users\/2"}],"replies":[{"embeddable":true,"href":"https:\/\/www.o-p-i.fr\/parlonsen\/wp-json\/wp\/v2\/comments?post=25529"}],"version-history":[{"count":1,"href":"https:\/\/www.o-p-i.fr\/parlonsen\/wp-json\/wp\/v2\/posts\/25529\/revisions"}],"predecessor-version":[{"id":67540,"href":"https:\/\/www.o-p-i.fr\/parlonsen\/wp-json\/wp\/v2\/posts\/25529\/revisions\/67540"}],"wp:attachment":[{"href":"https:\/\/www.o-p-i.fr\/parlonsen\/wp-json\/wp\/v2\/media?parent=25529"}],"wp:term":[{"taxonomy":"category","embeddable":true,"href":"https:\/\/www.o-p-i.fr\/parlonsen\/wp-json\/wp\/v2\/categories?post=25529"},{"taxonomy":"post_tag","embeddable":true,"href":"https:\/\/www.o-p-i.fr\/parlonsen\/wp-json\/wp\/v2\/tags?post=25529"}],"curies":[{"name":"wp","href":"https:\/\/api.w.org\/{rel}","templated":true}]}}