{"id":25553,"date":"2015-03-27T10:13:46","date_gmt":"2015-03-27T09:13:46","guid":{"rendered":"\/parlonsen\/?p=25553"},"modified":"2015-03-25T19:25:14","modified_gmt":"2015-03-25T18:25:14","slug":"the-dansant-a-montdurausse-81","status":"publish","type":"post","link":"https:\/\/www.o-p-i.fr\/parlonsen\/localisation\/au-pays-des-tescous\/montdurausse\/the-dansant-a-montdurausse-81\/","title":{"rendered":"Th\u00e9 dansant &#8230; \u00e0 Montdurausse (81)"},"content":{"rendered":"<div>L&rsquo;association \u00ab\u00a0La belle \u00e9poque\u00a0\u00bb vous propose un th\u00e9 dansant avec Dany-Musette le <strong>Dimanche 19 avril 2015,\u00a0<\/strong>de 14h \u00e0 19h<strong>, <\/strong>\u00e0 la salle des f\u00eate de Mondurausse.<\/div>\n<p><!--more--><\/p>\n<div><\/div>\n<div>\n<figure id=\"attachment_25554\" aria-describedby=\"caption-attachment-25554\" style=\"width: 700px\" class=\"wp-caption aligncenter\"><a href=\"https:\/\/i0.wp.com\/www.o-p-i.fr\/parlonsen\/wp-content\/uploads\/affiche-the-dansant-2014.jpg?ssl=1\"><img data-recalc-dims=\"1\" loading=\"lazy\" decoding=\"async\" class=\"size-full wp-image-25554\" src=\"https:\/\/i0.wp.com\/www.o-p-i.fr\/parlonsen\/wp-content\/uploads\/affiche-the-dansant-2014.jpg?resize=700%2C933&#038;ssl=1\" alt=\"Th\u00e9 dansant \u00e0 Montdurausse (81)\" width=\"700\" height=\"933\" srcset=\"https:\/\/i0.wp.com\/www.o-p-i.fr\/parlonsen\/wp-content\/uploads\/affiche-the-dansant-2014.jpg?w=700&amp;ssl=1 700w, https:\/\/i0.wp.com\/www.o-p-i.fr\/parlonsen\/wp-content\/uploads\/affiche-the-dansant-2014.jpg?resize=225%2C300&amp;ssl=1 225w, https:\/\/i0.wp.com\/www.o-p-i.fr\/parlonsen\/wp-content\/uploads\/affiche-the-dansant-2014.jpg?resize=113%2C150&amp;ssl=1 113w, https:\/\/i0.wp.com\/www.o-p-i.fr\/parlonsen\/wp-content\/uploads\/affiche-the-dansant-2014.jpg?resize=400%2C533&amp;ssl=1 400w\" sizes=\"auto, (max-width: 700px) 100vw, 700px\" \/><\/a><figcaption id=\"caption-attachment-25554\" class=\"wp-caption-text\">Th\u00e9 dansant \u00e0 Montdurausse (81)<\/figcaption><\/figure>\n<\/div>\n<div><\/div>\n<div><strong>Tarif :<\/strong><br \/>\nEntr\u00e9e : 7 euro<br \/>\nCaf\u00e9 et g\u00e2teaux offert<\/div>\n<div><\/div>\n<div><strong>Contact :<\/strong><br \/>\nT\u00e9l. :\u00a0 07 78\u00a0 19 65 39<\/div>\n","protected":false},"excerpt":{"rendered":"<div class=\"mh-excerpt\">L&rsquo;association \u00ab\u00a0La belle \u00e9poque\u00a0\u00bb vous propose un th\u00e9 dansant avec Dany-Musette le Dimanche 19 avril 2015,\u00a0de 14h \u00e0 19h, \u00e0 la salle des f\u00eate de Mondurausse.<\/div>\n","protected":false},"author":2,"featured_media":0,"comment_status":"open","ping_status":"open","sticky":false,"template":"","format":"standard","meta":{"om_disable_all_campaigns":false,"advanced_seo_description":"","jetpack_seo_html_title":"","jetpack_seo_noindex":false,"_jetpack_memberships_contains_paid_content":false,"footnotes":"","_links_to":"","_links_to_target":""},"categories":[54,32,2178],"tags":[80,82,2555],"class_list":{"0":"post-25553","1":"post","2":"type-post","3":"status-publish","4":"format-standard","6":"category-loisirs","7":"category-montdurausse","8":"category-n-109-avril-2015","9":"tag-the-dansant","10":"tag-aines","11":"tag-montdurausse"},"jetpack_featured_media_url":"","views":{"total":0,"cached_at":"","cached_date":1738510300},"jetpack_likes_enabled":true,"jetpack_sharing_enabled":true,"jetpack_shortlink":"https:\/\/wp.me\/pg7Wxj-6E9","jetpack-related-posts":[],"_links":{"self":[{"href":"https:\/\/www.o-p-i.fr\/parlonsen\/wp-json\/wp\/v2\/posts\/25553","targetHints":{"allow":["GET"]}}],"collection":[{"href":"https:\/\/www.o-p-i.fr\/parlonsen\/wp-json\/wp\/v2\/posts"}],"about":[{"href":"https:\/\/www.o-p-i.fr\/parlonsen\/wp-json\/wp\/v2\/types\/post"}],"author":[{"embeddable":true,"href":"https:\/\/www.o-p-i.fr\/parlonsen\/wp-json\/wp\/v2\/users\/2"}],"replies":[{"embeddable":true,"href":"https:\/\/www.o-p-i.fr\/parlonsen\/wp-json\/wp\/v2\/comments?post=25553"}],"version-history":[{"count":0,"href":"https:\/\/www.o-p-i.fr\/parlonsen\/wp-json\/wp\/v2\/posts\/25553\/revisions"}],"wp:attachment":[{"href":"https:\/\/www.o-p-i.fr\/parlonsen\/wp-json\/wp\/v2\/media?parent=25553"}],"wp:term":[{"taxonomy":"category","embeddable":true,"href":"https:\/\/www.o-p-i.fr\/parlonsen\/wp-json\/wp\/v2\/categories?post=25553"},{"taxonomy":"post_tag","embeddable":true,"href":"https:\/\/www.o-p-i.fr\/parlonsen\/wp-json\/wp\/v2\/tags?post=25553"}],"curies":[{"name":"wp","href":"https:\/\/api.w.org\/{rel}","templated":true}]}}