{"id":25585,"date":"2015-03-30T23:55:39","date_gmt":"2015-03-30T22:55:39","guid":{"rendered":"\/parlonsen\/?p=25585"},"modified":"2015-03-30T23:55:39","modified_gmt":"2015-03-30T22:55:39","slug":"retour-du-jeudi-204-imbert-imbert-8-1004-complot-sur-le-campus-10-a-albi-81","status":"publish","type":"post","link":"https:\/\/www.o-p-i.fr\/parlonsen\/parlons-en\/culture\/retour-du-jeudi-204-imbert-imbert-8-1004-complot-sur-le-campus-10-a-albi-81\/","title":{"rendered":"Retour du Jeudi 2\/04 : Imbert Imbert + 8-10\/04 Complot sur le Campus #10 &#8230;  \u00e0 Albi (81)"},"content":{"rendered":"<p>Vous avez ci-dessous la programmation du Retour du <strong>Jeudi 2 avril 2015<\/strong> : un concert d&rsquo;Imbert Imbert ; et\u00a0 celle de <strong>Complot sur le Campus #10, les 8, 9 et 10 avril 2015<\/strong>.<!--more--><\/p>\n<p>*******************************************<\/p>\n<figure id=\"attachment_25608\" aria-describedby=\"caption-attachment-25608\" style=\"width: 150px\" class=\"wp-caption alignright\"><a href=\"https:\/\/i0.wp.com\/www.o-p-i.fr\/parlonsen\/wp-content\/uploads\/imbert_imbert.jpg?ssl=1\"><img data-recalc-dims=\"1\" loading=\"lazy\" decoding=\"async\" class=\"size-full wp-image-25608\" src=\"https:\/\/i0.wp.com\/www.o-p-i.fr\/parlonsen\/wp-content\/uploads\/imbert_imbert.jpg?resize=150%2C226&#038;ssl=1\" alt=\"Imbert Imbert : R\u00e9volte Amour &amp; Contrebasse\" width=\"150\" height=\"226\" srcset=\"https:\/\/i0.wp.com\/www.o-p-i.fr\/parlonsen\/wp-content\/uploads\/imbert_imbert.jpg?w=150&amp;ssl=1 150w, https:\/\/i0.wp.com\/www.o-p-i.fr\/parlonsen\/wp-content\/uploads\/imbert_imbert.jpg?resize=100%2C150&amp;ssl=1 100w\" sizes=\"auto, (max-width: 150px) 100vw, 150px\" \/><\/a><figcaption id=\"caption-attachment-25608\" class=\"wp-caption-text\">Imbert Imbert : R\u00e9volte Amour &amp; Contrebasse<\/figcaption><\/figure>\n<p><strong>&#8211; LE RETOUR DU JEUDI 2 AVRIL : Imbert Imbert : R\u00e9volte Amour &amp; Contrebasse<\/strong><\/p>\n<p><em>Jeudi 2 avril \/ 18 h 30 \/ Foyer, b\u00e2timent Pascal(e) Ambic \/ gratuit<\/em><\/p>\n<p style=\"text-align: justify;\">Entre \u00e9rotisme revendicatif et revendications \u00e9rotiques, impitoyable, ricanant des fatuit\u00e9s, du pouvoir et des honneurs, mais jamais de l\u2019amour, Imbert Imbert offre des chansons qui parlent du mal de vivre ou chantent la vie \u00e0 pleines mains, comme on se jette un verre d\u2019eau-de-vie, avec une violence qui br\u00fble tout sur son passage pour qu\u2019y repousse la tendresse, fragile, souriante, \u00e0 fleur d\u2019archet, aussi grosse et lourde \u00e0 porter que sa contrebasse, qui se fait tranchante, cinglante, froide comme une lame, mais s\u2019\u00e9panouit aussi, s\u2019arrondit, dans des harmoniques souples et lentes, dr\u00f4lement sensuelles. Certaines ont l\u2019amer chagrin d\u2019amours perdues, d\u2019autres la nostalgie de lendemains heureux. Grand impr\u00e9cateur des privil\u00e8ges et des passe-droits, Imbert Imbert refuse le monde tel qu\u2019il est, avec la maturit\u00e9 du sale gosse d\u00e9cid\u00e9 \u00e0 faire la peau \u00e0 la po\u00e9sie en lui faisant l&rsquo;amour.<\/p>\n<p>Le concert sera pr\u00e9c\u00e9d\u00e9 d\u2019une sc\u00e8ne ouverte de slam\u00a0: amenez vos textes et vos oreilles\u00a0!<\/p>\n<p>*******************************************<\/p>\n<p><strong>&#8211; 8, 9 &amp; 10 AVRIL : COMPLOT SUR LE CAMPUS # 10<\/strong><\/p>\n<p>10\u00e8me \u00e9dition de l\u2019\u00e9cofestival organis\u00e9 par les Comploteurs festifs<br \/>\nGratuit et ouvert \u00e0 tous<br \/>\nAvec Elisa do Brasil, Asocial Club (Casey &amp; compagnie), La Fine Equipe, Nilco, MP1point2, Marc Vella, Blow the Man Down, etc.<\/p>\n<p><a href=\"https:\/\/www.o-p-i.fr\/parlonsen\/wp-content\/uploads\/flycomplot2015.pdf\">Programme complet <\/a><\/p>\n<p>&#8212;<br \/>\nJ\u00e9r\u00f4me Cabot<br \/>\ncharg\u00e9 de mission \u00e0 l&rsquo;action culturelle<br \/>\nMCF en litt\u00e9rature fran\u00e7aise<br \/>\nUniversit\u00e9 Champollion<br \/>\n05 63 48 19 70<br \/>\n<a href=\"http:\/\/leretourdujeudi.univ-jfc.fr\" target=\"_blank\">http:\/\/leretourdujeudi.univ-jfc.fr<\/a><\/p>\n","protected":false},"excerpt":{"rendered":"<div class=\"mh-excerpt\">Vous avez ci-dessous la programmation du Retour du Jeudi 2 avril 2015 : un concert d&rsquo;Imbert Imbert ; et\u00a0 celle de Complot sur le Campus #10, les 8, 9 et 10 avril 2015.<\/div>\n","protected":false},"author":2,"featured_media":0,"comment_status":"open","ping_status":"open","sticky":false,"template":"","format":"standard","meta":{"om_disable_all_campaigns":false,"advanced_seo_description":"","jetpack_seo_html_title":"","jetpack_seo_noindex":false,"_jetpack_memberships_contains_paid_content":false,"footnotes":"","_links_to":"","_links_to_target":""},"categories":[42,1,396,54,2178],"tags":[43,44,45,46,47,403],"class_list":{"0":"post-25585","1":"post","2":"type-post","3":"status-publish","4":"format-standard","6":"category-a-cote-de-chez-nous","7":"category-culture","8":"category-cest-le-printemps","9":"category-loisirs","10":"category-n-109-avril-2015","11":"tag-concert","12":"tag-albi","13":"tag-retour-du-jeudi","14":"tag-fac","15":"tag-champollion","16":"tag-complot-sur-le-campus"},"jetpack_featured_media_url":"","views":{"total":0,"cached_at":"","cached_date":1738526735},"jetpack_likes_enabled":true,"jetpack_sharing_enabled":true,"jetpack_shortlink":"https:\/\/wp.me\/pg7Wxj-6EF","jetpack-related-posts":[],"_links":{"self":[{"href":"https:\/\/www.o-p-i.fr\/parlonsen\/wp-json\/wp\/v2\/posts\/25585","targetHints":{"allow":["GET"]}}],"collection":[{"href":"https:\/\/www.o-p-i.fr\/parlonsen\/wp-json\/wp\/v2\/posts"}],"about":[{"href":"https:\/\/www.o-p-i.fr\/parlonsen\/wp-json\/wp\/v2\/types\/post"}],"author":[{"embeddable":true,"href":"https:\/\/www.o-p-i.fr\/parlonsen\/wp-json\/wp\/v2\/users\/2"}],"replies":[{"embeddable":true,"href":"https:\/\/www.o-p-i.fr\/parlonsen\/wp-json\/wp\/v2\/comments?post=25585"}],"version-history":[{"count":0,"href":"https:\/\/www.o-p-i.fr\/parlonsen\/wp-json\/wp\/v2\/posts\/25585\/revisions"}],"wp:attachment":[{"href":"https:\/\/www.o-p-i.fr\/parlonsen\/wp-json\/wp\/v2\/media?parent=25585"}],"wp:term":[{"taxonomy":"category","embeddable":true,"href":"https:\/\/www.o-p-i.fr\/parlonsen\/wp-json\/wp\/v2\/categories?post=25585"},{"taxonomy":"post_tag","embeddable":true,"href":"https:\/\/www.o-p-i.fr\/parlonsen\/wp-json\/wp\/v2\/tags?post=25585"}],"curies":[{"name":"wp","href":"https:\/\/api.w.org\/{rel}","templated":true}]}}