{"id":25627,"date":"2015-03-31T19:20:42","date_gmt":"2015-03-31T18:20:42","guid":{"rendered":"\/parlonsen\/?p=25627"},"modified":"2015-03-31T19:20:42","modified_gmt":"2015-03-31T18:20:42","slug":"court-metrages-cineconcert-a-salvagnac-81","status":"publish","type":"post","link":"https:\/\/www.o-p-i.fr\/parlonsen\/parlons-en\/culture\/court-metrages-cineconcert-a-salvagnac-81\/","title":{"rendered":"Court-M\u00e9trages &#038; Cin\u00e9concert &#8230; \u00e0 Salvagnac (81)"},"content":{"rendered":"<p>Les Vid\u00e9ophages seront au Galetas le <strong>Samedi 4 Avril 2015<\/strong> \u00e0 19h30. <!--more--><\/p>\n<figure id=\"attachment_25628\" aria-describedby=\"caption-attachment-25628\" style=\"width: 300px\" class=\"wp-caption alignright\"><a href=\"https:\/\/i0.wp.com\/www.o-p-i.fr\/parlonsen\/wp-content\/uploads\/colporteurdimage.jpg?ssl=1\"><img data-recalc-dims=\"1\" loading=\"lazy\" decoding=\"async\" class=\"size-medium wp-image-25628\" src=\"https:\/\/i0.wp.com\/www.o-p-i.fr\/parlonsen\/wp-content\/uploads\/colporteurdimage.jpg?resize=300%2C227&#038;ssl=1\" alt=\"Le colporteur d'images\" width=\"300\" height=\"227\" srcset=\"https:\/\/i0.wp.com\/www.o-p-i.fr\/parlonsen\/wp-content\/uploads\/colporteurdimage.jpg?resize=300%2C227&amp;ssl=1 300w, https:\/\/i0.wp.com\/www.o-p-i.fr\/parlonsen\/wp-content\/uploads\/colporteurdimage.jpg?resize=150%2C113&amp;ssl=1 150w, https:\/\/i0.wp.com\/www.o-p-i.fr\/parlonsen\/wp-content\/uploads\/colporteurdimage.jpg?resize=400%2C303&amp;ssl=1 400w, https:\/\/i0.wp.com\/www.o-p-i.fr\/parlonsen\/wp-content\/uploads\/colporteurdimage.jpg?w=800&amp;ssl=1 800w\" sizes=\"auto, (max-width: 300px) 100vw, 300px\" \/><\/a><figcaption id=\"caption-attachment-25628\" class=\"wp-caption-text\">Le colporteur d&rsquo;images<\/figcaption><\/figure>\n<p><strong>Le colporteur d&rsquo;images<\/strong><\/p>\n<p style=\"text-align: justify;\">Une soir\u00e9e men\u00e9e par Fabrice Godard.<br \/>\nLe colporteur d&rsquo;images : un concept de projection itin\u00e9rante en milieu rural, l&rsquo;envie de mettre en lumi\u00e8re des courts-m\u00e9trages ind\u00e9pendants, le travail de r\u00e9alisateurs(trices) peu m\u00e9diatis\u00e9(es), des sujets qui me tiennent \u00e0 coeur, donner \u00e0 voir des r\u00e9alisations locales, et enfin revenir sur l&rsquo;histoire du cin\u00e9ma au travers de courts-m\u00e9trages parfois oubli\u00e9s.<\/p>\n<p>R\u00e9servation fortement conseill\u00e9e.<br \/>\nBuvette et Assiettes de Tapas sur place.<\/p>\n<p><strong>Tarifs :<\/strong><br \/>\nAdultes : 7.50\u20ac<br \/>\nEnfants (- 12 ans) : 5\u20ac<\/p>\n<p><strong>Contact : <\/strong>Le Galetas<br \/>\nAncien presbyt\u00e8re<br \/>\nPlace de l\u2019\u00c9glise<br \/>\n81630 Salvagnac<br \/>\nT\u00e9l. :\u00a0 06 78 30 92 81<br \/>\nCourriel : <a href=\"mailto:galetas.salvagnac@gmail.com\">galetas.salvagnac@gmail.com<\/a><\/p>\n<p><em>Communiqu\u00e9 par Le Galetas<\/em><\/p>\n","protected":false},"excerpt":{"rendered":"<div class=\"mh-excerpt\">Les Vid\u00e9ophages seront au Galetas le Samedi 4 Avril 2015 \u00e0 19h30.<\/div>\n","protected":false},"author":2,"featured_media":0,"comment_status":"open","ping_status":"open","sticky":false,"template":"","format":"standard","meta":{"om_disable_all_campaigns":false,"advanced_seo_description":"","jetpack_seo_html_title":"","jetpack_seo_noindex":false,"_jetpack_memberships_contains_paid_content":false,"footnotes":"","_links_to":"","_links_to_target":""},"categories":[1,54,25,2178],"tags":[43,2548,92,1319,2113],"class_list":{"0":"post-25627","1":"post","2":"type-post","3":"status-publish","4":"format-standard","6":"category-culture","7":"category-loisirs","8":"category-salvagnac","9":"category-n-109-avril-2015","10":"tag-concert","11":"tag-salvagnac","12":"tag-cine","13":"tag-le-galetas","14":"tag-court-metrage"},"jetpack_featured_media_url":"","views":{"total":1,"cached_at":"","cached_date":1738511883},"jetpack_likes_enabled":true,"jetpack_sharing_enabled":true,"jetpack_shortlink":"https:\/\/wp.me\/pg7Wxj-6Fl","jetpack-related-posts":[],"_links":{"self":[{"href":"https:\/\/www.o-p-i.fr\/parlonsen\/wp-json\/wp\/v2\/posts\/25627","targetHints":{"allow":["GET"]}}],"collection":[{"href":"https:\/\/www.o-p-i.fr\/parlonsen\/wp-json\/wp\/v2\/posts"}],"about":[{"href":"https:\/\/www.o-p-i.fr\/parlonsen\/wp-json\/wp\/v2\/types\/post"}],"author":[{"embeddable":true,"href":"https:\/\/www.o-p-i.fr\/parlonsen\/wp-json\/wp\/v2\/users\/2"}],"replies":[{"embeddable":true,"href":"https:\/\/www.o-p-i.fr\/parlonsen\/wp-json\/wp\/v2\/comments?post=25627"}],"version-history":[{"count":0,"href":"https:\/\/www.o-p-i.fr\/parlonsen\/wp-json\/wp\/v2\/posts\/25627\/revisions"}],"wp:attachment":[{"href":"https:\/\/www.o-p-i.fr\/parlonsen\/wp-json\/wp\/v2\/media?parent=25627"}],"wp:term":[{"taxonomy":"category","embeddable":true,"href":"https:\/\/www.o-p-i.fr\/parlonsen\/wp-json\/wp\/v2\/categories?post=25627"},{"taxonomy":"post_tag","embeddable":true,"href":"https:\/\/www.o-p-i.fr\/parlonsen\/wp-json\/wp\/v2\/tags?post=25627"}],"curies":[{"name":"wp","href":"https:\/\/api.w.org\/{rel}","templated":true}]}}