{"id":25630,"date":"2015-04-01T07:37:04","date_gmt":"2015-04-01T06:37:04","guid":{"rendered":"\/parlonsen\/?p=25630"},"modified":"2025-11-11T23:40:44","modified_gmt":"2025-11-11T22:40:44","slug":"vehicules-anciens-a-loubejac","status":"publish","type":"post","link":"https:\/\/www.o-p-i.fr\/parlonsen\/localisation\/a-cote-de-chez-nous\/vehicules-anciens-a-loubejac\/","title":{"rendered":"V\u00e9hicules anciens\u2026 \u00e0 Loub\u00e9jac (82)"},"content":{"rendered":"<p>Le week-end <strong>du 18 et 19 avril 2015<\/strong>,\u00a0 l&rsquo;Association Trial kely Passion organise une Bourse et Expo de v\u00e9hicules anciens de toutes \u00e9poques (Auto ,Moto , Cyclo , Camions\u00a0\u2026..) \u00e0 la salle des f\u00eates de Loub\u00e9jac. Le samedi soir, repas concert country\/rock\u2019n\u2019roll sp\u00e9cial Elvis.<!--more--><\/p>\n<figure id=\"attachment_25632\" aria-describedby=\"caption-attachment-25632\" style=\"width: 227px\" class=\"wp-caption alignright\"><a href=\"https:\/\/i0.wp.com\/www.o-p-i.fr\/parlonsen\/wp-content\/uploads\/Rocknrolll.jpg?ssl=1\"><img data-recalc-dims=\"1\" loading=\"lazy\" decoding=\"async\" class=\"size-full wp-image-25632\" src=\"https:\/\/i0.wp.com\/www.o-p-i.fr\/parlonsen\/wp-content\/uploads\/Rocknrolll.jpg?resize=227%2C435&#038;ssl=1\" alt=\"Rock'n'rolll\" width=\"227\" height=\"435\" srcset=\"https:\/\/i0.wp.com\/www.o-p-i.fr\/parlonsen\/wp-content\/uploads\/Rocknrolll.jpg?w=227&amp;ssl=1 227w, https:\/\/i0.wp.com\/www.o-p-i.fr\/parlonsen\/wp-content\/uploads\/Rocknrolll.jpg?resize=157%2C300&amp;ssl=1 157w, https:\/\/i0.wp.com\/www.o-p-i.fr\/parlonsen\/wp-content\/uploads\/Rocknrolll.jpg?resize=78%2C150&amp;ssl=1 78w\" sizes=\"auto, (max-width: 227px) 100vw, 227px\" \/><\/a><figcaption id=\"caption-attachment-25632\" class=\"wp-caption-text\">Rock&rsquo;n&rsquo;rolll<\/figcaption><\/figure>\n<p><strong>AU PROGRAMME :<\/strong><\/p>\n<p><strong>Samedi 18 avril 2015<\/strong><\/p>\n<p>8h00 : Rassemblement v\u00e9hicules anciens de toutes \u00e9poques (autos, motos, cyclos, camions,&#8230;)<br \/>\n8h30 : Petit-d\u00e9jeuner<br \/>\n9h00 : Exposition gratuite \u00e0 tous<\/p>\n<p>Bourse (miniatures, pi\u00e8ces d\u00e9tach\u00e9s,vente de v\u00e9hicules et autres &#8230;) &#8211; 5\u20ac le ml<br \/>\nAnimations, jeux<\/p>\n<p>20 h00 : Repas Concert, COUNTRY ROCK&rsquo;N&rsquo;ROLL sp\u00e9cial Elvis (par Phil FASAN)<br \/>\nsur r\u00e9servation<br \/>\n<strong>Tarifs :<\/strong><br \/>\nEntr\u00e9e +repas\u00a0: 20\u20ac (hors boisson)<br \/>\nEntr\u00e9e sans repas : 10\u20ac adulte \/ 5\u20ac enfant (gratuit -3ans)<br \/>\n(Ticket \u00e0 retirer sur le site le jour m\u00eame )<\/p>\n<p><strong>Dimanche 19 avril 2015<\/strong><\/p>\n<p>6h30 : Vide ton garage (4\u20ac le ml)<br \/>\n8h00 : Rassemblement ouvert \u00e0 toutes Motos<br \/>\n8h30 : Petit-d\u00e9jeuner<br \/>\n10h00 : D\u00e9part pour la balade moto<br \/>\n&#8211; animations, jeux<\/p>\n<figure id=\"attachment_25635\" aria-describedby=\"caption-attachment-25635\" style=\"width: 454px\" class=\"wp-caption alignright\"><a href=\"https:\/\/i0.wp.com\/www.o-p-i.fr\/parlonsen\/wp-content\/uploads\/Voiture-e-Rock.jpg?ssl=1\"><img data-recalc-dims=\"1\" loading=\"lazy\" decoding=\"async\" class=\"size-full wp-image-25635\" src=\"https:\/\/i0.wp.com\/www.o-p-i.fr\/parlonsen\/wp-content\/uploads\/Voiture-e-Rock.jpg?resize=454%2C160&#038;ssl=1\" alt=\"Autos Motos \u00e0  Louib\u00e9jac\" width=\"454\" height=\"160\" srcset=\"https:\/\/i0.wp.com\/www.o-p-i.fr\/parlonsen\/wp-content\/uploads\/Voiture-e-Rock.jpg?w=454&amp;ssl=1 454w, https:\/\/i0.wp.com\/www.o-p-i.fr\/parlonsen\/wp-content\/uploads\/Voiture-e-Rock.jpg?resize=300%2C106&amp;ssl=1 300w, https:\/\/i0.wp.com\/www.o-p-i.fr\/parlonsen\/wp-content\/uploads\/Voiture-e-Rock.jpg?resize=150%2C53&amp;ssl=1 150w, https:\/\/i0.wp.com\/www.o-p-i.fr\/parlonsen\/wp-content\/uploads\/Voiture-e-Rock.jpg?resize=400%2C141&amp;ssl=1 400w\" sizes=\"auto, (max-width: 454px) 100vw, 454px\" \/><\/a><figcaption id=\"caption-attachment-25635\" class=\"wp-caption-text\">Autos Motos \u00e0 Louib\u00e9jac<\/figcaption><\/figure>\n<p>CONCOURS DE LA MOTO LA PLUS ORIGINALE<br \/>\nAmbiance ROCK&rsquo;N&rsquo;ROLL \/ ROCKABILLY<\/p>\n<p>Buvette et sandwicherie ouverte du samedi au dimanche soir<br \/>\nFermeture du site \u00e0 18h00<br \/>\nRepas offert aux conducteurs le midi<\/p>\n<p><strong>Contact :<\/strong> Association Trial kely Passion<br \/>\nT\u00e9l. : 06 58 20 09 62<\/p>\n","protected":false},"excerpt":{"rendered":"<div class=\"mh-excerpt\">Le week-end du 18 et 19 avril 2015,\u00a0 l&rsquo;Association Trial kely Passion organise une Bourse et Expo de v\u00e9hicules anciens de toutes \u00e9poques (Auto ,Moto , Cyclo , Camions\u00a0\u2026..) \u00e0 la salle des f\u00eates de <a class=\"mh-excerpt-more\" href=\"https:\/\/www.o-p-i.fr\/parlonsen\/localisation\/a-cote-de-chez-nous\/vehicules-anciens-a-loubejac\/\" title=\"V\u00e9hicules anciens\u2026 \u00e0 Loub\u00e9jac (82)\">[&#8230;]<\/a><\/div>\n","protected":false},"author":4,"featured_media":0,"comment_status":"open","ping_status":"open","sticky":false,"template":"","format":"standard","meta":{"om_disable_all_campaigns":false,"advanced_seo_description":"","jetpack_seo_html_title":"","jetpack_seo_noindex":false,"_jetpack_memberships_contains_paid_content":false,"footnotes":"","_links_to":"","_links_to_target":""},"categories":[42,54,2178],"tags":[85,172,946,963,2298,3979],"class_list":{"0":"post-25630","1":"post","2":"type-post","3":"status-publish","4":"format-standard","6":"category-a-cote-de-chez-nous","7":"category-loisirs","8":"category-n-109-avril-2015","9":"tag-rocknroll","10":"tag-exposition","11":"tag-vehicules-anciens","12":"tag-country","13":"tag-loubejac","14":"tag-bourse-dechanges"},"jetpack_featured_media_url":"","views":{"total":0,"cached_at":"","cached_date":1738511895},"jetpack_likes_enabled":true,"jetpack_sharing_enabled":true,"jetpack_shortlink":"https:\/\/wp.me\/pg7Wxj-6Fo","jetpack-related-posts":[],"_links":{"self":[{"href":"https:\/\/www.o-p-i.fr\/parlonsen\/wp-json\/wp\/v2\/posts\/25630","targetHints":{"allow":["GET"]}}],"collection":[{"href":"https:\/\/www.o-p-i.fr\/parlonsen\/wp-json\/wp\/v2\/posts"}],"about":[{"href":"https:\/\/www.o-p-i.fr\/parlonsen\/wp-json\/wp\/v2\/types\/post"}],"author":[{"embeddable":true,"href":"https:\/\/www.o-p-i.fr\/parlonsen\/wp-json\/wp\/v2\/users\/4"}],"replies":[{"embeddable":true,"href":"https:\/\/www.o-p-i.fr\/parlonsen\/wp-json\/wp\/v2\/comments?post=25630"}],"version-history":[{"count":1,"href":"https:\/\/www.o-p-i.fr\/parlonsen\/wp-json\/wp\/v2\/posts\/25630\/revisions"}],"predecessor-version":[{"id":67469,"href":"https:\/\/www.o-p-i.fr\/parlonsen\/wp-json\/wp\/v2\/posts\/25630\/revisions\/67469"}],"wp:attachment":[{"href":"https:\/\/www.o-p-i.fr\/parlonsen\/wp-json\/wp\/v2\/media?parent=25630"}],"wp:term":[{"taxonomy":"category","embeddable":true,"href":"https:\/\/www.o-p-i.fr\/parlonsen\/wp-json\/wp\/v2\/categories?post=25630"},{"taxonomy":"post_tag","embeddable":true,"href":"https:\/\/www.o-p-i.fr\/parlonsen\/wp-json\/wp\/v2\/tags?post=25630"}],"curies":[{"name":"wp","href":"https:\/\/api.w.org\/{rel}","templated":true}]}}