{"id":25640,"date":"2015-04-09T16:41:39","date_gmt":"2015-04-09T15:41:39","guid":{"rendered":"\/parlonsen\/?p=25640"},"modified":"2015-09-04T14:22:54","modified_gmt":"2015-09-04T13:22:54","slug":"de-ferme-en-ferme-au-pays-des-tescous","status":"publish","type":"post","link":"https:\/\/www.o-p-i.fr\/parlonsen\/localisation\/au-pays-des-tescous\/castelnau\/de-ferme-en-ferme-au-pays-des-tescous\/","title":{"rendered":"\u00ab\u00a0De ferme en ferme\u00a0\u00bb&#8230; au Pays des Tescou&rsquo;s"},"content":{"rendered":"<p style=\"text-align: justify;\"><strong>Samedi 25 et dimanche 26 avril 2015<\/strong>, dans le cadre de l&rsquo;op\u00e9ration <strong>\u00ab\u00a0De ferme en ferme\u00a0\u00bb<\/strong>, des producteurs d&rsquo;ici vous accueillent, vous font d\u00e9couvrir leur exploitation et savourer leurs sp\u00e9cialit\u00e9s.<!--more--><\/p>\n<figure id=\"attachment_25674\" aria-describedby=\"caption-attachment-25674\" style=\"width: 199px\" class=\"wp-caption alignright\"><a href=\"https:\/\/i0.wp.com\/www.o-p-i.fr\/parlonsen\/wp-content\/uploads\/Payrade.png?ssl=1\"><img data-recalc-dims=\"1\" loading=\"lazy\" decoding=\"async\" class=\"size-full wp-image-25674\" src=\"https:\/\/i0.wp.com\/www.o-p-i.fr\/parlonsen\/wp-content\/uploads\/Payrade.png?resize=199%2C164&#038;ssl=1\" alt=\"Ferme de Peyrade\" width=\"199\" height=\"164\" srcset=\"https:\/\/i0.wp.com\/www.o-p-i.fr\/parlonsen\/wp-content\/uploads\/Payrade.png?w=199&amp;ssl=1 199w, https:\/\/i0.wp.com\/www.o-p-i.fr\/parlonsen\/wp-content\/uploads\/Payrade.png?resize=150%2C124&amp;ssl=1 150w\" sizes=\"auto, (max-width: 199px) 100vw, 199px\" \/><\/a><figcaption id=\"caption-attachment-25674\" class=\"wp-caption-text\">Ferme de Peyrade<\/figcaption><\/figure>\n<p><strong>La ferme de Payrade<\/strong><br \/>\nNadine,Gilles et Romain PLACIER<br \/>\nPayrade<br \/>\n81140 CASTELNAU DE MONTMIRAL<br \/>\nT\u00e9l : 06.82.94.09.24<br \/>\nCourriel : <a href=\"mailto:placier.n@orange.fr\">placier.n@orange.fr<\/a><br \/>\nCoordonn\u00e9es GPS : lat 43.95609342162963, long 1.790074110031128<\/p>\n<p>La Ferme de Payrade se situe sur le chemin des bastides, entre Castelnau de Montmiral et Puycelsi. \u00ab\u00a0De la fourche \u00e0 la fourchette\u00a0\u00bb, la famille Placier produit du canard mulard, \u00e9levage, gavage et transformation, vente en frais et conserves. \u00ab\u00a0Du go\u00fbt et des couleurs\u00a0\u00bb, \u00e0 Payrade, vous trouverez aussi des plants de tomates de vari\u00e9t\u00e9s anciennes. D\u00e9monstration de tournage sur bois et d\u00e9coupe de jouets en bois de 10h \u00e0 11h et de 15h \u00e0 16h. Casse croute le samedi, Repas dimanche \u00e0 12h30 (sur r\u00e9servation, 06 82 94 09 24)<br \/>\nAu menu : <em>casse croute<\/em> (8\u20ac), \u00e0 emporter ou \u00e0 manger sur place\u2026Tarte aux Rillettes de Canard, Saucisse s\u00e9ch\u00e9e de Canard, Fromage fermier, Dessert du jour, Jus de fruits. <em>Repas<\/em>, Cardinal\u00a0 au vin de la Ginestade et ses amuses bouches\u00a0, Soupe d\u2019orties, Salade paysanne de canardises, M\u00e9daillon de foie gras, p\u00e2t\u00e9 fermier, Oeuf mimosa fa\u00e7on Payrade, Cassoulet d\u2019Arth\u00e9mise\u00a0 Plateau de fromage, Oreillettes, Caf\u00e9 et vin compris (20\u20ac)<\/p>\n<figure id=\"attachment_25685\" aria-describedby=\"caption-attachment-25685\" style=\"width: 150px\" class=\"wp-caption alignleft\"><a href=\"https:\/\/i0.wp.com\/www.o-p-i.fr\/parlonsen\/wp-content\/uploads\/LaGinestade1.jpg?ssl=1\"><img data-recalc-dims=\"1\" loading=\"lazy\" decoding=\"async\" class=\"wp-image-25685 size-thumbnail\" src=\"https:\/\/i0.wp.com\/www.o-p-i.fr\/parlonsen\/wp-content\/uploads\/LaGinestade1.jpg?resize=150%2C150&#038;ssl=1\" alt=\"Domaine La Ginestade\" width=\"150\" height=\"150\" \/><\/a><figcaption id=\"caption-attachment-25685\" class=\"wp-caption-text\">Domaine La Ginestade<\/figcaption><\/figure>\n<p style=\"text-align: right;\"><strong>Le domaine de La Ginestade<\/strong><br \/>\nRoland MIQUEL<br \/>\nLa Ginestade<br \/>\n81140\u00a0 SAINTE CECILE DU CAYROU<br \/>\nT\u00e9l. : 05.63.33.12.04 ou 06.11.82.78.43<br \/>\nCourriel\u00a0 : <a href=\"mailto:rolandmiquel@free.fr\">rolandmiquel@free.fr<\/a><br \/>\nSite web : <strong><a title=\"Cliquez ppour voir le site\" href=\"http:\/\/www.laginestade.com\" target=\"_blank\">http:\/\/www.laginestade.com<\/a><\/strong><br \/>\nCoordonn\u00e9es GPS : lat 43.992783626028114, long 1.8035173416137695<\/p>\n<p style=\"text-align: right;\">Pr\u00e8s de Castelnau de Montmiral,\u00a0 les vignes et le vin du Domaine la Ginestade sont \u00e0 d\u00e9couvrir.<br \/>\nDimanche, ap\u00e9ritif \u00e0 midi<\/p>\n<figure id=\"attachment_25664\" aria-describedby=\"caption-attachment-25664\" style=\"width: 150px\" class=\"wp-caption alignright\"><a href=\"https:\/\/i0.wp.com\/www.o-p-i.fr\/parlonsen\/wp-content\/uploads\/Buisson-Blanc.jpg?ssl=1\"><img data-recalc-dims=\"1\" loading=\"lazy\" decoding=\"async\" class=\"wp-image-25664 size-thumbnail\" src=\"https:\/\/i0.wp.com\/www.o-p-i.fr\/parlonsen\/wp-content\/uploads\/Buisson-Blanc.jpg?resize=150%2C133&#038;ssl=1\" alt=\"Buisson Blanc\" width=\"150\" height=\"133\" \/><\/a><figcaption id=\"caption-attachment-25664\" class=\"wp-caption-text\">Buisson Blanc<\/figcaption><\/figure>\n<p style=\"text-align: left;\"><strong>La Fromagerie du Buisson Blanc<\/strong><br \/>\nSylvie et Philippe BASSE<br \/>\nLe Boulayard<br \/>\n81640 LE SEGUR<br \/>\nT\u00e9l. : 05.63.76.17.18<br \/>\nCourriel : <a href=\"mailto:spbasse@wanadoo.fr\">spbasse@wanadoo.fr<\/a><br \/>\nCoordonn\u00e9es GPS : lat 44.11624543160576, long 2.076287269592285<\/p>\n<p style=\"text-align: left;\">Plongez-vous dans l&rsquo;ambiance d&rsquo;une ferme laiti\u00e8re du S\u00e9gala tarnais. D\u00e9couvrez le troupeau de vaches, la nurserie, la traite, la fromagerie et les produits fabriqu\u00e9s \u00e0 la ferme. D\u00e9monstration de traite : samedi 15h30, dimanche 15h et 16h30. D\u00e9monstration d&rsquo;\u00e9chographie bovine le dimanche apr\u00e8s-midi. Repas le dimanche \u00e0 12h30, sur r\u00e9servation au 05.63.76.17.18 (r\u00e9pondeur)<\/p>\n<figure id=\"attachment_25679\" aria-describedby=\"caption-attachment-25679\" style=\"width: 150px\" class=\"wp-caption alignleft\"><a href=\"https:\/\/i0.wp.com\/www.o-p-i.fr\/parlonsen\/wp-content\/uploads\/loubat.jpg?ssl=1\"><img data-recalc-dims=\"1\" loading=\"lazy\" decoding=\"async\" class=\"wp-image-25679 size-full\" src=\"https:\/\/i0.wp.com\/www.o-p-i.fr\/parlonsen\/wp-content\/uploads\/loubat-e1428059508359.jpg?resize=150%2C96&#038;ssl=1\" alt=\"Ferme de Loubat\" width=\"150\" height=\"96\" \/><\/a><figcaption id=\"caption-attachment-25679\" class=\"wp-caption-text\">Ferme de Loubat<\/figcaption><\/figure>\n<p style=\"text-align: right;\"><strong>La Ferme de Loubat<\/strong><br \/>\nAnne-Marie et Jean-Louis JARLAN<br \/>\nLoubat 81800 RABASTENS<br \/>\nT\u00e9l. : 06.12.15.95.62<br \/>\nCoordonn\u00e9es GPS<strong> :<\/strong> lat 43.867939032499784, long 1.7480546236038208<\/p>\n<p style=\"text-align: right;\">Ferme respectueuse des traditions d&rsquo;\u00e9levage de b\u0153uf et de veau sous la m\u00e8re, nourris sur les prairies et avec les produits de la ferme. Un savoir faire transmis de g\u00e9n\u00e9ration en g\u00e9n\u00e9ration.<\/p>\n<figure id=\"attachment_25687\" aria-describedby=\"caption-attachment-25687\" style=\"width: 227px\" class=\"wp-caption alignright\"><a href=\"https:\/\/i0.wp.com\/www.o-p-i.fr\/parlonsen\/wp-content\/uploads\/CASTAN.jpg?ssl=1\"><img data-recalc-dims=\"1\" loading=\"lazy\" decoding=\"async\" class=\"size-full wp-image-25687\" src=\"https:\/\/i0.wp.com\/www.o-p-i.fr\/parlonsen\/wp-content\/uploads\/CASTAN.jpg?resize=227%2C179&#038;ssl=1\" alt=\"DistillerieCASTAN\" width=\"227\" height=\"179\" srcset=\"https:\/\/i0.wp.com\/www.o-p-i.fr\/parlonsen\/wp-content\/uploads\/CASTAN.jpg?w=227&amp;ssl=1 227w, https:\/\/i0.wp.com\/www.o-p-i.fr\/parlonsen\/wp-content\/uploads\/CASTAN.jpg?resize=150%2C118&amp;ssl=1 150w\" sizes=\"auto, (max-width: 227px) 100vw, 227px\" \/><\/a><figcaption id=\"caption-attachment-25687\" class=\"wp-caption-text\">DistillerieCASTAN<\/figcaption><\/figure>\n<p><strong>\u00a0La distillerie Castan<\/strong><br \/>\nC\u00e9line et S\u00e9bastien CASTAN<br \/>\nLe Cimeti\u00e8re<br \/>\n81130 VILLENEUVE SUR VERE<br \/>\nT\u00e9l. : 05.63.53.04.61 ou 06.82.39.26.98<br \/>\nMail : <a href=\"mailto:distillerie-castan@orange.fr\">distillerie-castan@orange.fr<\/a><br \/>\nSite web : <a href=\"http:\/\/www.distillerie-castan.com\" target=\"_blank\">http:\/\/www.distillerie-castan.com<br \/>\n<\/a>Coordonn\u00e9es GPS : lat 44.012138761225145, long 2.031741142272949<\/p>\n<p>Le whisky tarnais, c&rsquo;est l\u00e0:\u00a0 brassage du malt d&rsquo;orge, distillation et vieillissement dans des f\u00fbts de ch\u00eane, sont r\u00e9alis\u00e9s sur place. Visite et distillation de whisky \u00e0 partir de 10h et \u00e0 15h. Lors de votre visite, vous pourrez d\u00e9couvrir les vins du domaine La Gardelle, (7ha de vignes, en agriculture biologique), visite de la cuverie et d\u00e9gustation des nouvelles cuv\u00e9es 2014, rouge AOP Gaillac, Ros\u00e9, Blanc.<br \/>\nRepas Samedi et Dimanche sur r\u00e9servation (MENU 15 EUROS Assiette de lentilles aux raisins en salade, accompagn\u00e9e de saucisse grill\u00e9e, Fromage &#8211; Cr\u00eapes sucr\u00e9es- Caf\u00e9 &#8211; Vin du domaine La Gardelle. MENU Enfant &#8211; 7 EUROS: Une pomme de terre garnie aux fritons de canard chaud Une cr\u00eape au sucre. Inscription aupr\u00e8s de la distillerie CASTAN<\/p>\n<figure id=\"attachment_25690\" aria-describedby=\"caption-attachment-25690\" style=\"width: 170px\" class=\"wp-caption alignleft\"><a href=\"https:\/\/i0.wp.com\/www.o-p-i.fr\/parlonsen\/wp-content\/uploads\/La-Vali%C3%A8re.jpg?ssl=1\"><img data-recalc-dims=\"1\" loading=\"lazy\" decoding=\"async\" class=\"size-full wp-image-25690\" src=\"https:\/\/i0.wp.com\/www.o-p-i.fr\/parlonsen\/wp-content\/uploads\/La-Vali%C3%A8re.jpg?resize=170%2C122&#038;ssl=1\" alt=\"Domaine de La Vali\u00e8re\" width=\"170\" height=\"122\" srcset=\"https:\/\/i0.wp.com\/www.o-p-i.fr\/parlonsen\/wp-content\/uploads\/La-Vali%C3%A8re.jpg?w=170&amp;ssl=1 170w, https:\/\/i0.wp.com\/www.o-p-i.fr\/parlonsen\/wp-content\/uploads\/La-Vali%C3%A8re.jpg?resize=150%2C108&amp;ssl=1 150w\" sizes=\"auto, (max-width: 170px) 100vw, 170px\" \/><\/a><figcaption id=\"caption-attachment-25690\" class=\"wp-caption-text\">Domaine de La Vali\u00e8re<\/figcaption><\/figure>\n<p style=\"text-align: right;\"><strong>Domaine de la Vali\u00e8re<\/strong><br \/>\nGeorges et Jacques BENNES<strong><br \/>\n<\/strong> Saint Waast<br \/>\n81800\u00a0 COUFFOULEUX<br \/>\nT\u00e9l.<strong> :<\/strong> 05.63.40.01.26 ou 06.27.11.24.74<br \/>\nMail<strong> :<\/strong> <a href=\"mailto:contact@domaine-valiere.com\">contact@domaine-valiere.com<\/a><br \/>\nSite web<strong> :<\/strong> <a href=\"http:\/\/www.domaine-valiere.com\" target=\"_blank\">http:\/\/www.domaine-valiere.com<\/a><strong><br \/>\n<\/strong>Coordonn\u00e9es GPS<strong> :<\/strong> lat 43.77465751217201, long 1.716313362121582<\/p>\n<p style=\"text-align: right;\">Sur la rive gauche du Tarn, ce terroir mill\u00e9naire des graves vous invite \u00e0 partager la passion de Georges et Jacques. Des vignes plus que trentenaires, ils vous emm\u00e8nent jusqu&rsquo;\u00e0 la mise en bouteilles de leurs vins rouges et ros\u00e9s aux caract\u00e8res bien affirm\u00e9s avec des notes fruit\u00e9es.<br \/>\nAp\u00e9ritif vigneron \u00e0 18h30<\/p>\n<div class=\"adresse\"><\/div>\n","protected":false},"excerpt":{"rendered":"<div class=\"mh-excerpt\">Samedi 25 et dimanche 26 avril 2015, dans le cadre de l&rsquo;op\u00e9ration \u00ab\u00a0De ferme en ferme\u00a0\u00bb, des producteurs d&rsquo;ici vous accueillent, vous font d\u00e9couvrir leur exploitation et savourer leurs sp\u00e9cialit\u00e9s.<\/div>\n","protected":false},"author":4,"featured_media":0,"comment_status":"open","ping_status":"open","sticky":false,"template":"","format":"standard","meta":{"om_disable_all_campaigns":false,"advanced_seo_description":"","jetpack_seo_html_title":"","jetpack_seo_noindex":false,"_jetpack_memberships_contains_paid_content":false,"footnotes":"","_links_to":"","_links_to_target":""},"categories":[22,42,396,2178],"tags":[1822,2307,2308,72,148,158,367,368,589,895,896,1292],"class_list":{"0":"post-25640","1":"post","2":"type-post","3":"status-publish","4":"format-standard","6":"category-castelnau","7":"category-a-cote-de-chez-nous","8":"category-cest-le-printemps","9":"category-n-109-avril-2015","10":"tag-producteur-fermier","11":"tag-sainte-cecile-du-cayrou","12":"tag-le-segur","13":"tag-rabastens","14":"tag-couffouleux","15":"tag-castelnau-de-montmiral","16":"tag-producteur","17":"tag-produit-du-terroir","18":"tag-villeneuve-sur-vere","19":"tag-ferme","20":"tag-visite","21":"tag-la-ferme-de-payrade"},"jetpack_featured_media_url":"","views":{"total":3,"cached_at":"","cached_date":1738532014},"jetpack_likes_enabled":true,"jetpack_sharing_enabled":true,"jetpack_shortlink":"https:\/\/wp.me\/pg7Wxj-6Fy","jetpack-related-posts":[],"_links":{"self":[{"href":"https:\/\/www.o-p-i.fr\/parlonsen\/wp-json\/wp\/v2\/posts\/25640","targetHints":{"allow":["GET"]}}],"collection":[{"href":"https:\/\/www.o-p-i.fr\/parlonsen\/wp-json\/wp\/v2\/posts"}],"about":[{"href":"https:\/\/www.o-p-i.fr\/parlonsen\/wp-json\/wp\/v2\/types\/post"}],"author":[{"embeddable":true,"href":"https:\/\/www.o-p-i.fr\/parlonsen\/wp-json\/wp\/v2\/users\/4"}],"replies":[{"embeddable":true,"href":"https:\/\/www.o-p-i.fr\/parlonsen\/wp-json\/wp\/v2\/comments?post=25640"}],"version-history":[{"count":0,"href":"https:\/\/www.o-p-i.fr\/parlonsen\/wp-json\/wp\/v2\/posts\/25640\/revisions"}],"wp:attachment":[{"href":"https:\/\/www.o-p-i.fr\/parlonsen\/wp-json\/wp\/v2\/media?parent=25640"}],"wp:term":[{"taxonomy":"category","embeddable":true,"href":"https:\/\/www.o-p-i.fr\/parlonsen\/wp-json\/wp\/v2\/categories?post=25640"},{"taxonomy":"post_tag","embeddable":true,"href":"https:\/\/www.o-p-i.fr\/parlonsen\/wp-json\/wp\/v2\/tags?post=25640"}],"curies":[{"name":"wp","href":"https:\/\/api.w.org\/{rel}","templated":true}]}}