{"id":25716,"date":"2015-04-10T12:52:47","date_gmt":"2015-04-10T11:52:47","guid":{"rendered":"\/parlonsen\/?p=25716"},"modified":"2025-11-09T14:17:36","modified_gmt":"2025-11-09T13:17:36","slug":"concert-de-printemps-de-lensemble-vocal-des-rives-de-laveyron-de-jamal-et-dagacanthe-a-negrepelisse-82","status":"publish","type":"post","link":"https:\/\/www.o-p-i.fr\/parlonsen\/parlons-en\/culture\/concert-de-printemps-de-lensemble-vocal-des-rives-de-laveyron-de-jamal-et-dagacanthe-a-negrepelisse-82\/","title":{"rendered":"Concert de printemps de l&rsquo;Ensemble Vocal des Rives de l&rsquo;Aveyron, de Jamal et d&rsquo;Agacanthe  &#8230; \u00e0 N\u00e8grepelisse (82)"},"content":{"rendered":"<p style=\"text-align: justify;\">L&rsquo;Ensemble Vocal des Rives de l&rsquo;Aveyron,\u00a0 le Quatuor \u00e0 cordes Jamal et le ch\u0153ur f\u00e9minin d&rsquo;Agacanthe donneront un concert en l&rsquo;\u00e9glise de N\u00e8grepelisse le <strong>vendredi 24 Avril 2015<\/strong> \u00e0\u00a0 21h. <!--more--><\/p>\n<figure id=\"attachment_25717\" aria-describedby=\"caption-attachment-25717\" style=\"width: 540px\" class=\"wp-caption aligncenter\"><a href=\"https:\/\/i0.wp.com\/www.o-p-i.fr\/parlonsen\/wp-content\/uploads\/EVRA2015.jpg?ssl=1\"><img data-recalc-dims=\"1\" loading=\"lazy\" decoding=\"async\" class=\"size-full wp-image-25717\" src=\"https:\/\/i0.wp.com\/www.o-p-i.fr\/parlonsen\/wp-content\/uploads\/EVRA2015.jpg?resize=540%2C763&#038;ssl=1\" alt=\"Concert \u00e0 N\u00e8grepelisse (82)\" width=\"540\" height=\"763\" srcset=\"https:\/\/i0.wp.com\/www.o-p-i.fr\/parlonsen\/wp-content\/uploads\/EVRA2015.jpg?w=540&amp;ssl=1 540w, https:\/\/i0.wp.com\/www.o-p-i.fr\/parlonsen\/wp-content\/uploads\/EVRA2015.jpg?resize=212%2C300&amp;ssl=1 212w, https:\/\/i0.wp.com\/www.o-p-i.fr\/parlonsen\/wp-content\/uploads\/EVRA2015.jpg?resize=106%2C150&amp;ssl=1 106w, https:\/\/i0.wp.com\/www.o-p-i.fr\/parlonsen\/wp-content\/uploads\/EVRA2015.jpg?resize=400%2C565&amp;ssl=1 400w\" sizes=\"auto, (max-width: 540px) 100vw, 540px\" \/><\/a><figcaption id=\"caption-attachment-25717\" class=\"wp-caption-text\">Concert \u00e0 N\u00e8grepelisse (82)<\/figcaption><\/figure>\n<p><strong>Tarifs :<\/strong><br \/>\nUnique : 8\u20ac<br \/>\nGratuit pour les scolaires<br \/>\n<strong>Contact :<\/strong><br \/>\nT\u00e9l. :\u00a0 05 63 63 75 35<\/p>\n<p><em>Communiqu\u00e9 par Laurence Nakam<\/em><\/p>\n","protected":false},"excerpt":{"rendered":"<div class=\"mh-excerpt\">L&rsquo;Ensemble Vocal des Rives de l&rsquo;Aveyron,\u00a0 le Quatuor \u00e0 cordes Jamal et le ch\u0153ur f\u00e9minin d&rsquo;Agacanthe donneront un concert en l&rsquo;\u00e9glise de N\u00e8grepelisse le vendredi 24 Avril 2015 \u00e0\u00a0 21h.<\/div>\n","protected":false},"author":2,"featured_media":0,"comment_status":"open","ping_status":"open","sticky":false,"template":"","format":"standard","meta":{"om_disable_all_campaigns":false,"advanced_seo_description":"","jetpack_seo_html_title":"","jetpack_seo_noindex":false,"_jetpack_memberships_contains_paid_content":false,"footnotes":"","_links_to":"","_links_to_target":""},"categories":[42,1,54,2178],"tags":[43,100,1125,1753,1886,2816],"class_list":{"0":"post-25716","1":"post","2":"type-post","3":"status-publish","4":"format-standard","6":"category-a-cote-de-chez-nous","7":"category-culture","8":"category-loisirs","9":"category-n-109-avril-2015","10":"tag-concert","11":"tag-negrepelisse","12":"tag-aveyron","13":"tag-quatuor-a-cordes","14":"tag-ensemble-vocal","15":"tag-choeurs"},"jetpack_featured_media_url":"","views":{"total":0,"cached_at":"","cached_date":1738531987},"jetpack_likes_enabled":true,"jetpack_sharing_enabled":true,"jetpack_shortlink":"https:\/\/wp.me\/pg7Wxj-6GM","jetpack-related-posts":[],"_links":{"self":[{"href":"https:\/\/www.o-p-i.fr\/parlonsen\/wp-json\/wp\/v2\/posts\/25716","targetHints":{"allow":["GET"]}}],"collection":[{"href":"https:\/\/www.o-p-i.fr\/parlonsen\/wp-json\/wp\/v2\/posts"}],"about":[{"href":"https:\/\/www.o-p-i.fr\/parlonsen\/wp-json\/wp\/v2\/types\/post"}],"author":[{"embeddable":true,"href":"https:\/\/www.o-p-i.fr\/parlonsen\/wp-json\/wp\/v2\/users\/2"}],"replies":[{"embeddable":true,"href":"https:\/\/www.o-p-i.fr\/parlonsen\/wp-json\/wp\/v2\/comments?post=25716"}],"version-history":[{"count":1,"href":"https:\/\/www.o-p-i.fr\/parlonsen\/wp-json\/wp\/v2\/posts\/25716\/revisions"}],"predecessor-version":[{"id":67090,"href":"https:\/\/www.o-p-i.fr\/parlonsen\/wp-json\/wp\/v2\/posts\/25716\/revisions\/67090"}],"wp:attachment":[{"href":"https:\/\/www.o-p-i.fr\/parlonsen\/wp-json\/wp\/v2\/media?parent=25716"}],"wp:term":[{"taxonomy":"category","embeddable":true,"href":"https:\/\/www.o-p-i.fr\/parlonsen\/wp-json\/wp\/v2\/categories?post=25716"},{"taxonomy":"post_tag","embeddable":true,"href":"https:\/\/www.o-p-i.fr\/parlonsen\/wp-json\/wp\/v2\/tags?post=25716"}],"curies":[{"name":"wp","href":"https:\/\/api.w.org\/{rel}","templated":true}]}}