{"id":25748,"date":"2015-04-09T14:50:18","date_gmt":"2015-04-09T13:50:18","guid":{"rendered":"\/parlonsen\/?p=25748"},"modified":"2015-04-09T18:47:48","modified_gmt":"2015-04-09T17:47:48","slug":"stage-impressions-sur-ceramiques-a-giroussens-81","status":"publish","type":"post","link":"https:\/\/www.o-p-i.fr\/parlonsen\/localisation\/a-cote-de-chez-nous\/stage-impressions-sur-ceramiques-a-giroussens-81\/","title":{"rendered":"Stage \u00ab\u00a0Impressions sur C\u00e9ramiques\u00a0\u00bb &#8230; \u00e0 Rabastens (81)"},"content":{"rendered":"<p>Un stage d&rsquo;Impressions sur C\u00e9ramiques aura lieu \u00e0 l&rsquo;Atelier d&rsquo;en haut le <strong>samedi 18 Avril 2015<\/strong>.<!--more--><\/p>\n<p>PROGRAMME DU STAGE \u00abIMPRESSIONS CERAMIQUES \u00bb<br \/>\nIntervenant : Rach\u00e8le Rivi\u00e8re<\/p>\n<figure id=\"attachment_25749\" aria-describedby=\"caption-attachment-25749\" style=\"width: 300px\" class=\"wp-caption alignright\"><a href=\"https:\/\/i0.wp.com\/www.o-p-i.fr\/parlonsen\/wp-content\/uploads\/racheleriviere.jpg?ssl=1\"><img data-recalc-dims=\"1\" loading=\"lazy\" decoding=\"async\" class=\"size-medium wp-image-25749\" src=\"https:\/\/i0.wp.com\/www.o-p-i.fr\/parlonsen\/wp-content\/uploads\/racheleriviere.jpg?resize=300%2C206&#038;ssl=1\" alt=\"Impression sur C\u00e9ramique - Rach\u00e8le Rivi\u00e8re \" width=\"300\" height=\"206\" srcset=\"https:\/\/i0.wp.com\/www.o-p-i.fr\/parlonsen\/wp-content\/uploads\/racheleriviere.jpg?resize=300%2C206&amp;ssl=1 300w, https:\/\/i0.wp.com\/www.o-p-i.fr\/parlonsen\/wp-content\/uploads\/racheleriviere.jpg?resize=150%2C103&amp;ssl=1 150w, https:\/\/i0.wp.com\/www.o-p-i.fr\/parlonsen\/wp-content\/uploads\/racheleriviere.jpg?resize=400%2C275&amp;ssl=1 400w, https:\/\/i0.wp.com\/www.o-p-i.fr\/parlonsen\/wp-content\/uploads\/racheleriviere.jpg?w=657&amp;ssl=1 657w\" sizes=\"auto, (max-width: 300px) 100vw, 300px\" \/><\/a><figcaption id=\"caption-attachment-25749\" class=\"wp-caption-text\">Impression sur C\u00e9ramique &#8211; Rach\u00e8le Rivi\u00e8re<\/figcaption><\/figure>\n<p style=\"text-align: justify;\">Enseignement th\u00e9orique &amp; d\u00e9monstration des techniques suivantes :<br \/>\nImpressions en reliefs et en creux sur fa\u00efence (Linogravure, rhodo\u00efds)<br \/>\nMonotypes &amp; d\u00e9cors mono-print avec engobes color\u00e9s &amp; oxydes m\u00e9talliques<br \/>\nProc\u00e9d\u00e9s de photos alternatifs : \u00ab Photo Lithographie \u00bb, transfert d&rsquo;images num\u00e9rique &amp; de photocopies.<\/p>\n<p>12h-14h : Pause d\u00e9jeuner<\/p>\n<p style=\"text-align: justify;\">Rach\u00e8le Rivi\u00e8re vit et travaille dans le sud de la France. C\u00e9ramiste &#8211; Plasticienne de renomm\u00e9e internationale, elle m\u00e8ne depuis 2002 une recherche plastique centr\u00e9 sur la m\u00e9moire. Connue pour son travail d&rsquo;impressions sur c\u00e9ramique, elle utilise des proc\u00e9d\u00e9s issus des champs de la gravure et de la<br \/>\nphotographie pour \u00e9laborer des sculptures, installations ou des livres objets. Elle a \u00e9t\u00e9 s\u00e9lectionn\u00e9e et r\u00e9compens\u00e9e dans de nombreuses biennales internationales de c\u00e9ramique.<\/p>\n<p style=\"text-align: justify;\">Elle exposera \u00e0 la maison de la c\u00e9ramique de Giroussens du 18 au 21 Juin 2015 dans le cadre de l&rsquo;exposition Hors-socle.<\/p>\n<p><strong>En savoir + sur l&rsquo;artiste\u00a0<\/strong><br \/>\n<a title=\"Ouvre le site dans une nouvelle fen\u00eatre\" href=\"http:\/\/www.racheleriviere.com\" target=\"_blank\">www.racheleriviere.com<\/a><\/p>\n<p><strong>Tarifs : <\/strong><br \/>\n40 \u20ac la journ\u00e9e (6h).<br \/>\n&gt;&gt;&gt; Inscrivez-vous vite les places sont limit\u00e9es !<\/p>\n<p><strong>Contact :<\/strong> Florence Richard<br \/>\nT\u00e9l. : 05 63 40 36 63<br \/>\nCourriel : <a href=\"mailto:florich18@orange.fr \">florich18@orange.fr <\/a><\/p>\n<p><em>Communiqu\u00e9 par Florence Richard<\/em><\/p>\n","protected":false},"excerpt":{"rendered":"<div class=\"mh-excerpt\">Un stage d&rsquo;Impressions sur C\u00e9ramiques aura lieu \u00e0 l&rsquo;Atelier d&rsquo;en haut le samedi 18 Avril 2015.<\/div>\n","protected":false},"author":2,"featured_media":0,"comment_status":"open","ping_status":"open","sticky":false,"template":"","format":"standard","meta":{"om_disable_all_campaigns":false,"advanced_seo_description":"","jetpack_seo_html_title":"","jetpack_seo_noindex":false,"_jetpack_memberships_contains_paid_content":false,"footnotes":"","_links_to":"","_links_to_target":""},"categories":[51,42,54,2178],"tags":[72,180,195,467,618,2306],"class_list":{"0":"post-25748","1":"post","2":"type-post","3":"status-publish","4":"format-standard","6":"category-artisanat","7":"category-a-cote-de-chez-nous","8":"category-loisirs","9":"category-n-109-avril-2015","10":"tag-rabastens","11":"tag-atelier","12":"tag-stage","13":"tag-giroussens","14":"tag-ceramique","15":"tag-impression-sur-ceramique"},"jetpack_featured_media_url":"","views":{"total":4,"cached_at":"","cached_date":1738532026},"jetpack_likes_enabled":true,"jetpack_sharing_enabled":true,"jetpack_shortlink":"https:\/\/wp.me\/pg7Wxj-6Hi","jetpack-related-posts":[],"_links":{"self":[{"href":"https:\/\/www.o-p-i.fr\/parlonsen\/wp-json\/wp\/v2\/posts\/25748","targetHints":{"allow":["GET"]}}],"collection":[{"href":"https:\/\/www.o-p-i.fr\/parlonsen\/wp-json\/wp\/v2\/posts"}],"about":[{"href":"https:\/\/www.o-p-i.fr\/parlonsen\/wp-json\/wp\/v2\/types\/post"}],"author":[{"embeddable":true,"href":"https:\/\/www.o-p-i.fr\/parlonsen\/wp-json\/wp\/v2\/users\/2"}],"replies":[{"embeddable":true,"href":"https:\/\/www.o-p-i.fr\/parlonsen\/wp-json\/wp\/v2\/comments?post=25748"}],"version-history":[{"count":0,"href":"https:\/\/www.o-p-i.fr\/parlonsen\/wp-json\/wp\/v2\/posts\/25748\/revisions"}],"wp:attachment":[{"href":"https:\/\/www.o-p-i.fr\/parlonsen\/wp-json\/wp\/v2\/media?parent=25748"}],"wp:term":[{"taxonomy":"category","embeddable":true,"href":"https:\/\/www.o-p-i.fr\/parlonsen\/wp-json\/wp\/v2\/categories?post=25748"},{"taxonomy":"post_tag","embeddable":true,"href":"https:\/\/www.o-p-i.fr\/parlonsen\/wp-json\/wp\/v2\/tags?post=25748"}],"curies":[{"name":"wp","href":"https:\/\/api.w.org\/{rel}","templated":true}]}}