{"id":25860,"date":"2015-04-22T20:40:01","date_gmt":"2015-04-22T19:40:01","guid":{"rendered":"\/parlonsen\/?p=25860"},"modified":"2015-04-22T20:40:01","modified_gmt":"2015-04-22T19:40:01","slug":"cine-monclar-le-programme-du-1er-au-26-mai-2015","status":"publish","type":"post","link":"https:\/\/www.o-p-i.fr\/parlonsen\/parlons-en\/culture\/cine-monclar-le-programme-du-1er-au-26-mai-2015\/","title":{"rendered":"Cin\u00e9 Monclar, le programme du 1er au 26 Mai 2015"},"content":{"rendered":"<p>A vos agendas ! Voil\u00e0 le programme de Cin\u00e9 Monclar\u00a0<strong>du 1 au 26 Mai 2015<\/strong>.<!--more--><\/p>\n<figure id=\"attachment_25889\" aria-describedby=\"caption-attachment-25889\" style=\"width: 400px\" class=\"wp-caption alignright\"><a href=\"https:\/\/i0.wp.com\/www.o-p-i.fr\/parlonsen\/wp-content\/uploads\/pourquoijaipasmangemonpere-cinemonclar.jpg?ssl=1\"><img data-recalc-dims=\"1\" loading=\"lazy\" decoding=\"async\" class=\"size-full wp-image-25889\" src=\"https:\/\/i0.wp.com\/www.o-p-i.fr\/parlonsen\/wp-content\/uploads\/pourquoijaipasmangemonpere-cinemonclar.jpg?resize=400%2C543&#038;ssl=1\" alt=\"Pourquoi j'ai pas mang\u00e9 mon p\u00e8re.\" width=\"400\" height=\"543\" srcset=\"https:\/\/i0.wp.com\/www.o-p-i.fr\/parlonsen\/wp-content\/uploads\/pourquoijaipasmangemonpere-cinemonclar.jpg?w=400&amp;ssl=1 400w, https:\/\/i0.wp.com\/www.o-p-i.fr\/parlonsen\/wp-content\/uploads\/pourquoijaipasmangemonpere-cinemonclar.jpg?resize=221%2C300&amp;ssl=1 221w, https:\/\/i0.wp.com\/www.o-p-i.fr\/parlonsen\/wp-content\/uploads\/pourquoijaipasmangemonpere-cinemonclar.jpg?resize=110%2C150&amp;ssl=1 110w\" sizes=\"auto, (max-width: 400px) 100vw, 400px\" \/><\/a><figcaption id=\"caption-attachment-25889\" class=\"wp-caption-text\">Pourquoi j&rsquo;ai pas mang\u00e9 mon p\u00e8re.<\/figcaption><\/figure>\n<p>AVENGERS : L\u2019\u00c8RE D\u2019ULTRON <a href=\"https:\/\/www.o-p-i.fr\/parlonsen\/wp-content\/uploads\/cinemonclarmai2015.pdf\">En savoir +<\/a><br \/>\nVendredi 1 mai \u00e0 21h<\/p>\n<p>CENDRILLON <a href=\"https:\/\/www.o-p-i.fr\/parlonsen\/wp-content\/uploads\/cinemonclarmai2015.pdf\">En savoir +<\/a><br \/>\nDimanche 3 mai \u00e0 16h<\/p>\n<p>CAPRICE <a href=\"https:\/\/www.o-p-i.fr\/parlonsen\/wp-content\/uploads\/cinemonclarmai2015.pdf\">En savoir +<\/a><br \/>\nMardi 5 mai \u00e0 21h<\/p>\n<p>FAST &amp; FURIOUS 7 <a href=\"https:\/\/www.o-p-i.fr\/parlonsen\/wp-content\/uploads\/cinemonclarmai2015.pdf\">En savoir +<\/a><br \/>\nVendredi 8 mai \u00e0 21h<\/p>\n<p>POURQUOI J\u2019AI PAS MANG\u00c9 MON P\u00c8RE <a href=\"https:\/\/www.o-p-i.fr\/parlonsen\/wp-content\/uploads\/cinemonclarmai2015.pdf\">En savoir +<\/a><br \/>\nDimanche 10 mai \u00e0 16h<\/p>\n<p>JOURNAL D\u2019UNE FEMME DE CHAMBRE <a href=\"https:\/\/www.o-p-i.fr\/parlonsen\/wp-content\/uploads\/cinemonclarmai2015.pdf\">En savoir +<\/a><br \/>\nMardi 12 mai \u00e0 21h<br \/>\nROBIN DES BOIS, LA V\u00c9RITABLE HISTOIRE <a href=\"https:\/\/www.o-p-i.fr\/parlonsen\/wp-content\/uploads\/cinemonclarmai2015.pdf\">En savoir +<\/a><br \/>\nVendredi 15 mai \u00e0 21h<\/p>\n<p>LILLA ANNA <a href=\"https:\/\/www.o-p-i.fr\/parlonsen\/wp-content\/uploads\/cinemonclarmai2015.pdf\">En savoir +<\/a><br \/>\nDimanche 17 mai \u00e0 16h<\/p>\n<p>MAD MAX : FURY ROAD (3D) <a href=\"https:\/\/www.o-p-i.fr\/parlonsen\/wp-content\/uploads\/cinemonclarmai2015.pdf\">En savoir +<\/a><br \/>\nMardi 19 mai \u00e0 21h<\/p>\n<p>INDIAN PALACE- SUITE ROYALE <a href=\"https:\/\/www.o-p-i.fr\/parlonsen\/wp-content\/uploads\/cinemonclarmai2015.pdf\">En savoir +<\/a><br \/>\nVendredi 22 mai \u00e0 21h<\/p>\n<p>CLOCHETTE ET LA CR\u00c9ATURE L\u00c9GENDAIRE <a href=\"https:\/\/www.o-p-i.fr\/parlonsen\/wp-content\/uploads\/cinemonclarmai2015.pdf\">En savoir +<\/a><br \/>\nDimanche 24 mai \u00e0 16h<\/p>\n<p>LOST RIVER <a href=\"https:\/\/www.o-p-i.fr\/parlonsen\/wp-content\/uploads\/cinemonclarmai2015.pdf\">En savoir +<\/a><br \/>\nMardi 26 mai \u00e0 21h<\/p>\n<p><a title=\"Cliquez pour ouvrir la fiche dans l'annuaire\" href=\"https:\/\/www.o-p-i.fr\/aupays\/annuaire\/loisirs\/cine-monclar\/\"><strong>D\u00e9couvrez\u00a0 les bandes annonces sur le site du cin\u00e9ma.<\/strong><\/a><\/p>\n<p><strong>Contact : <\/strong><a href=\"https:\/\/www.o-p-i.fr\/aupays\/annuaire\/loisirs\/cine-monclar\/\" rel=\"bookmark\">Cin\u00e9 Monclar<\/a><\/p>\n<p><strong>\u00a0<\/strong><\/p>\n<div class=\"entry-thumbnails\"><a href=\"https:\/\/www.o-p-i.fr\/aupays\/annuaire\/loisirs\/cine-monclar\/\"><img decoding=\"async\" title=\"Cin\u00e9 Monclar\" src=\"https:\/\/www.o-p-i.fr\/aupays\/wp-content\/themes\/arras-theme\/library\/timthumb.php?src=https:\/\/www.o-p-i.fr\/aupays\/wp-content\/uploads\/logo_cinemonclar1.jpg&amp;w=190&amp;h=100&amp;zc=1\" alt=\"Cin\u00e9 Monclar\" \/><\/a><span class=\"entry-meta\"><abbr class=\"published\" title=\"2015-02-04T22:01:18+00:00\">\u2026<\/abbr><\/span><\/div>\n<p><em>Communiqu\u00e9 par Jacques Tr\u00e9pagny pour les Amis du Cin\u00e9ma<\/em><\/p>\n","protected":false},"excerpt":{"rendered":"<div class=\"mh-excerpt\">A vos agendas ! Voil\u00e0 le programme de Cin\u00e9 Monclar\u00a0du 1 au 26 Mai 2015.<\/div>\n","protected":false},"author":2,"featured_media":0,"comment_status":"open","ping_status":"open","sticky":false,"template":"","format":"standard","meta":{"om_disable_all_campaigns":false,"advanced_seo_description":"","jetpack_seo_html_title":"","jetpack_seo_noindex":false,"_jetpack_memberships_contains_paid_content":false,"footnotes":"","_links_to":"","_links_to_target":""},"categories":[1,16,54,6,2179],"tags":[92,143,1768,1833],"class_list":{"0":"post-25860","1":"post","2":"type-post","3":"status-publish","4":"format-standard","6":"category-culture","7":"category-monclar","8":"category-loisirs","9":"category-pratique","10":"category-n-110-mai-2015","11":"tag-cine","12":"tag-monclar-de-quercy","13":"tag-cinemonclar","14":"tag-programme-cinema"},"jetpack_featured_media_url":"","views":{"total":0,"cached_at":"","cached_date":1738513466},"jetpack_likes_enabled":true,"jetpack_sharing_enabled":true,"jetpack_shortlink":"https:\/\/wp.me\/pg7Wxj-6J6","jetpack-related-posts":[],"_links":{"self":[{"href":"https:\/\/www.o-p-i.fr\/parlonsen\/wp-json\/wp\/v2\/posts\/25860","targetHints":{"allow":["GET"]}}],"collection":[{"href":"https:\/\/www.o-p-i.fr\/parlonsen\/wp-json\/wp\/v2\/posts"}],"about":[{"href":"https:\/\/www.o-p-i.fr\/parlonsen\/wp-json\/wp\/v2\/types\/post"}],"author":[{"embeddable":true,"href":"https:\/\/www.o-p-i.fr\/parlonsen\/wp-json\/wp\/v2\/users\/2"}],"replies":[{"embeddable":true,"href":"https:\/\/www.o-p-i.fr\/parlonsen\/wp-json\/wp\/v2\/comments?post=25860"}],"version-history":[{"count":0,"href":"https:\/\/www.o-p-i.fr\/parlonsen\/wp-json\/wp\/v2\/posts\/25860\/revisions"}],"wp:attachment":[{"href":"https:\/\/www.o-p-i.fr\/parlonsen\/wp-json\/wp\/v2\/media?parent=25860"}],"wp:term":[{"taxonomy":"category","embeddable":true,"href":"https:\/\/www.o-p-i.fr\/parlonsen\/wp-json\/wp\/v2\/categories?post=25860"},{"taxonomy":"post_tag","embeddable":true,"href":"https:\/\/www.o-p-i.fr\/parlonsen\/wp-json\/wp\/v2\/tags?post=25860"}],"curies":[{"name":"wp","href":"https:\/\/api.w.org\/{rel}","templated":true}]}}