{"id":26143,"date":"2015-05-11T15:21:24","date_gmt":"2015-05-11T14:21:24","guid":{"rendered":"\/parlonsen\/?p=26143"},"modified":"2015-05-11T15:21:24","modified_gmt":"2015-05-11T14:21:24","slug":"brunch-lecture-a-salvagnac-81","status":"publish","type":"post","link":"https:\/\/www.o-p-i.fr\/parlonsen\/parlons-en\/culture\/brunch-lecture-a-salvagnac-81\/","title":{"rendered":"Brunch-Lecture &#8230; \u00e0 Salvagnac (81)"},"content":{"rendered":"<p>La Biblioth\u00e8que de Salvagnac vous propose de participer au Brunch-Lecture le <strong>dimanche 17 mai 2015<\/strong>, de 10h30 \u00e0 12h. <!--more--><\/p>\n<p>Tous les troisi\u00e8mes dimanches du mois, de 10h30 \u00e0 12h, les b\u00e9n\u00e9voles de la Biblioth\u00e8que de Salvagnac vous proposent un Brunch-Lecture.<\/p>\n<p>C\u2019est quoi ?<\/p>\n<p>Un petit moment de plaisir et de convivialit\u00e9.<\/p>\n<p>Un caf\u00e9 dans une main, une tartine dans l\u2019autre, en parlant des livres que l\u2019on a aim\u00e9s ou d\u00e9test\u00e9s, sans se prendre au s\u00e9rieux.<\/p>\n<p>Acc\u00e8s libre<\/p>\n<p><strong>Contact :<\/strong> <a href=\"https:\/\/www.o-p-i.fr\/aupays\/annuaire\/loisirs\/bibliotheque-municipale-a-salvagnac\/\" rel=\"bookmark\">Biblioth\u00e8que Municipale \u2026 \u00e0 Salvagnac<\/a><\/p>\n<div class=\"entry-thumbnails\"><a href=\"https:\/\/www.o-p-i.fr\/aupays\/annuaire\/loisirs\/bibliotheque-municipale-a-salvagnac\/\"><img decoding=\"async\" title=\"Biblioth\u00e8que Municipale \u2026 \u00e0 Salvagnac\" src=\"https:\/\/www.o-p-i.fr\/aupays\/wp-content\/themes\/arras-theme\/library\/timthumb.php?src=https:\/\/www.o-p-i.fr\/aupays\/wp-content\/uploads\/bibliotheque.jpg&amp;w=190&amp;h=100&amp;zc=1\" alt=\"Biblioth\u00e8que Municipale \u2026 \u00e0 Salvagnac\" \/><\/a><span class=\"entry-meta\"><abbr class=\"published\" title=\"2014-09-09T13:40:01+00:00\">&#8230;<\/abbr><\/span><\/div>\n<h3 class=\"entry-title\"><\/h3>\n","protected":false},"excerpt":{"rendered":"<div class=\"mh-excerpt\">La Biblioth\u00e8que de Salvagnac vous propose de participer au Brunch-Lecture le dimanche 17 mai 2015, de 10h30 \u00e0 12h.<\/div>\n","protected":false},"author":2,"featured_media":0,"comment_status":"open","ping_status":"open","sticky":false,"template":"","format":"standard","meta":{"om_disable_all_campaigns":false,"advanced_seo_description":"","jetpack_seo_html_title":"","jetpack_seo_noindex":false,"_jetpack_memberships_contains_paid_content":false,"footnotes":"","_links_to":"","_links_to_target":""},"categories":[1,54,25,2179],"tags":[65,2548,94,330,2011],"class_list":{"0":"post-26143","1":"post","2":"type-post","3":"status-publish","4":"format-standard","6":"category-culture","7":"category-loisirs","8":"category-salvagnac","9":"category-n-110-mai-2015","10":"tag-bibliotheque","11":"tag-salvagnac","12":"tag-lecture","13":"tag-rencontre","14":"tag-brunch"},"jetpack_featured_media_url":"","views":{"total":0,"cached_at":"","cached_date":1738509247},"jetpack_likes_enabled":true,"jetpack_sharing_enabled":true,"jetpack_shortlink":"https:\/\/wp.me\/pg7Wxj-6NF","jetpack-related-posts":[],"_links":{"self":[{"href":"https:\/\/www.o-p-i.fr\/parlonsen\/wp-json\/wp\/v2\/posts\/26143","targetHints":{"allow":["GET"]}}],"collection":[{"href":"https:\/\/www.o-p-i.fr\/parlonsen\/wp-json\/wp\/v2\/posts"}],"about":[{"href":"https:\/\/www.o-p-i.fr\/parlonsen\/wp-json\/wp\/v2\/types\/post"}],"author":[{"embeddable":true,"href":"https:\/\/www.o-p-i.fr\/parlonsen\/wp-json\/wp\/v2\/users\/2"}],"replies":[{"embeddable":true,"href":"https:\/\/www.o-p-i.fr\/parlonsen\/wp-json\/wp\/v2\/comments?post=26143"}],"version-history":[{"count":0,"href":"https:\/\/www.o-p-i.fr\/parlonsen\/wp-json\/wp\/v2\/posts\/26143\/revisions"}],"wp:attachment":[{"href":"https:\/\/www.o-p-i.fr\/parlonsen\/wp-json\/wp\/v2\/media?parent=26143"}],"wp:term":[{"taxonomy":"category","embeddable":true,"href":"https:\/\/www.o-p-i.fr\/parlonsen\/wp-json\/wp\/v2\/categories?post=26143"},{"taxonomy":"post_tag","embeddable":true,"href":"https:\/\/www.o-p-i.fr\/parlonsen\/wp-json\/wp\/v2\/tags?post=26143"}],"curies":[{"name":"wp","href":"https:\/\/api.w.org\/{rel}","templated":true}]}}