{"id":26206,"date":"2015-05-14T19:34:08","date_gmt":"2015-05-14T18:34:08","guid":{"rendered":"\/parlonsen\/?p=26206"},"modified":"2015-05-15T06:07:40","modified_gmt":"2015-05-15T05:07:40","slug":"on-mange-et-on-danse-a-albias-82","status":"publish","type":"post","link":"https:\/\/www.o-p-i.fr\/parlonsen\/localisation\/a-cote-de-chez-nous\/on-mange-et-on-danse-a-albias-82\/","title":{"rendered":"On mange et on danse &#8230; \u00e0 Albias (82)"},"content":{"rendered":"<p>Le Club des Ain\u00e9s d&rsquo;Albias est heureux de vous inviter au repas suivi du Th\u00e9 dansant qui auront lieu le <strong>Dimanche 17 Mai 2015<\/strong> \u00e0 la salle des f\u00eates d&rsquo;Albias. <!--more--><\/p>\n<figure id=\"attachment_26207\" aria-describedby=\"caption-attachment-26207\" style=\"width: 340px\" class=\"wp-caption alignright\"><a href=\"https:\/\/i0.wp.com\/www.o-p-i.fr\/parlonsen\/wp-content\/uploads\/Orchestre-Malvezin.jpg?ssl=1\"><img data-recalc-dims=\"1\" loading=\"lazy\" decoding=\"async\" class=\"size-full wp-image-26207\" src=\"https:\/\/i0.wp.com\/www.o-p-i.fr\/parlonsen\/wp-content\/uploads\/Orchestre-Malvezin.jpg?resize=340%2C261&#038;ssl=1\" alt=\"Orchestre Malvezin\" width=\"340\" height=\"261\" srcset=\"https:\/\/i0.wp.com\/www.o-p-i.fr\/parlonsen\/wp-content\/uploads\/Orchestre-Malvezin.jpg?w=340&amp;ssl=1 340w, https:\/\/i0.wp.com\/www.o-p-i.fr\/parlonsen\/wp-content\/uploads\/Orchestre-Malvezin.jpg?resize=300%2C230&amp;ssl=1 300w, https:\/\/i0.wp.com\/www.o-p-i.fr\/parlonsen\/wp-content\/uploads\/Orchestre-Malvezin.jpg?resize=150%2C115&amp;ssl=1 150w\" sizes=\"auto, (max-width: 340px) 100vw, 340px\" \/><\/a><figcaption id=\"caption-attachment-26207\" class=\"wp-caption-text\">Orchestre Malvezin<\/figcaption><\/figure>\n<p>12h : Repas<\/p>\n<p>15h : Th\u00e9 Dansant anim\u00e9 par l&rsquo;excellent orchestre au complet \u00a0de Didier MALVEZIN accompagn\u00e9 de sa chanteuse.<\/p>\n<p>Nous vous esp\u00e9rons nombreux, le meilleur accueil vous sera r\u00e9serv\u00e9.<\/p>\n<p><strong>Tarifs :<\/strong><br \/>\nRepas + Th\u00e9 dansant (Adh\u00e9rents)\u00a0 : 20 \u20ac<br \/>\nRepas + Th\u00e9 dansant (Non adh\u00e9rents) : 30 \u20ac<br \/>\nTh\u00e9 dansant\u00a0 : 8 \u20ac (p\u00e2tisseries,\u00a0boissons et caf\u00e9 compris sur pr\u00e9sentation du billet d&rsquo;entr\u00e9e)<\/p>\n<p><strong>Contact :<\/strong> Club des Ain\u00e9s d&rsquo;Albias<br \/>\nT\u00e9l. : 06 98 91 02 25<\/p>\n<p><em>Communiqu\u00e9 par Robert Linas<\/em><br \/>\n<a href=\"https:\/\/www.o-p-i.fr\/parlonsen\/agenda\/\"><strong>Retrouvez tous les \u00e9v\u00e9nements dans l&rsquo;agenda !<\/strong><\/a><\/p>\n<p>&nbsp;<\/p>\n","protected":false},"excerpt":{"rendered":"<div class=\"mh-excerpt\">Le Club des Ain\u00e9s d&rsquo;Albias est heureux de vous inviter au repas suivi du Th\u00e9 dansant qui auront lieu le Dimanche 17 Mai 2015 \u00e0 la salle des f\u00eates d&rsquo;Albias.<\/div>\n","protected":false},"author":4,"featured_media":0,"comment_status":"open","ping_status":"open","sticky":false,"template":"","format":"standard","meta":{"om_disable_all_campaigns":false,"advanced_seo_description":"","jetpack_seo_html_title":"","jetpack_seo_noindex":false,"_jetpack_memberships_contains_paid_content":false,"footnotes":"","_links_to":"","_links_to_target":""},"categories":[42,54,2179],"tags":[1627,80,82,156,640],"class_list":{"0":"post-26206","1":"post","2":"type-post","3":"status-publish","4":"format-standard","6":"category-a-cote-de-chez-nous","7":"category-loisirs","8":"category-n-110-mai-2015","9":"tag-repas-dansant","10":"tag-the-dansant","11":"tag-aines","12":"tag-bal","13":"tag-albias"},"jetpack_featured_media_url":"","views":{"total":0,"cached_at":"","cached_date":1738464172},"jetpack_likes_enabled":true,"jetpack_sharing_enabled":true,"jetpack_shortlink":"https:\/\/wp.me\/pg7Wxj-6OG","jetpack-related-posts":[],"_links":{"self":[{"href":"https:\/\/www.o-p-i.fr\/parlonsen\/wp-json\/wp\/v2\/posts\/26206","targetHints":{"allow":["GET"]}}],"collection":[{"href":"https:\/\/www.o-p-i.fr\/parlonsen\/wp-json\/wp\/v2\/posts"}],"about":[{"href":"https:\/\/www.o-p-i.fr\/parlonsen\/wp-json\/wp\/v2\/types\/post"}],"author":[{"embeddable":true,"href":"https:\/\/www.o-p-i.fr\/parlonsen\/wp-json\/wp\/v2\/users\/4"}],"replies":[{"embeddable":true,"href":"https:\/\/www.o-p-i.fr\/parlonsen\/wp-json\/wp\/v2\/comments?post=26206"}],"version-history":[{"count":0,"href":"https:\/\/www.o-p-i.fr\/parlonsen\/wp-json\/wp\/v2\/posts\/26206\/revisions"}],"wp:attachment":[{"href":"https:\/\/www.o-p-i.fr\/parlonsen\/wp-json\/wp\/v2\/media?parent=26206"}],"wp:term":[{"taxonomy":"category","embeddable":true,"href":"https:\/\/www.o-p-i.fr\/parlonsen\/wp-json\/wp\/v2\/categories?post=26206"},{"taxonomy":"post_tag","embeddable":true,"href":"https:\/\/www.o-p-i.fr\/parlonsen\/wp-json\/wp\/v2\/tags?post=26206"}],"curies":[{"name":"wp","href":"https:\/\/api.w.org\/{rel}","templated":true}]}}