{"id":26240,"date":"2015-05-18T21:13:04","date_gmt":"2015-05-18T20:13:04","guid":{"rendered":"\/parlonsen\/?p=26240"},"modified":"2015-05-18T21:13:04","modified_gmt":"2015-05-18T20:13:04","slug":"the-dansant-a-leojac-82-3","status":"publish","type":"post","link":"https:\/\/www.o-p-i.fr\/parlonsen\/localisation\/au-pays-des-tescous\/leojac\/the-dansant-a-leojac-82-3\/","title":{"rendered":"Th\u00e9 dansant &#8230; \u00e0 L\u00e9ojac (82)"},"content":{"rendered":"<p>Les A\u00een\u00e9s de L\u00e9ojac\u00a0 et des environs, pr\u00e9sid\u00e9s par Denis COUPY, vous invitent \u00e0 leur th\u00e9 dansant qui aura lieu \u00e0 la salle des f\u00eates de L\u00e9ojac<strong> jeudi 21 mai 2015<\/strong> \u00e0 partir de 14h30 et sera anim\u00e9 par Claude PONTAC, son accord\u00e9on et sa trompette.<!--more--><\/p>\n<figure id=\"attachment_26241\" aria-describedby=\"caption-attachment-26241\" style=\"width: 150px\" class=\"wp-caption alignright\"><a href=\"https:\/\/i0.wp.com\/www.o-p-i.fr\/parlonsen\/wp-content\/uploads\/thedansantleojac5.jpg?ssl=1\"><img data-recalc-dims=\"1\" loading=\"lazy\" decoding=\"async\" class=\"size-thumbnail wp-image-26241\" src=\"https:\/\/i0.wp.com\/www.o-p-i.fr\/parlonsen\/wp-content\/uploads\/thedansantleojac5.jpg?resize=150%2C150&#038;ssl=1\" alt=\"Th\u00e9 dansant \u00e0 L\u00e9ojac (82)\" width=\"150\" height=\"150\" srcset=\"https:\/\/i0.wp.com\/www.o-p-i.fr\/parlonsen\/wp-content\/uploads\/thedansantleojac5.jpg?resize=150%2C150&amp;ssl=1 150w, https:\/\/i0.wp.com\/www.o-p-i.fr\/parlonsen\/wp-content\/uploads\/thedansantleojac5.jpg?zoom=2&amp;resize=150%2C150&amp;ssl=1 300w, https:\/\/i0.wp.com\/www.o-p-i.fr\/parlonsen\/wp-content\/uploads\/thedansantleojac5.jpg?zoom=3&amp;resize=150%2C150&amp;ssl=1 450w\" sizes=\"auto, (max-width: 150px) 100vw, 150px\" \/><\/a><figcaption id=\"caption-attachment-26241\" class=\"wp-caption-text\">Th\u00e9 dansant \u00e0 L\u00e9ojac (82)<\/figcaption><\/figure>\n<p>Boissons, g\u00e2teaux, caf\u00e9 offerts.<\/p>\n<p>Venez passez une apr\u00e8s-midi agr\u00e9able au pays de la danse et de l\u2019amiti\u00e9.<\/p>\n<p>Le bal suivant aura lieu jeudi 18 juin, dans la m\u00eame salle. Il sera anim\u00e9 par Michel Bonnefous.<\/p>\n<p>R\u00e9servations<\/p>\n<p><strong>Contact :<\/strong> Les A\u00een\u00e9s de L\u00e9ojac\u00a0 et des environs<br \/>\nT\u00e9l. : 05 63 63 56 70 .<\/p>\n","protected":false},"excerpt":{"rendered":"<div class=\"mh-excerpt\">Les A\u00een\u00e9s de L\u00e9ojac\u00a0 et des environs, pr\u00e9sid\u00e9s par Denis COUPY, vous invitent \u00e0 leur th\u00e9 dansant qui aura lieu \u00e0 la salle des f\u00eates de L\u00e9ojac jeudi 21 mai 2015 \u00e0 partir de 14h30 <a class=\"mh-excerpt-more\" href=\"https:\/\/www.o-p-i.fr\/parlonsen\/localisation\/au-pays-des-tescous\/leojac\/the-dansant-a-leojac-82-3\/\" title=\"Th\u00e9 dansant &#8230; \u00e0 L\u00e9ojac (82)\">[&#8230;]<\/a><\/div>\n","protected":false},"author":2,"featured_media":0,"comment_status":"open","ping_status":"open","sticky":false,"template":"","format":"standard","meta":{"om_disable_all_campaigns":false,"advanced_seo_description":"","jetpack_seo_html_title":"","jetpack_seo_noindex":false,"_jetpack_memberships_contains_paid_content":false,"footnotes":"","_links_to":"","_links_to_target":""},"categories":[30,54,2179,2180],"tags":[2553,80,82,84],"class_list":{"0":"post-26240","1":"post","2":"type-post","3":"status-publish","4":"format-standard","6":"category-leojac","7":"category-loisirs","8":"category-n-110-mai-2015","9":"category-n-111-juin-2015","10":"tag-leojac","11":"tag-the-dansant","12":"tag-aines","13":"tag-danse"},"jetpack_featured_media_url":"","views":{"total":0,"cached_at":"","cached_date":1738509126},"jetpack_likes_enabled":true,"jetpack_sharing_enabled":true,"jetpack_shortlink":"https:\/\/wp.me\/pg7Wxj-6Pe","jetpack-related-posts":[],"_links":{"self":[{"href":"https:\/\/www.o-p-i.fr\/parlonsen\/wp-json\/wp\/v2\/posts\/26240","targetHints":{"allow":["GET"]}}],"collection":[{"href":"https:\/\/www.o-p-i.fr\/parlonsen\/wp-json\/wp\/v2\/posts"}],"about":[{"href":"https:\/\/www.o-p-i.fr\/parlonsen\/wp-json\/wp\/v2\/types\/post"}],"author":[{"embeddable":true,"href":"https:\/\/www.o-p-i.fr\/parlonsen\/wp-json\/wp\/v2\/users\/2"}],"replies":[{"embeddable":true,"href":"https:\/\/www.o-p-i.fr\/parlonsen\/wp-json\/wp\/v2\/comments?post=26240"}],"version-history":[{"count":0,"href":"https:\/\/www.o-p-i.fr\/parlonsen\/wp-json\/wp\/v2\/posts\/26240\/revisions"}],"wp:attachment":[{"href":"https:\/\/www.o-p-i.fr\/parlonsen\/wp-json\/wp\/v2\/media?parent=26240"}],"wp:term":[{"taxonomy":"category","embeddable":true,"href":"https:\/\/www.o-p-i.fr\/parlonsen\/wp-json\/wp\/v2\/categories?post=26240"},{"taxonomy":"post_tag","embeddable":true,"href":"https:\/\/www.o-p-i.fr\/parlonsen\/wp-json\/wp\/v2\/tags?post=26240"}],"curies":[{"name":"wp","href":"https:\/\/api.w.org\/{rel}","templated":true}]}}