{"id":26246,"date":"2015-05-19T21:18:14","date_gmt":"2015-05-19T20:18:14","guid":{"rendered":"\/parlonsen\/?p=26246"},"modified":"2016-01-26T10:12:20","modified_gmt":"2016-01-26T09:12:20","slug":"exposition-en-art-mineurs-a-rabastens-81","status":"publish","type":"post","link":"https:\/\/www.o-p-i.fr\/parlonsen\/parlons-en\/culture\/exposition-en-art-mineurs-a-rabastens-81\/","title":{"rendered":"Exposition en \u00ab\u00a0Art Mineurs\u00a0\u00bb &#8230; \u00e0 Rabastens (81)"},"content":{"rendered":"<p>Exposition au \u00ab\u00a05\u00a0\u00bb <strong>du 26 au 30 Mai 2015<\/strong>.<!--more--><\/p>\n<figure id=\"attachment_26247\" aria-describedby=\"caption-attachment-26247\" style=\"width: 150px\" class=\"wp-caption alignright\"><a href=\"https:\/\/i0.wp.com\/www.o-p-i.fr\/parlonsen\/wp-content\/uploads\/artmineur.jpg?ssl=1\"><img data-recalc-dims=\"1\" loading=\"lazy\" decoding=\"async\" class=\"size-thumbnail wp-image-26247\" src=\"https:\/\/i0.wp.com\/www.o-p-i.fr\/parlonsen\/wp-content\/uploads\/artmineur.jpg?resize=150%2C150&#038;ssl=1\" alt=\"&quot;Art Mineurs&quot;\" width=\"150\" height=\"150\" \/><\/a><figcaption id=\"caption-attachment-26247\" class=\"wp-caption-text\">\u00ab\u00a0Art Mineurs\u00a0\u00bb<\/figcaption><\/figure>\n<p style=\"text-align: justify;\">Une semaine d&rsquo;expo autour du travail accompli par les enfants dans les ateliers d&rsquo;art et de cr\u00e9ation artistique \u00e0 Rabastens. La biblioth\u00e8que propose \u00e9galement une s\u00e9lection de livres d&rsquo;art, \u00e0 destination des enfants mais ravissant toujours les adultes par leur beaut\u00e9 et leur originalit\u00e9. Venez d\u00e9couvrir ce qui est \u00e0 la port\u00e9e de vos mains ou plut\u00f4t de celles de vos enfants et que vous ne soup\u00e7onniez peut-\u00eatre pas d&rsquo;exister \u00e0 Rabastens.<\/p>\n<p>Les membres de l&rsquo;association Le Cinq ont le plaisir de vous inviter au go\u00fbter de l&rsquo;exposition \u00a0\u00bb Art Mineurs\u00a0\u00bb le <strong>samedi 30 Mai 2015<\/strong> \u00e0 16h30.<\/p>\n<p>Nous vous attendons nombreux et nombreuses !<\/p>\n<p><strong>Contact : <\/strong>Association Le 5<br \/>\n5 quai Escoussi\u00e8res<br \/>\n81800 Rabastens<br \/>\nT\u00e9l. : 06 16 33 42 84 ou 09 66 02 00 77<\/p>\n<p><em>Communiqu\u00e9 de L\u2019\u00e9quipe du Cinq<\/em><\/p>\n","protected":false},"excerpt":{"rendered":"<div class=\"mh-excerpt\">Exposition au \u00ab\u00a05\u00a0\u00bb du 26 au 30 Mai 2015.<\/div>\n","protected":false},"author":2,"featured_media":0,"comment_status":"open","ping_status":"open","sticky":false,"template":"","format":"standard","meta":{"om_disable_all_campaigns":false,"advanced_seo_description":"","jetpack_seo_html_title":"","jetpack_seo_noindex":false,"_jetpack_memberships_contains_paid_content":false,"footnotes":"","_links_to":"","_links_to_target":""},"categories":[42,1,54,2179],"tags":[72,172,200,323,326],"class_list":{"0":"post-26246","1":"post","2":"type-post","3":"status-publish","4":"format-standard","6":"category-a-cote-de-chez-nous","7":"category-culture","8":"category-loisirs","9":"category-n-110-mai-2015","10":"tag-rabastens","11":"tag-exposition","12":"tag-art","13":"tag-enfant","14":"tag-le-5"},"jetpack_featured_media_url":"","views":{"total":0,"cached_at":"","cached_date":1738508849},"jetpack_likes_enabled":true,"jetpack_sharing_enabled":true,"jetpack_shortlink":"https:\/\/wp.me\/pg7Wxj-6Pk","jetpack-related-posts":[],"_links":{"self":[{"href":"https:\/\/www.o-p-i.fr\/parlonsen\/wp-json\/wp\/v2\/posts\/26246","targetHints":{"allow":["GET"]}}],"collection":[{"href":"https:\/\/www.o-p-i.fr\/parlonsen\/wp-json\/wp\/v2\/posts"}],"about":[{"href":"https:\/\/www.o-p-i.fr\/parlonsen\/wp-json\/wp\/v2\/types\/post"}],"author":[{"embeddable":true,"href":"https:\/\/www.o-p-i.fr\/parlonsen\/wp-json\/wp\/v2\/users\/2"}],"replies":[{"embeddable":true,"href":"https:\/\/www.o-p-i.fr\/parlonsen\/wp-json\/wp\/v2\/comments?post=26246"}],"version-history":[{"count":0,"href":"https:\/\/www.o-p-i.fr\/parlonsen\/wp-json\/wp\/v2\/posts\/26246\/revisions"}],"wp:attachment":[{"href":"https:\/\/www.o-p-i.fr\/parlonsen\/wp-json\/wp\/v2\/media?parent=26246"}],"wp:term":[{"taxonomy":"category","embeddable":true,"href":"https:\/\/www.o-p-i.fr\/parlonsen\/wp-json\/wp\/v2\/categories?post=26246"},{"taxonomy":"post_tag","embeddable":true,"href":"https:\/\/www.o-p-i.fr\/parlonsen\/wp-json\/wp\/v2\/tags?post=26246"}],"curies":[{"name":"wp","href":"https:\/\/api.w.org\/{rel}","templated":true}]}}