{"id":26322,"date":"2015-05-29T08:36:40","date_gmt":"2015-05-29T07:36:40","guid":{"rendered":"\/parlonsen\/?p=26322"},"modified":"2015-05-27T09:31:38","modified_gmt":"2015-05-27T08:31:38","slug":"fete-de-la-musique-aux-capitouls-a-monclar-de-quercy","status":"publish","type":"post","link":"https:\/\/www.o-p-i.fr\/parlonsen\/localisation\/au-pays-des-tescous\/monclar\/fete-de-la-musique-aux-capitouls-a-monclar-de-quercy\/","title":{"rendered":"F\u00eate de la Musique aux Capitouls &#8230; \u00e0 Monclar de Quercy (82)"},"content":{"rendered":"<p>Le Bistrot des Capitouls fait sa f\u00eate de la musique le<strong> Dimanche 21 Juin 2015<\/strong> ! <!--more--><\/p>\n<figure id=\"attachment_26323\" aria-describedby=\"caption-attachment-26323\" style=\"width: 640px\" class=\"wp-caption aligncenter\"><a href=\"https:\/\/i0.wp.com\/www.o-p-i.fr\/parlonsen\/wp-content\/uploads\/fetemusiquecapitouls.jpg?ssl=1\"><img data-recalc-dims=\"1\" loading=\"lazy\" decoding=\"async\" class=\"size-large wp-image-26323\" src=\"https:\/\/i0.wp.com\/www.o-p-i.fr\/parlonsen\/wp-content\/uploads\/fetemusiquecapitouls.jpg?resize=640%2C905&#038;ssl=1\" alt=\"Monclar de Quercy (82)\" width=\"640\" height=\"905\" srcset=\"https:\/\/i0.wp.com\/www.o-p-i.fr\/parlonsen\/wp-content\/uploads\/fetemusiquecapitouls.jpg?resize=724%2C1024&amp;ssl=1 724w, https:\/\/i0.wp.com\/www.o-p-i.fr\/parlonsen\/wp-content\/uploads\/fetemusiquecapitouls.jpg?resize=212%2C300&amp;ssl=1 212w, https:\/\/i0.wp.com\/www.o-p-i.fr\/parlonsen\/wp-content\/uploads\/fetemusiquecapitouls.jpg?resize=106%2C150&amp;ssl=1 106w, https:\/\/i0.wp.com\/www.o-p-i.fr\/parlonsen\/wp-content\/uploads\/fetemusiquecapitouls.jpg?resize=400%2C566&amp;ssl=1 400w, https:\/\/i0.wp.com\/www.o-p-i.fr\/parlonsen\/wp-content\/uploads\/fetemusiquecapitouls.jpg?w=900&amp;ssl=1 900w\" sizes=\"auto, (max-width: 640px) 100vw, 640px\" \/><\/a><figcaption id=\"caption-attachment-26323\" class=\"wp-caption-text\">Monclar de Quercy (82)<\/figcaption><\/figure>\n<p>Anim\u00e9e par Dany Sono<\/p>\n<p><strong>Tarif :<\/strong><br \/>\nRepas : 9,90 \u20ac<\/p>\n<p>Sur r\u00e9servation<\/p>\n<p><strong>Contact :<\/strong> <a href=\"https:\/\/www.o-p-i.fr\/aupays\/vie-des-communes\/vie-a-monclar-de-quercy\/le-bistrot-des-capitouls\/\" rel=\"bookmark\">Le Bistrot des Capitouls<\/a><\/p>\n<div class=\"entry-thumbnails\"><a href=\"https:\/\/www.o-p-i.fr\/aupays\/vie-des-communes\/vie-a-monclar-de-quercy\/le-bistrot-des-capitouls\/\"><img decoding=\"async\" title=\"Le Bistrot des Capitouls\" src=\"https:\/\/www.o-p-i.fr\/aupays\/wp-content\/themes\/arras-theme\/library\/timthumb.php?src=https:\/\/www.o-p-i.fr\/aupays\/wp-content\/uploads\/logo_bistrotdescapitouls.jpg&amp;w=190&amp;h=100&amp;zc=1\" alt=\"Le Bistrot des Capitouls\" \/><\/a><span class=\"entry-meta\"><abbr class=\"published\" title=\"2015-05-27T09:00:36+00:00\">&#8230;<\/abbr><\/span><\/div>\n<h3 class=\"entry-title\"><\/h3>\n","protected":false},"excerpt":{"rendered":"<div class=\"mh-excerpt\">Le Bistrot des Capitouls fait sa f\u00eate de la musique le Dimanche 21 Juin 2015 !<\/div>\n","protected":false},"author":2,"featured_media":0,"comment_status":"open","ping_status":"open","sticky":false,"template":"","format":"standard","meta":{"om_disable_all_campaigns":false,"advanced_seo_description":"","jetpack_seo_html_title":"","jetpack_seo_noindex":false,"_jetpack_memberships_contains_paid_content":false,"footnotes":"","_links_to":"","_links_to_target":""},"categories":[603,16,54,2180],"tags":[56,2541,145,157,580],"class_list":{"0":"post-26322","1":"post","2":"type-post","3":"status-publish","4":"format-standard","6":"category-vive-lete","7":"category-monclar","8":"category-loisirs","9":"category-n-111-juin-2015","10":"tag-fete","11":"tag-monclar","12":"tag-animation","13":"tag-repas","14":"tag-fete-de-la-musique"},"jetpack_featured_media_url":"","views":{"total":0,"cached_at":"","cached_date":1738438817},"jetpack_likes_enabled":true,"jetpack_sharing_enabled":true,"jetpack_shortlink":"https:\/\/wp.me\/pg7Wxj-6Qy","jetpack-related-posts":[],"_links":{"self":[{"href":"https:\/\/www.o-p-i.fr\/parlonsen\/wp-json\/wp\/v2\/posts\/26322","targetHints":{"allow":["GET"]}}],"collection":[{"href":"https:\/\/www.o-p-i.fr\/parlonsen\/wp-json\/wp\/v2\/posts"}],"about":[{"href":"https:\/\/www.o-p-i.fr\/parlonsen\/wp-json\/wp\/v2\/types\/post"}],"author":[{"embeddable":true,"href":"https:\/\/www.o-p-i.fr\/parlonsen\/wp-json\/wp\/v2\/users\/2"}],"replies":[{"embeddable":true,"href":"https:\/\/www.o-p-i.fr\/parlonsen\/wp-json\/wp\/v2\/comments?post=26322"}],"version-history":[{"count":0,"href":"https:\/\/www.o-p-i.fr\/parlonsen\/wp-json\/wp\/v2\/posts\/26322\/revisions"}],"wp:attachment":[{"href":"https:\/\/www.o-p-i.fr\/parlonsen\/wp-json\/wp\/v2\/media?parent=26322"}],"wp:term":[{"taxonomy":"category","embeddable":true,"href":"https:\/\/www.o-p-i.fr\/parlonsen\/wp-json\/wp\/v2\/categories?post=26322"},{"taxonomy":"post_tag","embeddable":true,"href":"https:\/\/www.o-p-i.fr\/parlonsen\/wp-json\/wp\/v2\/tags?post=26322"}],"curies":[{"name":"wp","href":"https:\/\/api.w.org\/{rel}","templated":true}]}}