{"id":26405,"date":"2015-06-02T10:31:57","date_gmt":"2015-06-02T09:31:57","guid":{"rendered":"\/parlonsen\/?p=26405"},"modified":"2015-06-03T10:38:56","modified_gmt":"2015-06-03T09:38:56","slug":"baptemes-premieres-communions-et-professions-de-foi-a-monclar-de-quercy-82","status":"publish","type":"post","link":"https:\/\/www.o-p-i.fr\/parlonsen\/parlons-en\/pratique\/baptemes-premieres-communions-et-professions-de-foi-a-monclar-de-quercy-82\/","title":{"rendered":"Bapt\u00eames, premi\u00e8res communions et professions de foi &#8230; \u00e0 Monclar de Quercy (82)"},"content":{"rendered":"<p>Jour de joie pour le secteur paroissial : bapt\u00eames, premi\u00e8res communions et professions de foi, Dimanche 24 mai 2015, le secteur paroissial \u00e9tait en effervescence.<!--more--><\/p>\n<figure id=\"attachment_26406\" aria-describedby=\"caption-attachment-26406\" style=\"width: 300px\" class=\"wp-caption alignright\"><a href=\"https:\/\/i0.wp.com\/www.o-p-i.fr\/parlonsen\/wp-content\/uploads\/communionmonclar.jpg?ssl=1\"><img data-recalc-dims=\"1\" loading=\"lazy\" decoding=\"async\" class=\"size-medium wp-image-26406\" src=\"https:\/\/i0.wp.com\/www.o-p-i.fr\/parlonsen\/wp-content\/uploads\/communionmonclar.jpg?resize=300%2C200&#038;ssl=1\" alt=\"Monclar de Quercy (82)\" width=\"300\" height=\"200\" srcset=\"https:\/\/i0.wp.com\/www.o-p-i.fr\/parlonsen\/wp-content\/uploads\/communionmonclar.jpg?resize=300%2C200&amp;ssl=1 300w, https:\/\/i0.wp.com\/www.o-p-i.fr\/parlonsen\/wp-content\/uploads\/communionmonclar.jpg?resize=1024%2C682&amp;ssl=1 1024w, https:\/\/i0.wp.com\/www.o-p-i.fr\/parlonsen\/wp-content\/uploads\/communionmonclar.jpg?resize=150%2C100&amp;ssl=1 150w, https:\/\/i0.wp.com\/www.o-p-i.fr\/parlonsen\/wp-content\/uploads\/communionmonclar.jpg?resize=400%2C267&amp;ssl=1 400w, https:\/\/i0.wp.com\/www.o-p-i.fr\/parlonsen\/wp-content\/uploads\/communionmonclar.jpg?w=2000&amp;ssl=1 2000w\" sizes=\"auto, (max-width: 300px) 100vw, 300px\" \/><\/a><figcaption id=\"caption-attachment-26406\" class=\"wp-caption-text\">Monclar de Quercy (82)<\/figcaption><\/figure>\n<p>L\u2019abb\u00e9 Jean SOLANA, notre nouveau pr\u00eatre accueillait, dans la joie, les enfants et leurs familles.<\/p>\n<p>Voici le nom des enfants de la c\u00e9r\u00e9monie du dimanche 24 Mai 2015<\/p>\n<p>Bapt\u00eame : Maya CAQUARD- Jimmy VAN DEN BROECK- Coralie VAN DEN BROECK.<\/p>\n<p>1\u00e8re Communion : Lidvine BOYER &#8211; Marius BOECASSE &#8211; Elise CHABAUD- Camille CUMERLATO &#8211; Antony LINAS &#8211; Jimmy VAN DEN BROECK &#8211; Coralie VAN DEN BROECK- Fanny LEOST.<\/p>\n<p>Profession de Foi : Alexi CUMERLATO- Dustin ANEMON.<\/p>\n<p><em>Communiqu\u00e9 et Photo : Robert Linas<\/em><\/p>\n","protected":false},"excerpt":{"rendered":"<div class=\"mh-excerpt\">Jour de joie pour le secteur paroissial : bapt\u00eames, premi\u00e8res communions et professions de foi, Dimanche 24 mai 2015, le secteur paroissial \u00e9tait en effervescence.<\/div>\n","protected":false},"author":2,"featured_media":0,"comment_status":"open","ping_status":"open","sticky":false,"template":"","format":"standard","meta":{"om_disable_all_campaigns":false,"advanced_seo_description":"","jetpack_seo_html_title":"","jetpack_seo_noindex":false,"_jetpack_memberships_contains_paid_content":false,"footnotes":"","_links_to":"","_links_to_target":""},"categories":[16,6,2180],"tags":[1336,1337,2346,2541],"class_list":{"0":"post-26405","1":"post","2":"type-post","3":"status-publish","4":"format-standard","6":"category-monclar","7":"category-pratique","8":"category-n-111-juin-2015","9":"tag-premiere-communion","10":"tag-profession-de-foi","11":"tag-bapteme","12":"tag-monclar"},"jetpack_featured_media_url":"","views":{"total":1,"cached_at":"","cached_date":1738439892},"jetpack_likes_enabled":true,"jetpack_sharing_enabled":true,"jetpack_shortlink":"https:\/\/wp.me\/pg7Wxj-6RT","jetpack-related-posts":[],"_links":{"self":[{"href":"https:\/\/www.o-p-i.fr\/parlonsen\/wp-json\/wp\/v2\/posts\/26405","targetHints":{"allow":["GET"]}}],"collection":[{"href":"https:\/\/www.o-p-i.fr\/parlonsen\/wp-json\/wp\/v2\/posts"}],"about":[{"href":"https:\/\/www.o-p-i.fr\/parlonsen\/wp-json\/wp\/v2\/types\/post"}],"author":[{"embeddable":true,"href":"https:\/\/www.o-p-i.fr\/parlonsen\/wp-json\/wp\/v2\/users\/2"}],"replies":[{"embeddable":true,"href":"https:\/\/www.o-p-i.fr\/parlonsen\/wp-json\/wp\/v2\/comments?post=26405"}],"version-history":[{"count":0,"href":"https:\/\/www.o-p-i.fr\/parlonsen\/wp-json\/wp\/v2\/posts\/26405\/revisions"}],"wp:attachment":[{"href":"https:\/\/www.o-p-i.fr\/parlonsen\/wp-json\/wp\/v2\/media?parent=26405"}],"wp:term":[{"taxonomy":"category","embeddable":true,"href":"https:\/\/www.o-p-i.fr\/parlonsen\/wp-json\/wp\/v2\/categories?post=26405"},{"taxonomy":"post_tag","embeddable":true,"href":"https:\/\/www.o-p-i.fr\/parlonsen\/wp-json\/wp\/v2\/tags?post=26405"}],"curies":[{"name":"wp","href":"https:\/\/api.w.org\/{rel}","templated":true}]}}