{"id":26494,"date":"2015-06-12T08:56:16","date_gmt":"2015-06-12T07:56:16","guid":{"rendered":"\/parlonsen\/?p=26494"},"modified":"2016-01-26T10:12:18","modified_gmt":"2016-01-26T09:12:18","slug":"1995-2015-larcheosite-a-20-ans-a-montans-81","status":"publish","type":"post","link":"https:\/\/www.o-p-i.fr\/parlonsen\/parlons-en\/culture\/1995-2015-larcheosite-a-20-ans-a-montans-81\/","title":{"rendered":"1995-2015 : L&rsquo;Arch\u00e9osite a 20 ans ! &#8230; \u00e0 Montans  (81)"},"content":{"rendered":"<p style=\"text-align: justify;\">F\u00eatons tous ensemble son entr\u00e9e dans le bel \u00e2ge les<strong> Samedi 20 et Dimanche 21 Juin 2015<\/strong> ! <!--more--><\/p>\n<p style=\"text-align: justify;\"><strong>Les Journ\u00e9es nationales de l&rsquo;arch\u00e9ologie<\/strong><\/p>\n<p style=\"text-align: justify;\">Arch\u00e9osite : 20 ans d&rsquo;exp\u00e9riences !<\/p>\n<p style=\"text-align: justify;\">Samedi 20 juin (\u00e0 partir de 14h00) et dimanche 21 juin (de 14h00 \u00e0 18h00)<\/p>\n<figure id=\"attachment_26497\" aria-describedby=\"caption-attachment-26497\" style=\"width: 209px\" class=\"wp-caption alignright\"><a href=\"https:\/\/i0.wp.com\/www.o-p-i.fr\/parlonsen\/wp-content\/uploads\/archeositemontans5.jpg?ssl=1\"><img data-recalc-dims=\"1\" loading=\"lazy\" decoding=\"async\" class=\"size-medium wp-image-26497\" src=\"https:\/\/i0.wp.com\/www.o-p-i.fr\/parlonsen\/wp-content\/uploads\/archeositemontans5.jpg?resize=209%2C300&#038;ssl=1\" alt=\"Arch\u00e9osite de Montans (81)\" width=\"209\" height=\"300\" srcset=\"https:\/\/i0.wp.com\/www.o-p-i.fr\/parlonsen\/wp-content\/uploads\/archeositemontans5.jpg?resize=209%2C300&amp;ssl=1 209w, https:\/\/i0.wp.com\/www.o-p-i.fr\/parlonsen\/wp-content\/uploads\/archeositemontans5.jpg?resize=713%2C1024&amp;ssl=1 713w, https:\/\/i0.wp.com\/www.o-p-i.fr\/parlonsen\/wp-content\/uploads\/archeositemontans5.jpg?resize=104%2C150&amp;ssl=1 104w, https:\/\/i0.wp.com\/www.o-p-i.fr\/parlonsen\/wp-content\/uploads\/archeositemontans5.jpg?resize=400%2C575&amp;ssl=1 400w, https:\/\/i0.wp.com\/www.o-p-i.fr\/parlonsen\/wp-content\/uploads\/archeositemontans5.jpg?w=800&amp;ssl=1 800w\" sizes=\"auto, (max-width: 209px) 100vw, 209px\" \/><\/a><figcaption id=\"caption-attachment-26497\" class=\"wp-caption-text\">Arch\u00e9osite de Montans (81)<\/figcaption><\/figure>\n<p style=\"text-align: justify;\">\u00ab On n&rsquo;a pas tous les jours 20 ans ! Afin de f\u00eater dignement son entr\u00e9e dans le bel \u00e2ge, l&rsquo;Arch\u00e9osite de Montans vous convie \u00e0 un week-end exceptionnel o\u00f9 s&rsquo;entrem\u00ealeront tour \u00e0 tour musique, science, arch\u00e9ologie, exposition, ateliers, concert et spectacle de feu !<\/p>\n<p style=\"text-align: justify;\">Le samedi 20 juin, \u00e0 partir de 14h00, le mus\u00e9e ouvrira ses portes sur l&rsquo;exposition \u00ab Arch\u00e9osite : 20 ans d&rsquo;exp\u00e9riences \u00bb. Une mani\u00e8re de porter un regard sur les tr\u00e8s nombreux projets d&rsquo;exp\u00e9rimentations men\u00e9s par le mus\u00e9e depuis sa fondation et dont les r\u00e9sultats contribuent \u00e0 mieux comprendre les vestiges mis au jour ; une opportunit\u00e9 \u00e9galement de se projeter vers l&rsquo;avenir en se posant la question du devenir des \u00ab vestiges \u00bb que nous laisserons en h\u00e9ritage aux arch\u00e9ologues du futur.<\/p>\n<p style=\"text-align: justify;\">Dans le parc, les musiciens de l&rsquo;ensemble Bardos proposeront des ateliers o\u00f9 chacun pourra r\u00e9aliser un petit instrument de musique antique, tandis que Christian Servelle assurera des d\u00e9monstrations autour de la taille de la pierre \u00e0 l&rsquo;\u00e9poque romaine. Le public pourra ainsi observer le fa\u00e7onnage des outils, l&rsquo;utilisation de la forge mais \u00e9galement s&rsquo;essayer au polissage de la pierre et \u00e0 la r\u00e9alisation d&rsquo;un autel votif romain.<\/p>\n<p style=\"text-align: justify;\">Le soir, \u00e0 partir de 20h30, l&rsquo;Ensemble Bardos reviendra sur sc\u00e8ne pour un concert unique o\u00f9 chants, musiques et r\u00e9cits venus du fond des \u00e2ges, ressusciteront l&rsquo;univers des bardes gaulois. Puis, c\u0153ur de la nuit, la Compagnie \u00ab l&rsquo;Arche en Sel \u00bb emm\u00e8nera chacun explorer son univers tout en f\u00e9erie et en po\u00e9sie gr\u00e2ce \u00e0 sa nouvelle cr\u00e9ation \u00ab Ayazin \u00bb. Un spectacle de feu dans tous les sens du terme o\u00f9, aux accents mystiques et envo\u00fbtants des chants, se m\u00eale la magie universelle du feu afin de faire remonter en chacun de nous des l\u00e9gendes s\u00e9culaires aujourd&rsquo;hui oubli\u00e9es.<\/p>\n<p style=\"text-align: justify;\"><strong>Programme :<\/strong><\/p>\n<ul>\n<li style=\"text-align: justify;\">Samedi :<\/li>\n<\/ul>\n<figure id=\"attachment_26496\" aria-describedby=\"caption-attachment-26496\" style=\"width: 300px\" class=\"wp-caption alignright\"><a href=\"https:\/\/i0.wp.com\/www.o-p-i.fr\/parlonsen\/wp-content\/uploads\/Ayazin.jpg?ssl=1\"><img data-recalc-dims=\"1\" loading=\"lazy\" decoding=\"async\" class=\"size-medium wp-image-26496\" src=\"https:\/\/i0.wp.com\/www.o-p-i.fr\/parlonsen\/wp-content\/uploads\/Ayazin.jpg?resize=300%2C200&#038;ssl=1\" alt=\"Compagnie \u00ab l'Arche en Sel \u00bb - Ayazin\" width=\"300\" height=\"200\" srcset=\"https:\/\/i0.wp.com\/www.o-p-i.fr\/parlonsen\/wp-content\/uploads\/Ayazin.jpg?resize=300%2C200&amp;ssl=1 300w, https:\/\/i0.wp.com\/www.o-p-i.fr\/parlonsen\/wp-content\/uploads\/Ayazin.jpg?resize=150%2C100&amp;ssl=1 150w, https:\/\/i0.wp.com\/www.o-p-i.fr\/parlonsen\/wp-content\/uploads\/Ayazin.jpg?resize=400%2C267&amp;ssl=1 400w, https:\/\/i0.wp.com\/www.o-p-i.fr\/parlonsen\/wp-content\/uploads\/Ayazin.jpg?w=800&amp;ssl=1 800w\" sizes=\"auto, (max-width: 300px) 100vw, 300px\" \/><\/a><figcaption id=\"caption-attachment-26496\" class=\"wp-caption-text\">Compagnie \u00ab l&rsquo;Arche en Sel \u00bb &#8211; Ayazin<\/figcaption><\/figure>\n<p style=\"text-align: justify;\">&#8211; Visite des collection permanentes du mus\u00e9e (30&prime;) : 14h30 ; 15h30 ; 16h30 ; 17h30.<\/p>\n<p style=\"text-align: justify;\">&#8211; Exposition : \u00ab Arch\u00e9osite : 20 ans d&rsquo;exp\u00e9riences\u00bb (30&prime;) : 15h00 ; 16h00 ; 17h00.<\/p>\n<p style=\"text-align: justify;\">&#8211; Ateliers autour de l&rsquo;exp\u00e9rimentation arch\u00e9ologique appliqu\u00e9e \u00e0 la musique et \u00e0 la taille de pierre antique avec respectivement l&rsquo;ensemble Bardos et Christian Servelle. De 14h00 \u00e0 18h00.<\/p>\n<p style=\"text-align: justify;\">Soir\u00e9e \u00e9v\u00e9nement \u00ab Arch\u00e9osite : 20 ans d&rsquo;exp\u00e9riences \u00bb<\/p>\n<p style=\"text-align: justify;\">&#8211; Concert par l&rsquo;ensemble Bardos puis spectacle de feu par la Compagnie \u00ab L&rsquo;arche en sel \u00bb. A partir de 20h30.<\/p>\n<ul>\n<li style=\"text-align: justify;\">Dimanche :<\/li>\n<\/ul>\n<p style=\"text-align: justify;\">&#8211; Visite des collection permanentes du mus\u00e9e (30&prime;) : 14h30 ; 15h30 ; 16h30 ; 17h30.<\/p>\n<p style=\"text-align: justify;\">&#8211; Exposition : \u00ab Arch\u00e9osite : 20 ans d&rsquo;exp\u00e9riences (30&prime;) \u00bb : 15h00 ; 16h00 ; 17h00.<\/p>\n<p style=\"text-align: justify;\">&#8211; Ateliers autour de l&rsquo;exp\u00e9rimentation arch\u00e9ologique : la taille de pierre \u00e0 la romaine par Christian Servelle. De 14h00 \u00e0 18h00.<\/p>\n<p style=\"text-align: justify;\"><strong>Tarifs :<\/strong><br \/>\nEntr\u00e9e gratuite durant tout le week-end ainsi que pour la soir\u00e9e \u00e9v\u00e9nement \u00ab Arch\u00e9osite : 20 ans d&rsquo;exp\u00e9riences \u00bb<\/p>\n<p style=\"text-align: justify;\"><strong>Contact :<\/strong> Arch\u00e9osite de Montans<br \/>\nT\u00e9l. : 05 63 57 59 16<br \/>\nCourriel :\u00a0 <a href=\"mailto:archeosite@ted.fr\">archeosite@ted.fr<\/a><\/p>\n<p style=\"text-align: justify;\"><em>Communiqu\u00e9 de Catherine Brunet,\u00a0Service communication Tarn &amp; Dadou<\/em><\/p>\n","protected":false},"excerpt":{"rendered":"<div class=\"mh-excerpt\">F\u00eatons tous ensemble son entr\u00e9e dans le bel \u00e2ge les Samedi 20 et Dimanche 21 Juin 2015 !<\/div>\n","protected":false},"author":2,"featured_media":0,"comment_status":"open","ping_status":"open","sticky":false,"template":"","format":"standard","meta":{"om_disable_all_campaigns":false,"advanced_seo_description":"","jetpack_seo_html_title":"","jetpack_seo_noindex":false,"_jetpack_memberships_contains_paid_content":false,"footnotes":"","_links_to":"","_links_to_target":""},"categories":[51,42,1,54,2180],"tags":[43,82,83,132,145,172,323,330,504,505,506,993],"class_list":{"0":"post-26494","1":"post","2":"type-post","3":"status-publish","4":"format-standard","6":"category-artisanat","7":"category-a-cote-de-chez-nous","8":"category-culture","9":"category-loisirs","10":"category-n-111-juin-2015","11":"tag-concert","12":"tag-aines","13":"tag-anniversaire","14":"tag-spectacle","15":"tag-animation","16":"tag-exposition","17":"tag-enfant","18":"tag-rencontre","19":"tag-archeosite","20":"tag-montans","21":"tag-musee","22":"tag-archeologie"},"jetpack_featured_media_url":"","views":{"total":0,"cached_at":"","cached_date":1738475550},"jetpack_likes_enabled":true,"jetpack_sharing_enabled":true,"jetpack_shortlink":"https:\/\/wp.me\/pg7Wxj-6Tk","jetpack-related-posts":[],"_links":{"self":[{"href":"https:\/\/www.o-p-i.fr\/parlonsen\/wp-json\/wp\/v2\/posts\/26494","targetHints":{"allow":["GET"]}}],"collection":[{"href":"https:\/\/www.o-p-i.fr\/parlonsen\/wp-json\/wp\/v2\/posts"}],"about":[{"href":"https:\/\/www.o-p-i.fr\/parlonsen\/wp-json\/wp\/v2\/types\/post"}],"author":[{"embeddable":true,"href":"https:\/\/www.o-p-i.fr\/parlonsen\/wp-json\/wp\/v2\/users\/2"}],"replies":[{"embeddable":true,"href":"https:\/\/www.o-p-i.fr\/parlonsen\/wp-json\/wp\/v2\/comments?post=26494"}],"version-history":[{"count":0,"href":"https:\/\/www.o-p-i.fr\/parlonsen\/wp-json\/wp\/v2\/posts\/26494\/revisions"}],"wp:attachment":[{"href":"https:\/\/www.o-p-i.fr\/parlonsen\/wp-json\/wp\/v2\/media?parent=26494"}],"wp:term":[{"taxonomy":"category","embeddable":true,"href":"https:\/\/www.o-p-i.fr\/parlonsen\/wp-json\/wp\/v2\/categories?post=26494"},{"taxonomy":"post_tag","embeddable":true,"href":"https:\/\/www.o-p-i.fr\/parlonsen\/wp-json\/wp\/v2\/tags?post=26494"}],"curies":[{"name":"wp","href":"https:\/\/api.w.org\/{rel}","templated":true}]}}