{"id":26522,"date":"2015-06-11T16:36:54","date_gmt":"2015-06-11T15:36:54","guid":{"rendered":"\/parlonsen\/?p=26522"},"modified":"2015-06-11T16:36:54","modified_gmt":"2015-06-11T15:36:54","slug":"4eme-rencart-2015-a-couffouleux-81","status":"publish","type":"post","link":"https:\/\/www.o-p-i.fr\/parlonsen\/parlons-en\/culture\/4eme-rencart-2015-a-couffouleux-81\/","title":{"rendered":"4\u00e8me Rencart 2015 &#8230; \u00e0 Couffouleux (81)"},"content":{"rendered":"<p>Pr\u00e9sentation des Ateliers Th\u00e9\u00e2tre de la MJC Rabastens-Couffouleux dirig\u00e9s par Anne Colin les <strong>Samedi 13 juin 2015<\/strong> \u00e0 18h30 et <strong>Dimanche 14 juin 2015<\/strong> \u00e0 16h, Salle Polyvalente de Couffouleux.<!--more--><\/p>\n<p>&nbsp;<\/p>\n<figure id=\"attachment_26523\" aria-describedby=\"caption-attachment-26523\" style=\"width: 212px\" class=\"wp-caption alignright\"><a href=\"https:\/\/i0.wp.com\/www.o-p-i.fr\/parlonsen\/wp-content\/uploads\/rencartdumorse2015.jpg?ssl=1\"><img data-recalc-dims=\"1\" loading=\"lazy\" decoding=\"async\" class=\"size-medium wp-image-26523\" src=\"https:\/\/i0.wp.com\/www.o-p-i.fr\/parlonsen\/wp-content\/uploads\/rencartdumorse2015.jpg?resize=212%2C300&#038;ssl=1\" alt=\"Th\u00e9\u00e2tre avec les Rencarts du Morse 2015 \u00e0 Couffouleux (81)\" width=\"212\" height=\"300\" srcset=\"https:\/\/i0.wp.com\/www.o-p-i.fr\/parlonsen\/wp-content\/uploads\/rencartdumorse2015.jpg?resize=212%2C300&amp;ssl=1 212w, https:\/\/i0.wp.com\/www.o-p-i.fr\/parlonsen\/wp-content\/uploads\/rencartdumorse2015.jpg?resize=106%2C150&amp;ssl=1 106w, https:\/\/i0.wp.com\/www.o-p-i.fr\/parlonsen\/wp-content\/uploads\/rencartdumorse2015.jpg?resize=400%2C566&amp;ssl=1 400w, https:\/\/i0.wp.com\/www.o-p-i.fr\/parlonsen\/wp-content\/uploads\/rencartdumorse2015.jpg?w=500&amp;ssl=1 500w\" sizes=\"auto, (max-width: 212px) 100vw, 212px\" \/><\/a><figcaption id=\"caption-attachment-26523\" class=\"wp-caption-text\">Th\u00e9\u00e2tre avec les Rencarts du Morse 2015 \u00e0 Couffouleux (81)<\/figcaption><\/figure>\n<p>Au programme :<\/p>\n<ul>\n<li>Rom\u00e9o &amp; Juliette &#8211; Shakespeare (8\/10 ans)<\/li>\n<\/ul>\n<p>Avec Nathan Giraud ; Charlie Tirard ; Indi Vion Guibert ; Ma\u00efna Vion Guibert ; L\u00e9onie Zira ; Dora Cordovana ; Tha\u00efs Guissart ; Tobias Tabouche ; Andr\u00e9a Livrud ; Marine Salanson ; Andr\u00e9a Franchet ; Mathis Chedeville ; Rozenn Bras ; Mathilde M\u00e9nard<\/p>\n<ul>\n<li>\u00a0L&rsquo;Avare &#8211; Moli\u00e8re (11\/13 ans)<\/li>\n<\/ul>\n<p>Avec Nils Barthel ; Luna Labracherie ; Lola Bonneau Ragu ; Juliette Cheyrouze ; Karl Franczak ; Pablo Gomez ; Camille Liviero ; Arthur Lacoste ; Valentine Roques ; Rapha\u00ebl Cornac Reilles ; Marie Perrody ; Cl\u00e9mentine Veyssi\u00e8res ; Aurianne Camliti.<\/p>\n<ul>\n<li>Pi\u00e8ces courtes &amp; La Mouette-Fragments d&rsquo;Anton Tchekhov (13\/18 ans)\n<ul>\n<li>La Demande en mariage<\/li>\n<li>Adrien Rossignol &#8211; Octave Foulon &#8211; Louis Muratet &#8211; Luna Vion Guibert<\/li>\n<li>Simon Chaillou- Lila Valls &#8211; Matthias Nadal &#8211; Louise Girault<\/li>\n<li>Les M\u00e9faits du Tabac<\/li>\n<li>Eva Juan &#8211; Camille Tabart &#8211; Louise Girault &#8211; Julie Maddalena<\/li>\n<li>L&rsquo;Ours<\/li>\n<li>Avrile Bigot-Bastian \u2013 Matthias Nadal &#8211; Tom Pal\u00e9<\/li>\n<li>Mae Valls &#8211; Lucie D&rsquo;Auzon &#8211; Julie Maddalena &#8211; Octave Foulon<\/li>\n<li>La Mouette &#8211; Fragments<\/li>\n<li>Eva Juan &#8211; Adrien Rossignol &#8211; Lila Valls &#8211; Louis Muratet<\/li>\n<li>Fanette Cazajous &#8211; Simon Chaillou &#8211; Mae Valls &#8211; Luna Vion Guibert<\/li>\n<\/ul>\n<\/li>\n<\/ul>\n<p>4\u00e8me rencart 2015 en partenariat avec la MJC Rabastens &#8211; Couffouleux<\/p>\n<p>Petite restauration sur place<\/p>\n<p><strong>Contacts : <\/strong><br \/>\nMJC Rabastens-Couffouleux<br \/>\n2 impasse De Toulza<br \/>\n81800 Rabastens<br \/>\nT\u00e9l. : 05 63 40 61 43 \/ 09 52 19 61 43<br \/>\nSite : <a href=\"http:\/\/www.mjcrabastenscouffouleux.fr\">www.mjcrabastenscouffouleux.fr<\/a><\/p>\n<p>Compagnie du morse<br \/>\n53, avenue Jean B\u00e9renguier<br \/>\n81800 Couffouleux<br \/>\nRenseignements :09 80 50 98 14 &#8211; 06 87 74 68 36<br \/>\nCourriel : <a href=\"mailto:contact@ciedumorse.com\">contact@ciedumorse.com<\/a><br \/>\nSite : <a href=\"http:\/\/compagniedumorse.jimdo.com\">http:\/\/compagniedumorse.jimdo.com<\/a><\/p>\n","protected":false},"excerpt":{"rendered":"<div class=\"mh-excerpt\">Pr\u00e9sentation des Ateliers Th\u00e9\u00e2tre de la MJC Rabastens-Couffouleux dirig\u00e9s par Anne Colin les Samedi 13 juin 2015 \u00e0 18h30 et Dimanche 14 juin 2015 \u00e0 16h, Salle Polyvalente de Couffouleux.<\/div>\n","protected":false},"author":2,"featured_media":0,"comment_status":"open","ping_status":"open","sticky":false,"template":"","format":"standard","meta":{"om_disable_all_campaigns":false,"advanced_seo_description":"","jetpack_seo_html_title":"","jetpack_seo_noindex":false,"_jetpack_memberships_contains_paid_content":false,"footnotes":"","_links_to":"","_links_to_target":""},"categories":[42,1,54,2180],"tags":[57,132,148,293,345,1786],"class_list":{"0":"post-26522","1":"post","2":"type-post","3":"status-publish","4":"format-standard","6":"category-a-cote-de-chez-nous","7":"category-culture","8":"category-loisirs","9":"category-n-111-juin-2015","10":"tag-theatre","11":"tag-spectacle","12":"tag-couffouleux","13":"tag-mjc-rabastens-couffouleux","14":"tag-compagnie-du-morse","15":"tag-atelier-theatre"},"jetpack_featured_media_url":"","views":{"total":2,"cached_at":"","cached_date":1738475329},"jetpack_likes_enabled":true,"jetpack_sharing_enabled":true,"jetpack_shortlink":"https:\/\/wp.me\/pg7Wxj-6TM","jetpack-related-posts":[],"_links":{"self":[{"href":"https:\/\/www.o-p-i.fr\/parlonsen\/wp-json\/wp\/v2\/posts\/26522","targetHints":{"allow":["GET"]}}],"collection":[{"href":"https:\/\/www.o-p-i.fr\/parlonsen\/wp-json\/wp\/v2\/posts"}],"about":[{"href":"https:\/\/www.o-p-i.fr\/parlonsen\/wp-json\/wp\/v2\/types\/post"}],"author":[{"embeddable":true,"href":"https:\/\/www.o-p-i.fr\/parlonsen\/wp-json\/wp\/v2\/users\/2"}],"replies":[{"embeddable":true,"href":"https:\/\/www.o-p-i.fr\/parlonsen\/wp-json\/wp\/v2\/comments?post=26522"}],"version-history":[{"count":0,"href":"https:\/\/www.o-p-i.fr\/parlonsen\/wp-json\/wp\/v2\/posts\/26522\/revisions"}],"wp:attachment":[{"href":"https:\/\/www.o-p-i.fr\/parlonsen\/wp-json\/wp\/v2\/media?parent=26522"}],"wp:term":[{"taxonomy":"category","embeddable":true,"href":"https:\/\/www.o-p-i.fr\/parlonsen\/wp-json\/wp\/v2\/categories?post=26522"},{"taxonomy":"post_tag","embeddable":true,"href":"https:\/\/www.o-p-i.fr\/parlonsen\/wp-json\/wp\/v2\/tags?post=26522"}],"curies":[{"name":"wp","href":"https:\/\/api.w.org\/{rel}","templated":true}]}}