{"id":26533,"date":"2015-06-15T23:16:09","date_gmt":"2015-06-15T22:16:09","guid":{"rendered":"\/parlonsen\/?p=26533"},"modified":"2015-06-15T23:16:09","modified_gmt":"2015-06-15T22:16:09","slug":"fete-de-la-musique-a-labastide-saint-pierre-82","status":"publish","type":"post","link":"https:\/\/www.o-p-i.fr\/parlonsen\/parlons-en\/culture\/fete-de-la-musique-a-labastide-saint-pierre-82\/","title":{"rendered":"F\u00eate de la Musique &#8230; \u00e0 Labastide Saint Pierre (82)"},"content":{"rendered":"<p style=\"text-align: justify;\">En parall\u00e8le de la semaine des commer\u00e7ants organis\u00e9e par l&rsquo;association ARTCOM et de la journ\u00e9e citoyenne organis\u00e9e par le Conseil Municipal des Jeunes de Labastide Saint Pierre, les Ateliers du son de la MJC, le comit\u00e9 des f\u00eates, ainsi que les jeunes de la salle ados vous attendent pour f\u00eater<br \/>\nla musique le <strong>samedi 20 juin 2015<\/strong> !<!--more--><\/p>\n<figure id=\"attachment_26534\" aria-describedby=\"caption-attachment-26534\" style=\"width: 640px\" class=\"wp-caption aligncenter\"><a href=\"https:\/\/i0.wp.com\/www.o-p-i.fr\/parlonsen\/wp-content\/uploads\/fetedelamusique2015-labastidestpierre.jpg?ssl=1\"><img data-recalc-dims=\"1\" loading=\"lazy\" decoding=\"async\" class=\"size-large wp-image-26534\" src=\"https:\/\/i0.wp.com\/www.o-p-i.fr\/parlonsen\/wp-content\/uploads\/fetedelamusique2015-labastidestpierre.jpg?resize=640%2C905&#038;ssl=1\" alt=\"F\u00eate de la Musique \u00e0 Labastide Saint Pierre (82)\" width=\"640\" height=\"905\" srcset=\"https:\/\/i0.wp.com\/www.o-p-i.fr\/parlonsen\/wp-content\/uploads\/fetedelamusique2015-labastidestpierre.jpg?resize=724%2C1024&amp;ssl=1 724w, https:\/\/i0.wp.com\/www.o-p-i.fr\/parlonsen\/wp-content\/uploads\/fetedelamusique2015-labastidestpierre.jpg?resize=212%2C300&amp;ssl=1 212w, https:\/\/i0.wp.com\/www.o-p-i.fr\/parlonsen\/wp-content\/uploads\/fetedelamusique2015-labastidestpierre.jpg?resize=106%2C150&amp;ssl=1 106w, https:\/\/i0.wp.com\/www.o-p-i.fr\/parlonsen\/wp-content\/uploads\/fetedelamusique2015-labastidestpierre.jpg?resize=400%2C566&amp;ssl=1 400w, https:\/\/i0.wp.com\/www.o-p-i.fr\/parlonsen\/wp-content\/uploads\/fetedelamusique2015-labastidestpierre.jpg?w=1000&amp;ssl=1 1000w\" sizes=\"auto, (max-width: 640px) 100vw, 640px\" \/><\/a><figcaption id=\"caption-attachment-26534\" class=\"wp-caption-text\">F\u00eate de la Musique \u00e0 Labastide Saint Pierre (82)<\/figcaption><\/figure>\n<p>D\u00e9couvrez le programme de la Journ\u00e9e Citoyenne en cliquant ici !<\/p>\n","protected":false},"excerpt":{"rendered":"<div class=\"mh-excerpt\">En parall\u00e8le de la semaine des commer\u00e7ants organis\u00e9e par l&rsquo;association ARTCOM et de la journ\u00e9e citoyenne organis\u00e9e par le Conseil Municipal des Jeunes de Labastide Saint Pierre, les Ateliers du son de la MJC, le <a class=\"mh-excerpt-more\" href=\"https:\/\/www.o-p-i.fr\/parlonsen\/parlons-en\/culture\/fete-de-la-musique-a-labastide-saint-pierre-82\/\" title=\"F\u00eate de la Musique &#8230; \u00e0 Labastide Saint Pierre (82)\">[&#8230;]<\/a><\/div>\n","protected":false},"author":2,"featured_media":0,"comment_status":"open","ping_status":"open","sticky":false,"template":"","format":"standard","meta":{"om_disable_all_campaigns":false,"advanced_seo_description":"","jetpack_seo_html_title":"","jetpack_seo_noindex":false,"_jetpack_memberships_contains_paid_content":false,"footnotes":"","_links_to":"","_links_to_target":""},"categories":[42,1,603,54,291,2180],"tags":[43,56,145,580,1077,2352],"class_list":{"0":"post-26533","1":"post","2":"type-post","3":"status-publish","4":"format-standard","6":"category-a-cote-de-chez-nous","7":"category-culture","8":"category-vive-lete","9":"category-loisirs","10":"category-solidarite","11":"category-n-111-juin-2015","12":"tag-concert","13":"tag-fete","14":"tag-animation","15":"tag-fete-de-la-musique","16":"tag-labastide-saint-pierre","17":"tag-journees-citoyennes"},"jetpack_featured_media_url":"","views":{"total":0,"cached_at":"","cached_date":1738461873},"jetpack_likes_enabled":true,"jetpack_sharing_enabled":true,"jetpack_shortlink":"https:\/\/wp.me\/pg7Wxj-6TX","jetpack-related-posts":[],"_links":{"self":[{"href":"https:\/\/www.o-p-i.fr\/parlonsen\/wp-json\/wp\/v2\/posts\/26533","targetHints":{"allow":["GET"]}}],"collection":[{"href":"https:\/\/www.o-p-i.fr\/parlonsen\/wp-json\/wp\/v2\/posts"}],"about":[{"href":"https:\/\/www.o-p-i.fr\/parlonsen\/wp-json\/wp\/v2\/types\/post"}],"author":[{"embeddable":true,"href":"https:\/\/www.o-p-i.fr\/parlonsen\/wp-json\/wp\/v2\/users\/2"}],"replies":[{"embeddable":true,"href":"https:\/\/www.o-p-i.fr\/parlonsen\/wp-json\/wp\/v2\/comments?post=26533"}],"version-history":[{"count":0,"href":"https:\/\/www.o-p-i.fr\/parlonsen\/wp-json\/wp\/v2\/posts\/26533\/revisions"}],"wp:attachment":[{"href":"https:\/\/www.o-p-i.fr\/parlonsen\/wp-json\/wp\/v2\/media?parent=26533"}],"wp:term":[{"taxonomy":"category","embeddable":true,"href":"https:\/\/www.o-p-i.fr\/parlonsen\/wp-json\/wp\/v2\/categories?post=26533"},{"taxonomy":"post_tag","embeddable":true,"href":"https:\/\/www.o-p-i.fr\/parlonsen\/wp-json\/wp\/v2\/tags?post=26533"}],"curies":[{"name":"wp","href":"https:\/\/api.w.org\/{rel}","templated":true}]}}