{"id":26536,"date":"2015-06-15T23:25:47","date_gmt":"2015-06-15T22:25:47","guid":{"rendered":"\/parlonsen\/?p=26536"},"modified":"2015-06-15T23:25:47","modified_gmt":"2015-06-15T22:25:47","slug":"jour-de-fete-a-vaour-81","status":"publish","type":"post","link":"https:\/\/www.o-p-i.fr\/parlonsen\/parlons-en\/culture\/jour-de-fete-a-vaour-81\/","title":{"rendered":"Jour de F\u00eate &#8230; \u00e0 Vaour (81)"},"content":{"rendered":"<p>La Commune de Vaour, l&rsquo;Association des Parents d&rsquo;El\u00e8ves, Atmosph\u00e8re, l&rsquo;Et\u00e9 de Vaour, les Conserve Box et Familles Rurales organisent un jour de f\u00eate de la musique, le <strong>samedi 20 juin 2015<\/strong>.<!--more--><\/p>\n<figure id=\"attachment_26537\" aria-describedby=\"caption-attachment-26537\" style=\"width: 212px\" class=\"wp-caption alignright\"><a href=\"https:\/\/i0.wp.com\/www.o-p-i.fr\/parlonsen\/wp-content\/uploads\/jourdefetevaour2015.jpg?ssl=1\"><img data-recalc-dims=\"1\" loading=\"lazy\" decoding=\"async\" class=\"size-medium wp-image-26537\" src=\"https:\/\/i0.wp.com\/www.o-p-i.fr\/parlonsen\/wp-content\/uploads\/jourdefetevaour2015.jpg?resize=212%2C300&#038;ssl=1\" alt=\"Vaour (81)\" width=\"212\" height=\"300\" srcset=\"https:\/\/i0.wp.com\/www.o-p-i.fr\/parlonsen\/wp-content\/uploads\/jourdefetevaour2015.jpg?resize=212%2C300&amp;ssl=1 212w, https:\/\/i0.wp.com\/www.o-p-i.fr\/parlonsen\/wp-content\/uploads\/jourdefetevaour2015.jpg?resize=724%2C1024&amp;ssl=1 724w, https:\/\/i0.wp.com\/www.o-p-i.fr\/parlonsen\/wp-content\/uploads\/jourdefetevaour2015.jpg?resize=106%2C150&amp;ssl=1 106w, https:\/\/i0.wp.com\/www.o-p-i.fr\/parlonsen\/wp-content\/uploads\/jourdefetevaour2015.jpg?resize=400%2C566&amp;ssl=1 400w, https:\/\/i0.wp.com\/www.o-p-i.fr\/parlonsen\/wp-content\/uploads\/jourdefetevaour2015.jpg?w=1000&amp;ssl=1 1000w\" sizes=\"auto, (max-width: 212px) 100vw, 212px\" \/><\/a><figcaption id=\"caption-attachment-26537\" class=\"wp-caption-text\">Vaour (81)<\/figcaption><\/figure>\n<p>Au programme<\/p>\n<p>11h : Spectacle de la Petite \u00e9cole de musique<\/p>\n<p>12h\u00a0 : Ap\u00e9ro concert avec Manivelle<\/p>\n<p>13h : Repas de village auberge espagnole<\/p>\n<p>Buvette &#8211; Stands cr\u00eapes et frites<\/p>\n<p>14h : D\u00e9monstration des pompiers<\/p>\n<p>14h30-16h\u00a0 : Concerts de In Ze Night et sc\u00e8ne ouverte<\/p>\n<p>16h : Spectacle des enfants de l&rsquo;\u00e9cole de Penne-Vaour suivi de la kermesse<\/p>\n<p>19h : Ap\u00e9ro concert avec la Bedoune<\/p>\n<p>Petite restauration<\/p>\n<p>20h : D\u00e9monstration de danse<\/p>\n<p>20h30 : Concerts\u00a0 Fingers in the noise, Conserve Box, les Daroches<\/p>\n<p>23h : Feu de la St Jean, accompagn\u00e9 par la Fanfare<\/p>\n<p><strong>Tarifs :<\/strong><br \/>\nSpectacles gratuits, tout public<\/p>\n<p>B\u00e9n\u00e9fices au profit d&rsquo;un projet enfance jeunesse<\/p>\n<blockquote>\n<p style=\"text-align: center;\">Tous les musiciens, amateurs, professionnels et sympathisants sont invit\u00e9s \u00e0 venir enrichir l&rsquo;apr\u00e8s-midi sc\u00e8ne ouverte !<\/p>\n<\/blockquote>\n<p><strong>Contact :<\/strong> <a href=\"https:\/\/www.o-p-i.fr\/aupays\/annuaire\/loisirs\/famillesruralesvaour\/\" rel=\"bookmark\">Familles Rurales de Vaour<\/a><\/p>\n<div class=\"entry-thumbnails\"><a href=\"https:\/\/www.o-p-i.fr\/aupays\/annuaire\/loisirs\/famillesruralesvaour\/\"><img decoding=\"async\" title=\"Familles Rurales de Vaour\" src=\"https:\/\/www.o-p-i.fr\/aupays\/wp-content\/themes\/arras-theme\/library\/timthumb.php?src=https:\/\/www.o-p-i.fr\/aupays\/wp-content\/uploads\/logo_afrv.jpg&amp;w=190&amp;h=100&amp;zc=1\" alt=\"Familles Rurales de Vaour\" \/><\/a><span class=\"entry-meta\"><abbr class=\"published\" title=\"2014-11-18T15:00:42+00:00\">&#8230;<\/abbr><\/span><\/div>\n<p class=\"entry-title\"><em>Communiqu\u00e9 par Bernard Holderle<\/em><\/p>\n","protected":false},"excerpt":{"rendered":"<div class=\"mh-excerpt\">La Commune de Vaour, l&rsquo;Association des Parents d&rsquo;El\u00e8ves, Atmosph\u00e8re, l&rsquo;Et\u00e9 de Vaour, les Conserve Box et Familles Rurales organisent un jour de f\u00eate de la musique, le samedi 20 juin 2015.<\/div>\n","protected":false},"author":2,"featured_media":0,"comment_status":"open","ping_status":"open","sticky":false,"template":"","format":"standard","meta":{"om_disable_all_campaigns":false,"advanced_seo_description":"","jetpack_seo_html_title":"","jetpack_seo_noindex":false,"_jetpack_memberships_contains_paid_content":false,"footnotes":"","_links_to":"","_links_to_target":""},"categories":[42,1,603,54,2180],"tags":[1825,43,56,132,187,569,580],"class_list":{"0":"post-26536","1":"post","2":"type-post","3":"status-publish","4":"format-standard","6":"category-a-cote-de-chez-nous","7":"category-culture","8":"category-vive-lete","9":"category-loisirs","10":"category-n-111-juin-2015","11":"tag-apero-concert","12":"tag-concert","13":"tag-fete","14":"tag-spectacle","15":"tag-vaour","16":"tag-kermesse","17":"tag-fete-de-la-musique"},"jetpack_featured_media_url":"","views":{"total":0,"cached_at":"","cached_date":1738506207},"jetpack_likes_enabled":true,"jetpack_sharing_enabled":true,"jetpack_shortlink":"https:\/\/wp.me\/pg7Wxj-6U0","jetpack-related-posts":[],"_links":{"self":[{"href":"https:\/\/www.o-p-i.fr\/parlonsen\/wp-json\/wp\/v2\/posts\/26536","targetHints":{"allow":["GET"]}}],"collection":[{"href":"https:\/\/www.o-p-i.fr\/parlonsen\/wp-json\/wp\/v2\/posts"}],"about":[{"href":"https:\/\/www.o-p-i.fr\/parlonsen\/wp-json\/wp\/v2\/types\/post"}],"author":[{"embeddable":true,"href":"https:\/\/www.o-p-i.fr\/parlonsen\/wp-json\/wp\/v2\/users\/2"}],"replies":[{"embeddable":true,"href":"https:\/\/www.o-p-i.fr\/parlonsen\/wp-json\/wp\/v2\/comments?post=26536"}],"version-history":[{"count":0,"href":"https:\/\/www.o-p-i.fr\/parlonsen\/wp-json\/wp\/v2\/posts\/26536\/revisions"}],"wp:attachment":[{"href":"https:\/\/www.o-p-i.fr\/parlonsen\/wp-json\/wp\/v2\/media?parent=26536"}],"wp:term":[{"taxonomy":"category","embeddable":true,"href":"https:\/\/www.o-p-i.fr\/parlonsen\/wp-json\/wp\/v2\/categories?post=26536"},{"taxonomy":"post_tag","embeddable":true,"href":"https:\/\/www.o-p-i.fr\/parlonsen\/wp-json\/wp\/v2\/tags?post=26536"}],"curies":[{"name":"wp","href":"https:\/\/api.w.org\/{rel}","templated":true}]}}