{"id":26597,"date":"2015-06-19T13:03:08","date_gmt":"2015-06-19T12:03:08","guid":{"rendered":"\/parlonsen\/?p=26597"},"modified":"2015-06-18T13:11:21","modified_gmt":"2015-06-18T12:11:21","slug":"raices-navarras-a-larrazet-82","status":"publish","type":"post","link":"https:\/\/www.o-p-i.fr\/parlonsen\/parlons-en\/culture\/raices-navarras-a-larrazet-82\/","title":{"rendered":"Raices Navarras &#8230; \u00e0 Larrazet (82)"},"content":{"rendered":"<p>Raices Navarras, excellent groupe de Pampelune, se produira pour la premi\u00e8re fois dans la r\u00e9gion toulousaine le <strong>Samedi 11 Juillet 2015<\/strong> sur la place du village de Larrazet. <!--more--><\/p>\n<figure id=\"attachment_26598\" aria-describedby=\"caption-attachment-26598\" style=\"width: 300px\" class=\"wp-caption alignright\"><a href=\"https:\/\/i0.wp.com\/www.o-p-i.fr\/parlonsen\/wp-content\/uploads\/raicesnavarras-sanfermintxikibaja.jpg?ssl=1\"><img data-recalc-dims=\"1\" loading=\"lazy\" decoding=\"async\" class=\"size-medium wp-image-26598\" src=\"https:\/\/i0.wp.com\/www.o-p-i.fr\/parlonsen\/wp-content\/uploads\/raicesnavarras-sanfermintxikibaja.jpg?resize=300%2C254&#038;ssl=1\" alt=\"Raices Navarras \" width=\"300\" height=\"254\" srcset=\"https:\/\/i0.wp.com\/www.o-p-i.fr\/parlonsen\/wp-content\/uploads\/raicesnavarras-sanfermintxikibaja.jpg?resize=300%2C254&amp;ssl=1 300w, https:\/\/i0.wp.com\/www.o-p-i.fr\/parlonsen\/wp-content\/uploads\/raicesnavarras-sanfermintxikibaja.jpg?resize=150%2C127&amp;ssl=1 150w, https:\/\/i0.wp.com\/www.o-p-i.fr\/parlonsen\/wp-content\/uploads\/raicesnavarras-sanfermintxikibaja.jpg?resize=400%2C338&amp;ssl=1 400w, https:\/\/i0.wp.com\/www.o-p-i.fr\/parlonsen\/wp-content\/uploads\/raicesnavarras-sanfermintxikibaja.jpg?w=800&amp;ssl=1 800w\" sizes=\"auto, (max-width: 300px) 100vw, 300px\" \/><\/a><figcaption id=\"caption-attachment-26598\" class=\"wp-caption-text\">Raices Navarras<\/figcaption><\/figure>\n<p>Raices Navarras chantent leur terre natale de Navarre en Espagne : ils s&rsquo;adressent aussi bien aux anciens qu&rsquo;aux jeunes, ils m\u00e9langent joie et m\u00e9lancolie, tradition et modernit\u00e9.<br \/>\nUn pont festif et fraternel avec l&rsquo;Espagne \u00e0 ne pas manquer.<\/p>\n<p>20h &#8211; Repas espagnol (inscription obligatoire)<br \/>\n22h &#8211; Concert-Bal festif avec Raices Navarras<\/p>\n<p><strong>Tarifs :<\/strong><br \/>\nEntr\u00e9e gratuite.<br \/>\nRepas : 15 \u20ac<\/p>\n<p><strong>Contact\u00a0 :<\/strong> Comit\u00e9 des F\u00eates Larrazet<br \/>\nT\u00e9l. : \u00a0 06 86 73 20 96<br \/>\nCourriel :\u00a0 <a href=\"mailto:mjcoureau@hotmail.fr\">mjcoureau@hotmail.fr<\/a><\/p>\n<p><em>Communiqu\u00e9 par Alain DAZIRON<\/em><\/p>\n","protected":false},"excerpt":{"rendered":"<div class=\"mh-excerpt\">Raices Navarras, excellent groupe de Pampelune, se produira pour la premi\u00e8re fois dans la r\u00e9gion toulousaine le Samedi 11 Juillet 2015 sur la place du village de Larrazet.<\/div>\n","protected":false},"author":2,"featured_media":0,"comment_status":"open","ping_status":"open","sticky":false,"template":"","format":"standard","meta":{"om_disable_all_campaigns":false,"advanced_seo_description":"","jetpack_seo_html_title":"","jetpack_seo_noindex":false,"_jetpack_memberships_contains_paid_content":false,"footnotes":"","_links_to":"","_links_to_target":""},"categories":[42,1,603,54,2273],"tags":[43,66,157,541],"class_list":{"0":"post-26597","1":"post","2":"type-post","3":"status-publish","4":"format-standard","6":"category-a-cote-de-chez-nous","7":"category-culture","8":"category-vive-lete","9":"category-loisirs","10":"category-n-112-juillet-2015","11":"tag-concert","12":"tag-larrazet","13":"tag-repas","14":"tag-espagne"},"jetpack_featured_media_url":"","views":{"total":0,"cached_at":"","cached_date":1738381753},"jetpack_likes_enabled":true,"jetpack_sharing_enabled":true,"jetpack_shortlink":"https:\/\/wp.me\/pg7Wxj-6UZ","jetpack-related-posts":[],"_links":{"self":[{"href":"https:\/\/www.o-p-i.fr\/parlonsen\/wp-json\/wp\/v2\/posts\/26597","targetHints":{"allow":["GET"]}}],"collection":[{"href":"https:\/\/www.o-p-i.fr\/parlonsen\/wp-json\/wp\/v2\/posts"}],"about":[{"href":"https:\/\/www.o-p-i.fr\/parlonsen\/wp-json\/wp\/v2\/types\/post"}],"author":[{"embeddable":true,"href":"https:\/\/www.o-p-i.fr\/parlonsen\/wp-json\/wp\/v2\/users\/2"}],"replies":[{"embeddable":true,"href":"https:\/\/www.o-p-i.fr\/parlonsen\/wp-json\/wp\/v2\/comments?post=26597"}],"version-history":[{"count":0,"href":"https:\/\/www.o-p-i.fr\/parlonsen\/wp-json\/wp\/v2\/posts\/26597\/revisions"}],"wp:attachment":[{"href":"https:\/\/www.o-p-i.fr\/parlonsen\/wp-json\/wp\/v2\/media?parent=26597"}],"wp:term":[{"taxonomy":"category","embeddable":true,"href":"https:\/\/www.o-p-i.fr\/parlonsen\/wp-json\/wp\/v2\/categories?post=26597"},{"taxonomy":"post_tag","embeddable":true,"href":"https:\/\/www.o-p-i.fr\/parlonsen\/wp-json\/wp\/v2\/tags?post=26597"}],"curies":[{"name":"wp","href":"https:\/\/api.w.org\/{rel}","templated":true}]}}