{"id":26600,"date":"2015-06-29T13:57:07","date_gmt":"2015-06-29T12:57:07","guid":{"rendered":"\/parlonsen\/?p=26600"},"modified":"2015-07-23T16:42:48","modified_gmt":"2015-07-23T15:42:48","slug":"foire-gourmande-a-alban-81","status":"publish","type":"post","link":"https:\/\/www.o-p-i.fr\/parlonsen\/parlons-en\/commerce\/foire-gourmande-a-alban-81\/","title":{"rendered":"Foire Gourmande  &#8230; \u00e0 Alban (81)"},"content":{"rendered":"<p>La Foire Gourmande 2015 aura lieu le\u00a0 <strong>dimanche 26 juillet 2015<\/strong> d\u00e8s 7h. <!--more--><\/p>\n<p>Nous aurons en invit\u00e9s C\u00e9cilia Hornus et Jean-Charles Chagachbanian pour nous rendre la VIE plus BELLE &#8230;. Alexis Confortorio pour l&rsquo;animation musicale du repas.<\/p>\n<p>\u00ab\u00a0Les marches Populaires de l&rsquo;ASC des Portugais d&rsquo;Albi\u00a0\u00bb pour l&rsquo;animation de rue, exposition de peinture en salle et une tr\u00e8s belle expo de 2CV dans la rue des march\u00e9s par \u00ab\u00a0La deudeuch Albigeoise\u00a0\u00bb.<\/p>\n<p>Sans oublier \u00e0 13h le repas b\u0153uf \u00e0 la broche.<\/p>\n<p>Nos nombreux exposants et producteurs vous feront saliver tout au long de la journ\u00e9e !<\/p>\n<p>Le <strong><a href=\"https:\/\/www.o-p-i.fr\/aupays\/annuaire\/tourisme\/conservatoire-de-loutillage-du-pays-des-bastides\/\" target=\"_blank\">Conservatoire de l&rsquo;Outillage du Pays des Bastides<\/a><\/strong> sera pr\u00e9sent sur la manifestation.<\/p>\n<figure id=\"attachment_26601\" aria-describedby=\"caption-attachment-26601\" style=\"width: 640px\" class=\"wp-caption aligncenter\"><a href=\"https:\/\/i0.wp.com\/www.o-p-i.fr\/parlonsen\/wp-content\/uploads\/alban_marchegourmand2015.jpg?ssl=1\"><img data-recalc-dims=\"1\" loading=\"lazy\" decoding=\"async\" class=\"size-large wp-image-26601\" src=\"https:\/\/i0.wp.com\/www.o-p-i.fr\/parlonsen\/wp-content\/uploads\/alban_marchegourmand2015.jpg?resize=640%2C903&#038;ssl=1\" alt=\"Foire Gourmande 2015 - Alban (81)\" width=\"640\" height=\"903\" srcset=\"https:\/\/i0.wp.com\/www.o-p-i.fr\/parlonsen\/wp-content\/uploads\/alban_marchegourmand2015.jpg?resize=726%2C1024&amp;ssl=1 726w, https:\/\/i0.wp.com\/www.o-p-i.fr\/parlonsen\/wp-content\/uploads\/alban_marchegourmand2015.jpg?resize=213%2C300&amp;ssl=1 213w, https:\/\/i0.wp.com\/www.o-p-i.fr\/parlonsen\/wp-content\/uploads\/alban_marchegourmand2015.jpg?resize=106%2C150&amp;ssl=1 106w, https:\/\/i0.wp.com\/www.o-p-i.fr\/parlonsen\/wp-content\/uploads\/alban_marchegourmand2015.jpg?resize=400%2C564&amp;ssl=1 400w, https:\/\/i0.wp.com\/www.o-p-i.fr\/parlonsen\/wp-content\/uploads\/alban_marchegourmand2015.jpg?w=1000&amp;ssl=1 1000w\" sizes=\"auto, (max-width: 640px) 100vw, 640px\" \/><\/a><figcaption id=\"caption-attachment-26601\" class=\"wp-caption-text\">Foire Gourmande 2015 &#8211; Alban (81)<\/figcaption><\/figure>\n<p><strong>Contact :\u00a0<\/strong> Association Alban Terroir Gourmand<br \/>\n13 Place des Tilleuls<br \/>\n81250 ALBAN<br \/>\nT\u00e9l. : 05 63 55 81 79<br \/>\nCourriel : <a href=\"mailto:isabelle@albanterroir.fr\">isabelle@albanterroir.fr<\/a><br \/>\nSite : <a href=\"http:\/\/www.albanterroir.fr\">http:\/\/www.albanterroir.fr<\/a><\/p>\n<p><em>Communiqu\u00e9 de l&rsquo;Association<\/em><\/p>\n","protected":false},"excerpt":{"rendered":"<div class=\"mh-excerpt\">La Foire Gourmande 2015 aura lieu le\u00a0 dimanche 26 juillet 2015 d\u00e8s 7h.<\/div>\n","protected":false},"author":2,"featured_media":0,"comment_status":"open","ping_status":"open","sticky":false,"template":"","format":"standard","meta":{"om_disable_all_campaigns":false,"advanced_seo_description":"","jetpack_seo_html_title":"","jetpack_seo_noindex":false,"_jetpack_memberships_contains_paid_content":false,"footnotes":"","_links_to":"","_links_to_target":""},"categories":[51,4,42,603,54,2273],"tags":[43,138,145,157,303,493,801,1345],"class_list":{"0":"post-26600","1":"post","2":"type-post","3":"status-publish","4":"format-standard","6":"category-artisanat","7":"category-commerce","8":"category-a-cote-de-chez-nous","9":"category-vive-lete","10":"category-loisirs","11":"category-n-112-juillet-2015","12":"tag-concert","13":"tag-marche","14":"tag-animation","15":"tag-repas","16":"tag-marche-gourmand","17":"tag-foire","18":"tag-alban","19":"tag-2cv"},"jetpack_featured_media_url":"","views":{"total":0,"cached_at":"","cached_date":1738535188},"jetpack_likes_enabled":true,"jetpack_sharing_enabled":true,"jetpack_shortlink":"https:\/\/wp.me\/pg7Wxj-6V2","jetpack-related-posts":[],"_links":{"self":[{"href":"https:\/\/www.o-p-i.fr\/parlonsen\/wp-json\/wp\/v2\/posts\/26600","targetHints":{"allow":["GET"]}}],"collection":[{"href":"https:\/\/www.o-p-i.fr\/parlonsen\/wp-json\/wp\/v2\/posts"}],"about":[{"href":"https:\/\/www.o-p-i.fr\/parlonsen\/wp-json\/wp\/v2\/types\/post"}],"author":[{"embeddable":true,"href":"https:\/\/www.o-p-i.fr\/parlonsen\/wp-json\/wp\/v2\/users\/2"}],"replies":[{"embeddable":true,"href":"https:\/\/www.o-p-i.fr\/parlonsen\/wp-json\/wp\/v2\/comments?post=26600"}],"version-history":[{"count":0,"href":"https:\/\/www.o-p-i.fr\/parlonsen\/wp-json\/wp\/v2\/posts\/26600\/revisions"}],"wp:attachment":[{"href":"https:\/\/www.o-p-i.fr\/parlonsen\/wp-json\/wp\/v2\/media?parent=26600"}],"wp:term":[{"taxonomy":"category","embeddable":true,"href":"https:\/\/www.o-p-i.fr\/parlonsen\/wp-json\/wp\/v2\/categories?post=26600"},{"taxonomy":"post_tag","embeddable":true,"href":"https:\/\/www.o-p-i.fr\/parlonsen\/wp-json\/wp\/v2\/tags?post=26600"}],"curies":[{"name":"wp","href":"https:\/\/api.w.org\/{rel}","templated":true}]}}