{"id":26603,"date":"2015-06-19T14:26:12","date_gmt":"2015-06-19T13:26:12","guid":{"rendered":"\/parlonsen\/?p=26603"},"modified":"2015-06-18T14:39:23","modified_gmt":"2015-06-18T13:39:23","slug":"fete-du-14-juillet-a-montgaillard-81","status":"publish","type":"post","link":"https:\/\/www.o-p-i.fr\/parlonsen\/localisation\/au-pays-des-tescous\/montgaillard\/fete-du-14-juillet-a-montgaillard-81\/","title":{"rendered":"F\u00eate du 14 Juillet  &#8230; \u00e0 Montgaillard (81)"},"content":{"rendered":"<p>Le Comit\u00e9 des F\u00eate vous attend nombreux\u00a0 les<strong> 12,13 &amp; 14 juillet 2015<\/strong>. <!--more--><\/p>\n<figure id=\"attachment_26604\" aria-describedby=\"caption-attachment-26604\" style=\"width: 640px\" class=\"wp-caption aligncenter\"><a href=\"https:\/\/i0.wp.com\/www.o-p-i.fr\/parlonsen\/wp-content\/uploads\/montgaillard2015.jpg?ssl=1\"><img data-recalc-dims=\"1\" loading=\"lazy\" decoding=\"async\" class=\"size-large wp-image-26604\" src=\"https:\/\/i0.wp.com\/www.o-p-i.fr\/parlonsen\/wp-content\/uploads\/montgaillard2015.jpg?resize=640%2C881&#038;ssl=1\" alt=\"Montgaillard (81)\" width=\"640\" height=\"881\" srcset=\"https:\/\/i0.wp.com\/www.o-p-i.fr\/parlonsen\/wp-content\/uploads\/montgaillard2015.jpg?resize=744%2C1024&amp;ssl=1 744w, https:\/\/i0.wp.com\/www.o-p-i.fr\/parlonsen\/wp-content\/uploads\/montgaillard2015.jpg?resize=218%2C300&amp;ssl=1 218w, https:\/\/i0.wp.com\/www.o-p-i.fr\/parlonsen\/wp-content\/uploads\/montgaillard2015.jpg?resize=109%2C150&amp;ssl=1 109w, https:\/\/i0.wp.com\/www.o-p-i.fr\/parlonsen\/wp-content\/uploads\/montgaillard2015.jpg?resize=400%2C550&amp;ssl=1 400w, https:\/\/i0.wp.com\/www.o-p-i.fr\/parlonsen\/wp-content\/uploads\/montgaillard2015.jpg?w=1500&amp;ssl=1 1500w\" sizes=\"auto, (max-width: 640px) 100vw, 640px\" \/><\/a><figcaption id=\"caption-attachment-26604\" class=\"wp-caption-text\">Montgaillard (81)<\/figcaption><\/figure>\n<p>&nbsp;<\/p>\n<p><strong>Tarifs\u00a0 :<\/strong> Repas<br \/>\nAdultes : 13\u20ac<br \/>\nEnfants : 7\u20ac<\/p>\n<p>R\u00e9servation\u00a0 au\u00a0 Bienvenu ou au 06 80 25\u00a0 48 24<\/p>\n<p><em>Communiqu\u00e9 par\u00a0 Mme GUION, pr\u00e9sidente du Comit\u00e9<\/em><\/p>\n","protected":false},"excerpt":{"rendered":"<div class=\"mh-excerpt\">Le Comit\u00e9 des F\u00eate vous attend nombreux\u00a0 les 12,13 &amp; 14 juillet 2015.<\/div>\n","protected":false},"author":2,"featured_media":0,"comment_status":"open","ping_status":"open","sticky":false,"template":"","format":"standard","meta":{"om_disable_all_campaigns":false,"advanced_seo_description":"","jetpack_seo_html_title":"","jetpack_seo_noindex":false,"_jetpack_memberships_contains_paid_content":false,"footnotes":"","_links_to":"","_links_to_target":""},"categories":[603,54,31,2273],"tags":[56,157,166,2554,353,617,762,803,1736],"class_list":{"0":"post-26603","1":"post","2":"type-post","3":"status-publish","4":"format-standard","6":"category-vive-lete","7":"category-loisirs","8":"category-montgaillard","9":"category-n-112-juillet-2015","10":"tag-fete","11":"tag-repas","12":"tag-randonnee","13":"tag-montgaillard","14":"tag-petanque","15":"tag-feu-dartifice","16":"tag-randonnee-pedestre","17":"tag-comite-des-fetes","18":"tag-concours-de-petanque"},"jetpack_featured_media_url":"","views":{"total":0,"cached_at":"","cached_date":1738535547},"jetpack_likes_enabled":true,"jetpack_sharing_enabled":true,"jetpack_shortlink":"https:\/\/wp.me\/pg7Wxj-6V5","jetpack-related-posts":[],"_links":{"self":[{"href":"https:\/\/www.o-p-i.fr\/parlonsen\/wp-json\/wp\/v2\/posts\/26603","targetHints":{"allow":["GET"]}}],"collection":[{"href":"https:\/\/www.o-p-i.fr\/parlonsen\/wp-json\/wp\/v2\/posts"}],"about":[{"href":"https:\/\/www.o-p-i.fr\/parlonsen\/wp-json\/wp\/v2\/types\/post"}],"author":[{"embeddable":true,"href":"https:\/\/www.o-p-i.fr\/parlonsen\/wp-json\/wp\/v2\/users\/2"}],"replies":[{"embeddable":true,"href":"https:\/\/www.o-p-i.fr\/parlonsen\/wp-json\/wp\/v2\/comments?post=26603"}],"version-history":[{"count":0,"href":"https:\/\/www.o-p-i.fr\/parlonsen\/wp-json\/wp\/v2\/posts\/26603\/revisions"}],"wp:attachment":[{"href":"https:\/\/www.o-p-i.fr\/parlonsen\/wp-json\/wp\/v2\/media?parent=26603"}],"wp:term":[{"taxonomy":"category","embeddable":true,"href":"https:\/\/www.o-p-i.fr\/parlonsen\/wp-json\/wp\/v2\/categories?post=26603"},{"taxonomy":"post_tag","embeddable":true,"href":"https:\/\/www.o-p-i.fr\/parlonsen\/wp-json\/wp\/v2\/tags?post=26603"}],"curies":[{"name":"wp","href":"https:\/\/api.w.org\/{rel}","templated":true}]}}