{"id":26620,"date":"2015-06-19T07:34:57","date_gmt":"2015-06-19T06:34:57","guid":{"rendered":"\/parlonsen\/?p=26620"},"modified":"2016-01-26T10:12:17","modified_gmt":"2016-01-26T09:12:17","slug":"nos-travaux-artistiques-a-saint-nauphary-82","status":"publish","type":"post","link":"https:\/\/www.o-p-i.fr\/parlonsen\/parlons-en\/culture\/nos-travaux-artistiques-a-saint-nauphary-82\/","title":{"rendered":"Nos Travaux Artistiques &#8230; \u00e0 Saint-Nauphary (82)"},"content":{"rendered":"<p>Comme chaque \u00e9t\u00e9, \u00e0 la m\u00e9diath\u00e8que de Saint-Nauphary, vous allez pouvoir admirer les cr\u00e9ations des \u00e9l\u00e8ves de l\u2019\u00e9cole \u00e9l\u00e9mentaire Georges Brassens de Saint-Nauphary <strong>du vendredi 5 juin au 1er ao\u00fbt 2015<\/strong>. <!--more--><\/p>\n<figure id=\"attachment_26632\" aria-describedby=\"caption-attachment-26632\" style=\"width: 150px\" class=\"wp-caption alignright\"><a href=\"https:\/\/i0.wp.com\/www.o-p-i.fr\/parlonsen\/wp-content\/uploads\/expostnauphary.jpg?ssl=1\"><img data-recalc-dims=\"1\" loading=\"lazy\" decoding=\"async\" class=\"size-thumbnail wp-image-26632\" src=\"https:\/\/i0.wp.com\/www.o-p-i.fr\/parlonsen\/wp-content\/uploads\/expostnauphary.jpg?resize=150%2C150&#038;ssl=1\" alt=\"Expo &quot;Nos travaux artistiques&quot; \u00e0 Saint-Nauphary (82)\" width=\"150\" height=\"150\" srcset=\"https:\/\/i0.wp.com\/www.o-p-i.fr\/parlonsen\/wp-content\/uploads\/expostnauphary.jpg?resize=150%2C150&amp;ssl=1 150w, https:\/\/i0.wp.com\/www.o-p-i.fr\/parlonsen\/wp-content\/uploads\/expostnauphary.jpg?zoom=2&amp;resize=150%2C150&amp;ssl=1 300w, https:\/\/i0.wp.com\/www.o-p-i.fr\/parlonsen\/wp-content\/uploads\/expostnauphary.jpg?zoom=3&amp;resize=150%2C150&amp;ssl=1 450w\" sizes=\"auto, (max-width: 150px) 100vw, 150px\" \/><\/a><figcaption id=\"caption-attachment-26632\" class=\"wp-caption-text\">Expo \u00ab\u00a0Nos travaux artistiques\u00a0\u00bb \u00e0 Saint-Nauphary (82)<\/figcaption><\/figure>\n<figure id=\"attachment_26634\" aria-describedby=\"caption-attachment-26634\" style=\"width: 150px\" class=\"wp-caption alignright\"><a href=\"https:\/\/i0.wp.com\/www.o-p-i.fr\/parlonsen\/wp-content\/uploads\/expostnaupharyecole.jpg?ssl=1\"><img data-recalc-dims=\"1\" loading=\"lazy\" decoding=\"async\" class=\"size-thumbnail wp-image-26634\" src=\"https:\/\/i0.wp.com\/www.o-p-i.fr\/parlonsen\/wp-content\/uploads\/expostnaupharyecole.jpg?resize=150%2C150&#038;ssl=1\" alt=\"Expo &quot;Nos travaux artistiques&quot; \u00e0 Saint-Nauphary (82)\" width=\"150\" height=\"150\" srcset=\"https:\/\/i0.wp.com\/www.o-p-i.fr\/parlonsen\/wp-content\/uploads\/expostnaupharyecole.jpg?resize=150%2C150&amp;ssl=1 150w, https:\/\/i0.wp.com\/www.o-p-i.fr\/parlonsen\/wp-content\/uploads\/expostnaupharyecole.jpg?zoom=2&amp;resize=150%2C150&amp;ssl=1 300w, https:\/\/i0.wp.com\/www.o-p-i.fr\/parlonsen\/wp-content\/uploads\/expostnaupharyecole.jpg?zoom=3&amp;resize=150%2C150&amp;ssl=1 450w\" sizes=\"auto, (max-width: 150px) 100vw, 150px\" \/><\/a><figcaption id=\"caption-attachment-26634\" class=\"wp-caption-text\">Expo \u00ab\u00a0Nos travaux artistiques\u00a0\u00bb \u00e0 Saint-Nauphary (82)<\/figcaption><\/figure>\n<p style=\"text-align: justify;\">L&rsquo;association ST NO\u2019LIVRES soutien tous les artistes en herbes, cette ann\u00e9e c\u2019est la classe de Nathalie GRAS qui aura le plaisir d\u2019exposer ses \u0153uvres.<br \/>\nEn effet, la fin d\u2019ann\u00e9e pointe le bout de son nez et les \u00e9l\u00e8ves de CM1 ont le plaisir d\u2019exposer \u00e0 la m\u00e9diath\u00e8que de Saint-Nauphary leurs travaux artistiques r\u00e9alis\u00e9s tout au long de l\u2019ann\u00e9e scolaire. Les \u00e9l\u00e8ves de CM1 ayant \u00e9tudi\u00e9 le moyen \u00e2ge, vous proposent d\u2019admirer les blasons de notre village qu\u2019ils ont eux m\u00eame invent\u00e9 ainsi que des vitraux qui recouvriront les fen\u00eatres de la m\u00e9diath\u00e8que. Dans un autre registre, ils ont cr\u00e9e des masques africains en cartons et objets recycl\u00e9s, et enfin des illusions d\u2019optique \u00e0 la mani\u00e8re de Vasarely.<br \/>\nDe m\u00eame, les \u00e9l\u00e8ves de CM2 participeront \u00e0 cette exposition, la classe d\u2019H\u00e9l\u00e8ne COURET LABEDE pr\u00e9sentera quelques unes de leurs r\u00e9alisations : totems en graph.<br \/>\nVenez nombreux encourager le c\u00f4t\u00e9 artistique de ces \u00e9l\u00e8ves qui ont mis tout leur c\u0153ur dans ses cr\u00e9ations.<\/p>\n<p style=\"text-align: justify;\"><em>\u00a0Photos : quelques \u00e9l\u00e8ves de CM1 pr\u00e9sents lors du vernissage avec leur enseignante Nathalie GRAS.<\/em><\/p>\n<p><strong>Contact :<\/strong> <a href=\"https:\/\/www.o-p-i.fr\/aupays\/annuaire\/loisirs\/st-nolivres\/\" rel=\"bookmark\">St No\u2019Livres<\/a><\/p>\n<div class=\"entry-thumbnails\"><a href=\"https:\/\/www.o-p-i.fr\/aupays\/annuaire\/loisirs\/st-nolivres\/\"><img decoding=\"async\" title=\"St No\u2019Livres\" src=\"https:\/\/www.o-p-i.fr\/aupays\/wp-content\/themes\/arras-theme\/library\/timthumb.php?src=https:\/\/www.o-p-i.fr\/aupays\/wp-content\/uploads\/logo_stnolivres.jpg&amp;w=190&amp;h=100&amp;zc=1\" alt=\"St No\u2019Livres\" \/><\/a><span class=\"entry-meta\"><abbr class=\"published\" title=\"2015-06-19T08:06:22+00:00\">\u2026<\/abbr><\/span><\/div>\n<p><em>Communiqu\u00e9 par Isabelle Serny<\/em><\/p>\n<p>&nbsp;<\/p>\n","protected":false},"excerpt":{"rendered":"<div class=\"mh-excerpt\">Comme chaque \u00e9t\u00e9, \u00e0 la m\u00e9diath\u00e8que de Saint-Nauphary, vous allez pouvoir admirer les cr\u00e9ations des \u00e9l\u00e8ves de l\u2019\u00e9cole \u00e9l\u00e9mentaire Georges Brassens de Saint-Nauphary du vendredi 5 juin au 1er ao\u00fbt 2015.<\/div>\n","protected":false},"author":2,"featured_media":0,"comment_status":"open","ping_status":"open","sticky":false,"template":"","format":"standard","meta":{"om_disable_all_campaigns":false,"advanced_seo_description":"","jetpack_seo_html_title":"","jetpack_seo_noindex":false,"_jetpack_memberships_contains_paid_content":false,"footnotes":"","_links_to":"","_links_to_target":""},"categories":[1,603,54,17,2180,2273,2274],"tags":[67,2542,172,323,1514],"class_list":{"0":"post-26620","1":"post","2":"type-post","3":"status-publish","4":"format-standard","6":"category-culture","7":"category-vive-lete","8":"category-loisirs","9":"category-saint_nauphary","10":"category-n-111-juin-2015","11":"category-n-112-juillet-2015","12":"category-n-113-aout-2015","13":"tag-ecole","14":"tag-saint_nauphary","15":"tag-exposition","16":"tag-enfant","17":"tag-mediatheque"},"jetpack_featured_media_url":"","views":{"total":0,"cached_at":"","cached_date":1738497058},"jetpack_likes_enabled":true,"jetpack_sharing_enabled":true,"jetpack_shortlink":"https:\/\/wp.me\/pg7Wxj-6Vm","jetpack-related-posts":[],"_links":{"self":[{"href":"https:\/\/www.o-p-i.fr\/parlonsen\/wp-json\/wp\/v2\/posts\/26620","targetHints":{"allow":["GET"]}}],"collection":[{"href":"https:\/\/www.o-p-i.fr\/parlonsen\/wp-json\/wp\/v2\/posts"}],"about":[{"href":"https:\/\/www.o-p-i.fr\/parlonsen\/wp-json\/wp\/v2\/types\/post"}],"author":[{"embeddable":true,"href":"https:\/\/www.o-p-i.fr\/parlonsen\/wp-json\/wp\/v2\/users\/2"}],"replies":[{"embeddable":true,"href":"https:\/\/www.o-p-i.fr\/parlonsen\/wp-json\/wp\/v2\/comments?post=26620"}],"version-history":[{"count":0,"href":"https:\/\/www.o-p-i.fr\/parlonsen\/wp-json\/wp\/v2\/posts\/26620\/revisions"}],"wp:attachment":[{"href":"https:\/\/www.o-p-i.fr\/parlonsen\/wp-json\/wp\/v2\/media?parent=26620"}],"wp:term":[{"taxonomy":"category","embeddable":true,"href":"https:\/\/www.o-p-i.fr\/parlonsen\/wp-json\/wp\/v2\/categories?post=26620"},{"taxonomy":"post_tag","embeddable":true,"href":"https:\/\/www.o-p-i.fr\/parlonsen\/wp-json\/wp\/v2\/tags?post=26620"}],"curies":[{"name":"wp","href":"https:\/\/api.w.org\/{rel}","templated":true}]}}