{"id":26694,"date":"2015-06-29T22:36:26","date_gmt":"2015-06-29T21:36:26","guid":{"rendered":"\/parlonsen\/?p=26694"},"modified":"2015-06-29T22:38:51","modified_gmt":"2015-06-29T21:38:51","slug":"transition-numerique-a-montauban-82","status":"publish","type":"post","link":"https:\/\/www.o-p-i.fr\/parlonsen\/parlons-en\/commerce\/transition-numerique-a-montauban-82\/","title":{"rendered":"Transition Num\u00e9rique &#8230; \u00e0 Montauban (82)"},"content":{"rendered":"<p>Conf\u00e9rence sur le th\u00e8me \u00ab\u00a0Pourquoi Internet est devenu incontournable pour votre entreprise ?\u00a0\u00bb <strong>Lundi 6 Juillet 2015<\/strong>, de 8h30 \u00e0 10h30, au Centre de Formation Consulaire de Montauban .<!--more--><\/p>\n<figure id=\"attachment_21132\" aria-describedby=\"caption-attachment-21132\" style=\"width: 227px\" class=\"wp-caption alignright\"><a href=\"https:\/\/i0.wp.com\/www.o-p-i.fr\/parlonsen\/wp-content\/uploads\/cci-logo.jpg?ssl=1\"><img data-recalc-dims=\"1\" loading=\"lazy\" decoding=\"async\" class=\"size-full wp-image-21132\" src=\"https:\/\/i0.wp.com\/www.o-p-i.fr\/parlonsen\/wp-content\/uploads\/cci-logo.jpg?resize=227%2C175&#038;ssl=1\" alt=\"CCI Montauban et T&amp;G\" width=\"227\" height=\"175\" \/><\/a><figcaption id=\"caption-attachment-21132\" class=\"wp-caption-text\">CCI Montauban et T&amp;G<\/figcaption><\/figure>\n<p>Vous souhaitez :<\/p>\n<p>&#8211; faire conna\u00eetre votre activit\u00e9 ou la d\u00e9velopper ?<br \/>\n&#8211; d\u00e9couvrir les nouvelles technologies num\u00e9riques ?<br \/>\n&#8211; communiquer efficacement avec vos clients ?<br \/>\n&#8211; conqu\u00e9rir une nouvelle client\u00e8le ?<\/p>\n<p>Cette conf\u00e9rence est faite pour vous !<\/p>\n<p>Co-anim\u00e9e par<strong> St\u00e9phanie MATHIEU <\/strong>(CCI Formation)<strong> et St\u00e9phanie ROUMY<\/strong> (Charg\u00e9e des syst\u00e8mes d&rsquo;information num\u00e9rique, CCI 82)\u00a0 Intervention d&rsquo;<strong>Eric BOYER<\/strong>, conseiller \u00e0 l&rsquo;AGEFOS PME.<\/p>\n<p><em><em>\u00ab D&rsquo;apr\u00e8s les estimations r\u00e9cemment d\u00e9voil\u00e9s par la Commission europ\u00e9enne, environ <\/em><em>90% des emplois<\/em><em> feront appel \u00e0 des <\/em><em>comp\u00e9tences num\u00e9riques d&rsquo;ici 2020<\/em><em>. Le num\u00e9rique prend donc une place de premier rang, il est donc indispensable de ma\u00eetriser ces nouveaux outils. \u00bb<\/em><a href=\"http:\/\/dynamicnet.dpmail.fr\/tk\/7jl-7HKe-eGR.php\" target=\"_blank\" rel=\"noreferrer\"><br \/>\n<\/a><\/em><\/p>\n<blockquote><p>Au programme :<\/p>\n<p>8h30 : Petit-d\u00e9jeuner de bienvenue<br \/>\n9h : Conf\u00e9rence<\/p>\n<ul>\n<li>les nouveaux comportements de consommation<\/li>\n<li>des solutions sur-mesure pour r\u00e9pondre \u00e0 vos besoins (pr\u00e9sentation du dispositif formation \u00ab\u00a0MUT ECO Transition Num\u00e9rique et des solutions de financement).<\/li>\n<\/ul>\n<p>10h : Questions-r\u00e9ponses<\/p><\/blockquote>\n<p><a href=\"http:\/\/dynamicnet.dpmail.fr\/tk\/7jl-7HKe-eIU.php\">S&rsquo;inscrire<\/a><\/p>\n<p><strong>Contact : <\/strong> Chambre de Commerce et d&rsquo;Industrie de Montauban et de Tarn-et-Garonne<br \/>\n22, All\u00e9es de Mortarieu \u2013 BP 527<br \/>\n82 065 Montauban C\u00e9dex<br \/>\nSite : <a href=\"http:\/\/www.montauban.cci.fr\">www.montauban.cci.fr<\/a><\/p>\n<p><em>Communiqu\u00e9 par la CCI<\/em><\/p>\n","protected":false},"excerpt":{"rendered":"<div class=\"mh-excerpt\">Conf\u00e9rence sur le th\u00e8me \u00ab\u00a0Pourquoi Internet est devenu incontournable pour votre entreprise ?\u00a0\u00bb Lundi 6 Juillet 2015, de 8h30 \u00e0 10h30, au Centre de Formation Consulaire de Montauban .<\/div>\n","protected":false},"author":2,"featured_media":0,"comment_status":"open","ping_status":"open","sticky":false,"template":"","format":"standard","meta":{"om_disable_all_campaigns":false,"advanced_seo_description":"","jetpack_seo_html_title":"","jetpack_seo_noindex":false,"_jetpack_memberships_contains_paid_content":false,"footnotes":"","_links_to":"","_links_to_target":""},"categories":[4,42,1276,725,2273],"tags":[99,234,300,330,1663,2078],"class_list":{"0":"post-26694","1":"post","2":"type-post","3":"status-publish","4":"format-standard","6":"category-commerce","7":"category-a-cote-de-chez-nous","8":"category-economie-parlons-en","9":"category-formation-parlons-en","10":"category-n-112-juillet-2015","11":"tag-montauban","12":"tag-conference","13":"tag-internet","14":"tag-rencontre","15":"tag-cci-montauban","16":"tag-transition-numerique"},"jetpack_featured_media_url":"","views":{"total":0,"cached_at":"","cached_date":1738535208},"jetpack_likes_enabled":true,"jetpack_sharing_enabled":true,"jetpack_shortlink":"https:\/\/wp.me\/pg7Wxj-6Wy","jetpack-related-posts":[],"_links":{"self":[{"href":"https:\/\/www.o-p-i.fr\/parlonsen\/wp-json\/wp\/v2\/posts\/26694","targetHints":{"allow":["GET"]}}],"collection":[{"href":"https:\/\/www.o-p-i.fr\/parlonsen\/wp-json\/wp\/v2\/posts"}],"about":[{"href":"https:\/\/www.o-p-i.fr\/parlonsen\/wp-json\/wp\/v2\/types\/post"}],"author":[{"embeddable":true,"href":"https:\/\/www.o-p-i.fr\/parlonsen\/wp-json\/wp\/v2\/users\/2"}],"replies":[{"embeddable":true,"href":"https:\/\/www.o-p-i.fr\/parlonsen\/wp-json\/wp\/v2\/comments?post=26694"}],"version-history":[{"count":0,"href":"https:\/\/www.o-p-i.fr\/parlonsen\/wp-json\/wp\/v2\/posts\/26694\/revisions"}],"wp:attachment":[{"href":"https:\/\/www.o-p-i.fr\/parlonsen\/wp-json\/wp\/v2\/media?parent=26694"}],"wp:term":[{"taxonomy":"category","embeddable":true,"href":"https:\/\/www.o-p-i.fr\/parlonsen\/wp-json\/wp\/v2\/categories?post=26694"},{"taxonomy":"post_tag","embeddable":true,"href":"https:\/\/www.o-p-i.fr\/parlonsen\/wp-json\/wp\/v2\/tags?post=26694"}],"curies":[{"name":"wp","href":"https:\/\/api.w.org\/{rel}","templated":true}]}}