{"id":26758,"date":"2015-07-07T15:01:36","date_gmt":"2015-07-07T14:01:36","guid":{"rendered":"\/parlonsen\/?p=26758"},"modified":"2015-07-07T15:01:36","modified_gmt":"2015-07-07T14:01:36","slug":"retour-a-homs-a-rabastens-81","status":"publish","type":"post","link":"https:\/\/www.o-p-i.fr\/parlonsen\/parlons-en\/culture\/retour-a-homs-a-rabastens-81\/","title":{"rendered":"Retour \u00e0 Homs &#8230; \u00e0 Rabastens (81)"},"content":{"rendered":"<p style=\"text-align: justify;\">Projection &#8211; Conf\u00e9rence<strong>\u00a0<\/strong> le<strong> Vendredi 10 juillet 2015<\/strong> \u00e0 19h \u00e0 \u00ab\u00a0La Remise du 5\u00a0\u00bb \u00e0 Rabastens. <!--more--><br \/>\nSoir\u00e9e, projection du film \u00ab\u00a0Retour \u00e0 Homs\u00a0\u00bb de Talal Derki suivie d&rsquo;une conf\u00e9rence d\u00e9bat avec des r\u00e9fugi\u00e9s syriens.<\/p>\n<figure id=\"attachment_26759\" aria-describedby=\"caption-attachment-26759\" style=\"width: 192px\" class=\"wp-caption alignright\"><a href=\"https:\/\/i0.wp.com\/www.o-p-i.fr\/parlonsen\/wp-content\/uploads\/retourahoms.jpg?ssl=1\"><img data-recalc-dims=\"1\" loading=\"lazy\" decoding=\"async\" class=\"size-full wp-image-26759\" src=\"https:\/\/i0.wp.com\/www.o-p-i.fr\/parlonsen\/wp-content\/uploads\/retourahoms.jpg?resize=192%2C262&#038;ssl=1\" alt=\"Retour \u00e0 Homs\" width=\"192\" height=\"262\" srcset=\"https:\/\/i0.wp.com\/www.o-p-i.fr\/parlonsen\/wp-content\/uploads\/retourahoms.jpg?w=192&amp;ssl=1 192w, https:\/\/i0.wp.com\/www.o-p-i.fr\/parlonsen\/wp-content\/uploads\/retourahoms.jpg?resize=110%2C150&amp;ssl=1 110w\" sizes=\"auto, (max-width: 192px) 100vw, 192px\" \/><\/a><figcaption id=\"caption-attachment-26759\" class=\"wp-caption-text\">Retour \u00e0 Homs<\/figcaption><\/figure>\n<p style=\"text-align: justify;\">Tourn\u00e9 sur trois ans \u00e0 Homs en Syrie, le film suit l\u2019\u00e9volution de deux jeunes hommes aux destins singuliers. Tous deux guid\u00e9s par leurs r\u00eaves de libert\u00e9 et de pacifisme, les \u00e9v\u00e9nements vont les contraindre pourtant \u00e0 des choix diff\u00e9rents.<br \/>\nBasset, 19 ans, gardien de but de l\u2019\u00e9quipe nationale de football, devient leader et chanteur embl\u00e9matique des manifestations anti-Assad, pour ensuite rejoindre la r\u00e9bellion arm\u00e9e. Ossama, 24 ans, est un journaliste citoyen renomm\u00e9, \u00e0 la fois critique du r\u00e9gime et pacifiste, dont les opinons vont \u00e9voluer suite \u00e0 sa d\u00e9tention par les forces de s\u00e9curit\u00e9. \u00ab\u00a0Homs, chronique d&rsquo;une r\u00e9volte\u00a0\u00bb est une \u00e9pop\u00e9e sur la jeunesse en guerre et les choix forc\u00e9s\u2026<\/p>\n<p style=\"text-align: justify;\">Petite restauration sur place<\/p>\n<p style=\"text-align: justify;\"><strong>Tarifs :<\/strong><br \/>\nParticipation libre mais n\u00e9cessaire.<\/p>\n<p><strong>Contact : <\/strong>Association Le Cinq<br \/>\n5 quai escoussi\u00e8res<br \/>\n81800 Rabastens<br \/>\nT\u00e9l. : 09.66.02.00.77 ou 06.16.33.42.84<br \/>\nCourriel : <a href=\"http:\/\/lecinq5.jimdo.com\">lecinq5.jimdo.com<\/a><\/p>\n<p><em>Communiqu\u00e9 par Le 5<\/em><\/p>\n","protected":false},"excerpt":{"rendered":"<div class=\"mh-excerpt\">Projection &#8211; Conf\u00e9rence\u00a0 le Vendredi 10 juillet 2015 \u00e0 19h \u00e0 \u00ab\u00a0La Remise du 5\u00a0\u00bb \u00e0 Rabastens.<\/div>\n","protected":false},"author":2,"featured_media":0,"comment_status":"open","ping_status":"open","sticky":false,"template":"","format":"standard","meta":{"om_disable_all_campaigns":false,"advanced_seo_description":"","jetpack_seo_html_title":"","jetpack_seo_noindex":false,"_jetpack_memberships_contains_paid_content":false,"footnotes":"","_links_to":"","_links_to_target":""},"categories":[23,42,1,290,603,54,291,2273],"tags":[72,92,111,234,326,330,2357],"class_list":{"0":"post-26758","1":"post","2":"type-post","3":"status-publish","4":"format-standard","6":"category-au-dela-du-pays","7":"category-a-cote-de-chez-nous","8":"category-culture","9":"category-entraide","10":"category-vive-lete","11":"category-loisirs","12":"category-solidarite","13":"category-n-112-juillet-2015","14":"tag-rabastens","15":"tag-cine","16":"tag-projection","17":"tag-conference","18":"tag-le-5","19":"tag-rencontre","20":"tag-syrie"},"jetpack_featured_media_url":"","views":{"total":0,"cached_at":"","cached_date":1738535190},"jetpack_likes_enabled":true,"jetpack_sharing_enabled":true,"jetpack_shortlink":"https:\/\/wp.me\/pg7Wxj-6XA","jetpack-related-posts":[],"_links":{"self":[{"href":"https:\/\/www.o-p-i.fr\/parlonsen\/wp-json\/wp\/v2\/posts\/26758","targetHints":{"allow":["GET"]}}],"collection":[{"href":"https:\/\/www.o-p-i.fr\/parlonsen\/wp-json\/wp\/v2\/posts"}],"about":[{"href":"https:\/\/www.o-p-i.fr\/parlonsen\/wp-json\/wp\/v2\/types\/post"}],"author":[{"embeddable":true,"href":"https:\/\/www.o-p-i.fr\/parlonsen\/wp-json\/wp\/v2\/users\/2"}],"replies":[{"embeddable":true,"href":"https:\/\/www.o-p-i.fr\/parlonsen\/wp-json\/wp\/v2\/comments?post=26758"}],"version-history":[{"count":0,"href":"https:\/\/www.o-p-i.fr\/parlonsen\/wp-json\/wp\/v2\/posts\/26758\/revisions"}],"wp:attachment":[{"href":"https:\/\/www.o-p-i.fr\/parlonsen\/wp-json\/wp\/v2\/media?parent=26758"}],"wp:term":[{"taxonomy":"category","embeddable":true,"href":"https:\/\/www.o-p-i.fr\/parlonsen\/wp-json\/wp\/v2\/categories?post=26758"},{"taxonomy":"post_tag","embeddable":true,"href":"https:\/\/www.o-p-i.fr\/parlonsen\/wp-json\/wp\/v2\/tags?post=26758"}],"curies":[{"name":"wp","href":"https:\/\/api.w.org\/{rel}","templated":true}]}}