{"id":26790,"date":"2015-09-04T06:33:33","date_gmt":"2015-09-04T05:33:33","guid":{"rendered":"\/parlonsen\/?p=26790"},"modified":"2015-09-03T07:01:56","modified_gmt":"2015-09-03T06:01:56","slug":"le-temps-de-dire-edition-2015-dans-le-tarn-81","status":"publish","type":"post","link":"https:\/\/www.o-p-i.fr\/parlonsen\/parlons-en\/le-temps-de-dire-edition-2015-dans-le-tarn-81\/","title":{"rendered":"Le Temps de Dire \/\/ \u00c9dition 2015 &#8230;  dans le Tarn (81)"},"content":{"rendered":"<p style=\"text-align: justify;\">La 4\u00e8me \u00e9dition du \u00ab Temps de Dire \u00bb aura lieu <strong>du 17 au 27 septembre 2015<\/strong>. <!--more--><\/p>\n<figure id=\"attachment_27285\" aria-describedby=\"caption-attachment-27285\" style=\"width: 227px\" class=\"wp-caption alignright\"><a href=\"https:\/\/i0.wp.com\/www.o-p-i.fr\/parlonsen\/wp-content\/uploads\/letempsdedire2015.jpg?ssl=1\"><img data-recalc-dims=\"1\" loading=\"lazy\" decoding=\"async\" class=\"size-medium wp-image-27285\" src=\"https:\/\/i0.wp.com\/www.o-p-i.fr\/parlonsen\/wp-content\/uploads\/letempsdedire2015.jpg?resize=227%2C300&#038;ssl=1\" alt=\"Le Temps de Dire 2015\" width=\"227\" height=\"300\" srcset=\"https:\/\/i0.wp.com\/www.o-p-i.fr\/parlonsen\/wp-content\/uploads\/letempsdedire2015.jpg?resize=227%2C300&amp;ssl=1 227w, https:\/\/i0.wp.com\/www.o-p-i.fr\/parlonsen\/wp-content\/uploads\/letempsdedire2015.jpg?resize=114%2C150&amp;ssl=1 114w, https:\/\/i0.wp.com\/www.o-p-i.fr\/parlonsen\/wp-content\/uploads\/letempsdedire2015.jpg?w=350&amp;ssl=1 350w\" sizes=\"auto, (max-width: 227px) 100vw, 227px\" \/><\/a><figcaption id=\"caption-attachment-27285\" class=\"wp-caption-text\">Le Temps de Dire 2015<\/figcaption><\/figure>\n<p style=\"text-align: justify;\">Le \u2018Temps de Dire\u2019, c\u2019est quinze jours de rencontres, de marche, de spectacles \u00e9ph\u00e9m\u00e8res, m\u00ealant patrimoine oral et r\u00e9cits contemporains, pass\u00e9s au prisme de l\u2019imaginaire et des savoir-faire des conteurs. D&rsquo;un village \u00e0 l&rsquo;autre, d&rsquo;un quartier \u00e0 l&rsquo;autre de la ville, les conteurs et conteuses collectent la parole des habitants, la m\u00e9ditent au fil du chemin, s&rsquo;en inspirent et en font de nouvelles histoires.<\/p>\n<p style=\"text-align: justify;\">\u00ab Nous allons marcher sur les chemins de villages en villages, de maisons en caf\u00e9s. Nous ne savons pas encore aujourd&rsquo;hui qui nous rencontreront, mais nous leur pr\u00eaterons nos oreilles. En \u00e9change, ils nous donnerons un peu de leur vie! Du v\u00e9cu d&rsquo;avant ou bien des r\u00e9cits de maintenant&#8230; des paroles patin\u00e9es d&rsquo;accent et de langue d&rsquo;oc du Tarn. Nous les tamiserons \u00e0 travers les tissus serr\u00e9s de nos m\u00e9moires et de notre po\u00e9sie. En toute simplicit\u00e9 nous en feront des r\u00e9cits, agr\u00e9ment\u00e9s de quelques airs glan\u00e9s pr\u00e8s des figuiers. \u00bb<\/p>\n<p style=\"text-align: justify;\">Trois \u00e9quipes, chacune compos\u00e9e de deux conteurs, portant paroles et instruments de musique, sillonneront une partie du d\u00e9partement et quelques quartiers d&rsquo;Albi \u00e0 partir du 17 septembre.<\/p>\n<p style=\"text-align: justify;\">Deux artistes invit\u00e9s de la Cie belge Transe-en-danse rejoindront les conteurs sur ces routes et ces chemins. Ils participeront aux spectacles propos\u00e9s pour le final albigeois des 26 et 27 septembre*.<\/p>\n<p style=\"text-align: justify;\">Si vous ne connaissez pas encore le \u2018Temps de Dire\u2019, venez nous rejoindre, \u00e7a en vaut le d\u00e9tour !<\/p>\n<p style=\"text-align: justify;\">Le \u2018Temps de Dire\u2019 est port\u00e9 par l&rsquo;association RaconTarn, par les habitants et les \u00e9lus des communes qui accueillent cette manifestation.<\/p>\n<figure id=\"attachment_27284\" aria-describedby=\"caption-attachment-27284\" style=\"width: 300px\" class=\"wp-caption alignright\"><a href=\"https:\/\/i0.wp.com\/www.o-p-i.fr\/parlonsen\/wp-content\/uploads\/letempsdedire.jpg?ssl=1\"><img data-recalc-dims=\"1\" loading=\"lazy\" decoding=\"async\" class=\"size-medium wp-image-27284\" src=\"https:\/\/i0.wp.com\/www.o-p-i.fr\/parlonsen\/wp-content\/uploads\/letempsdedire.jpg?resize=300%2C181&#038;ssl=1\" alt=\"Le Temps de Dire\" width=\"300\" height=\"181\" srcset=\"https:\/\/i0.wp.com\/www.o-p-i.fr\/parlonsen\/wp-content\/uploads\/letempsdedire.jpg?resize=300%2C181&amp;ssl=1 300w, https:\/\/i0.wp.com\/www.o-p-i.fr\/parlonsen\/wp-content\/uploads\/letempsdedire.jpg?resize=150%2C91&amp;ssl=1 150w, https:\/\/i0.wp.com\/www.o-p-i.fr\/parlonsen\/wp-content\/uploads\/letempsdedire.jpg?resize=400%2C242&amp;ssl=1 400w, https:\/\/i0.wp.com\/www.o-p-i.fr\/parlonsen\/wp-content\/uploads\/letempsdedire.jpg?w=586&amp;ssl=1 586w\" sizes=\"auto, (max-width: 300px) 100vw, 300px\" \/><\/a><figcaption id=\"caption-attachment-27284\" class=\"wp-caption-text\">Le Temps de Dire<\/figcaption><\/figure>\n<p style=\"text-align: justify;\">Communes travers\u00e9es : Couffouleux, Giroussens, Graulhet, Fiac, Saint-Ju\u00e9ry, Saint-Paul Cap de Joux, Salvagnac, Parisot, Puygouzon, Albi Centre, Veyrri\u00e8res-Ranteil-Rayssac, La Renaudi\u00e9.<\/p>\n<p style=\"text-align: justify;\">Artistes participants :\u00a0 \u00c9va Hahn, Jean-Michel Hernandez, Dominique Rousseau, Oliviero Vendraminetto, C\u00e9line Verdier.<\/p>\n<p style=\"text-align: justify;\">Artistes invit\u00e9s : Marco B\u00e9nard, Coline Billen et Soume\u00efla Zoungrana de la Cie Transe- En \u2013Danse ( Belgique)<\/p>\n<p style=\"text-align: justify;\"><strong>Tarifs :<\/strong><br \/>\nEntr\u00e9e libre et gratuite<\/p>\n<p style=\"text-align: justify;\"><strong>Contact :<\/strong> Collectif Racontarn<br \/>\nSite : <a href=\"http:\/\/www.racontarn.fr\/\">http:\/\/www.racontarn.fr\/<\/a><\/p>\n<p style=\"text-align: justify;\"><em>Communiqu\u00e9 par la <a href=\"https:\/\/www.o-p-i.fr\/aupays\/annuaire\/loisirs\/bibliotheque-municipale-a-salvagnac\/\">Biblioth\u00e8que de Salvagnac<\/a><\/em><\/p>\n<p>&nbsp;<\/p>\n","protected":false},"excerpt":{"rendered":"<div class=\"mh-excerpt\">La 4\u00e8me \u00e9dition du \u00ab Temps de Dire \u00bb aura lieu du 17 au 27 septembre 2015.<\/div>\n","protected":false},"author":2,"featured_media":0,"comment_status":"open","ping_status":"open","sticky":false,"template":"","format":"standard","meta":{"om_disable_all_campaigns":false,"advanced_seo_description":"","jetpack_seo_html_title":"","jetpack_seo_noindex":false,"_jetpack_memberships_contains_paid_content":false,"footnotes":"","_links_to":"","_links_to_target":""},"categories":[52],"tags":[44,2548,148,337,420,467,1342,1654,2122,2361],"class_list":{"0":"post-26790","1":"post","2":"type-post","3":"status-publish","4":"format-standard","6":"category-parlons-en","7":"tag-albi","8":"tag-salvagnac","9":"tag-couffouleux","10":"tag-parisot","11":"tag-graulhet","12":"tag-giroussens","13":"tag-fiac","14":"tag-saint-juery","15":"tag-puygouzon","16":"tag-saint-paul-cap-de-joux"},"jetpack_featured_media_url":"","views":{"total":0,"cached_at":"","cached_date":1738375187},"jetpack_likes_enabled":true,"jetpack_sharing_enabled":true,"jetpack_shortlink":"https:\/\/wp.me\/pg7Wxj-6Y6","jetpack-related-posts":[],"_links":{"self":[{"href":"https:\/\/www.o-p-i.fr\/parlonsen\/wp-json\/wp\/v2\/posts\/26790","targetHints":{"allow":["GET"]}}],"collection":[{"href":"https:\/\/www.o-p-i.fr\/parlonsen\/wp-json\/wp\/v2\/posts"}],"about":[{"href":"https:\/\/www.o-p-i.fr\/parlonsen\/wp-json\/wp\/v2\/types\/post"}],"author":[{"embeddable":true,"href":"https:\/\/www.o-p-i.fr\/parlonsen\/wp-json\/wp\/v2\/users\/2"}],"replies":[{"embeddable":true,"href":"https:\/\/www.o-p-i.fr\/parlonsen\/wp-json\/wp\/v2\/comments?post=26790"}],"version-history":[{"count":0,"href":"https:\/\/www.o-p-i.fr\/parlonsen\/wp-json\/wp\/v2\/posts\/26790\/revisions"}],"wp:attachment":[{"href":"https:\/\/www.o-p-i.fr\/parlonsen\/wp-json\/wp\/v2\/media?parent=26790"}],"wp:term":[{"taxonomy":"category","embeddable":true,"href":"https:\/\/www.o-p-i.fr\/parlonsen\/wp-json\/wp\/v2\/categories?post=26790"},{"taxonomy":"post_tag","embeddable":true,"href":"https:\/\/www.o-p-i.fr\/parlonsen\/wp-json\/wp\/v2\/tags?post=26790"}],"curies":[{"name":"wp","href":"https:\/\/api.w.org\/{rel}","templated":true}]}}