{"id":26793,"date":"2015-07-10T14:46:42","date_gmt":"2015-07-10T13:46:42","guid":{"rendered":"\/parlonsen\/?p=26793"},"modified":"2015-07-09T14:55:20","modified_gmt":"2015-07-09T13:55:20","slug":"le-chemin-des-totems-3eme-edition-a-prendeignes-46","status":"publish","type":"post","link":"https:\/\/www.o-p-i.fr\/parlonsen\/parlons-en\/le-chemin-des-totems-3eme-edition-a-prendeignes-46\/","title":{"rendered":"Le Chemin des Totems \/\/ 3\u00e8me \u00e9dition &#8230; \u00e0 Prendeignes (46)"},"content":{"rendered":"<p style=\"text-align: justify;\">Pour la troisi\u00e8me ann\u00e9e cons\u00e9cutive, le Sentier d\u2019Art \u201cLe chemin des Totems\u201d, est install\u00e9 \u00e0 Prendeignes <strong>du 1er Ao\u00fbt au 1er Octobre 2015<\/strong>.<!--more--><\/p>\n<figure id=\"attachment_26794\" aria-describedby=\"caption-attachment-26794\" style=\"width: 300px\" class=\"wp-caption alignright\"><a href=\"https:\/\/i0.wp.com\/www.o-p-i.fr\/parlonsen\/wp-content\/uploads\/totemprendeignes.jpg?ssl=1\"><img data-recalc-dims=\"1\" loading=\"lazy\" decoding=\"async\" class=\"size-medium wp-image-26794\" src=\"https:\/\/i0.wp.com\/www.o-p-i.fr\/parlonsen\/wp-content\/uploads\/totemprendeignes.jpg?resize=300%2C132&#038;ssl=1\" alt=\"Chemin des Totems -  Prendeignes (46)\" width=\"300\" height=\"132\" srcset=\"https:\/\/i0.wp.com\/www.o-p-i.fr\/parlonsen\/wp-content\/uploads\/totemprendeignes.jpg?resize=300%2C132&amp;ssl=1 300w, https:\/\/i0.wp.com\/www.o-p-i.fr\/parlonsen\/wp-content\/uploads\/totemprendeignes.jpg?resize=150%2C66&amp;ssl=1 150w, https:\/\/i0.wp.com\/www.o-p-i.fr\/parlonsen\/wp-content\/uploads\/totemprendeignes.jpg?resize=400%2C176&amp;ssl=1 400w, https:\/\/i0.wp.com\/www.o-p-i.fr\/parlonsen\/wp-content\/uploads\/totemprendeignes.jpg?w=997&amp;ssl=1 997w\" sizes=\"auto, (max-width: 300px) 100vw, 300px\" \/><\/a><figcaption id=\"caption-attachment-26794\" class=\"wp-caption-text\">Chemin des Totems &#8211; Prendeignes (46)<\/figcaption><\/figure>\n<p style=\"text-align: justify;\">Ce projet artistique local est une initiative r\u00e9alis\u00e9e par l\u2019Association Trace et Couleurs avec la participation des habitants de la commune qui ont su se mobiliser autour de la cr\u00e9ation plastique. Accompagn\u00e9 dans cette aventure par Jocelyne Escudero, Artiste Plasticienne et Conteuse locale, la r\u00e9alisation de ce parcours d\u2019Art r\u00e9v\u00e8le notre patrimoine, mettant en valeur le paysage du S\u00e9gala.<br \/>\nCette ann\u00e9e, les promeneurs pourront d\u00e9couvrir librement sur le chemin qui forme une boucle de l\u2019entr\u00e9e du Bourg en passant par Cantagrel \/ Cantagrel Haut, 23 Totems originaux, d\u2019inspirations diff\u00e9rentes.<br \/>\nUn \u00e9v\u00e9nement artistique color\u00e9 qui va s\u2019animer ponctuellement de la voix de l\u2019artiste \/ conteuse qui vous fera voyager au fil de contes r\u00e9gionaux ou lointains.<br \/>\nLe temps d\u2019une Balade, vous pourrez ainsi fl\u00e2ner sur le Sentier Artistique, un parcours simple, en acc\u00e8s libre, pour d\u00e9couvrir autrement le S\u00e9gala et une de ses belle commune.<br \/>\nEncore un grand merci aux Prendeignois(e)s de tous \u00e2ges qui participent \u00e0 ce projet en coop\u00e9ration, attirant un grand nombre de visiteurs.<\/p>\n<p style=\"text-align: justify;\">Balades cont\u00e9es sur le chemin des totems et animations autour de la F\u00eate du conte :<br \/>\n<strong>Samedi 18 Juillet<\/strong> \u00e0 16 h &#8211; Contes d\u2019Arbres et du Monde &#8211; suivi \u00e0 18h de l\u2019inauguration du Sentier Artistique au si\u00e8ge social de l\u2019association \u00e0 Cantagrel Haut.<\/p>\n<blockquote>\n<p style=\"text-align: justify;\">Dans le cadre de la F\u00eate du conte :<br \/>\n<strong>Vendredi 14 Ao\u00fbt<\/strong> \u00e0 20h30 RV au lavoir du village pour les \u00ab Contes du lavoir et des lavandi\u00e8res \u00bb<br \/>\n<strong>Samedi 15 Ao\u00fbt<\/strong> \u00e0 16 h \u00ab Contes de nos r\u00e9gions \u00bb sur le chemin de totems &#8211; \u00e0 17h30 Jeu de contes (au si\u00e8ge de l\u2019association)<br \/>\n<strong>Dimanche 16 Ao\u00fbt<\/strong> de 9h \u00e0 17h30 &#8211; Atelier : \u00ab La cr\u00e9ativit\u00e9 par les contes \u00bb (participation fixe + adh\u00e9sion \u00e0 l\u2019association)<\/p>\n<\/blockquote>\n<p style=\"text-align: justify;\">Pour les contes sur le chemin, rendez-vous \u00e0 l\u2019entr\u00e9e du village \/ participation libre.<\/p>\n<p style=\"text-align: justify;\">Projet soutenu par le Conseil G\u00e9n\u00e9ral, le Conseil R\u00e9gional et la Commune.<\/p>\n<p style=\"text-align: justify;\"><strong>Contact :<\/strong> Trace et Couleurs<br \/>\nT\u00e9l. : 06 18 57 39 75<br \/>\nCourriel : <a href=\"mailto:traceetcouleurs@gmail.com\">traceetcouleurs@gmail.com<\/a><br \/>\nSite : <a href=\"http:\/\/lechemindestotems.over-blog.com\">http:\/\/lechemindestotems.over-blog.com<\/a><\/p>\n","protected":false},"excerpt":{"rendered":"<div class=\"mh-excerpt\">Pour la troisi\u00e8me ann\u00e9e cons\u00e9cutive, le Sentier d\u2019Art \u201cLe chemin des Totems\u201d, est install\u00e9 \u00e0 Prendeignes du 1er Ao\u00fbt au 1er Octobre 2015.<\/div>\n","protected":false},"author":2,"featured_media":0,"comment_status":"open","ping_status":"open","sticky":false,"template":"","format":"standard","meta":{"om_disable_all_campaigns":false,"advanced_seo_description":"","jetpack_seo_html_title":"","jetpack_seo_noindex":false,"_jetpack_memberships_contains_paid_content":false,"footnotes":"","_links_to":"","_links_to_target":""},"categories":[52],"tags":[],"class_list":{"0":"post-26793","1":"post","2":"type-post","3":"status-publish","4":"format-standard","6":"category-parlons-en"},"jetpack_featured_media_url":"","views":{"total":0,"cached_at":"","cached_date":1738535260},"jetpack_likes_enabled":true,"jetpack_sharing_enabled":true,"jetpack_shortlink":"https:\/\/wp.me\/pg7Wxj-6Y9","jetpack-related-posts":[],"_links":{"self":[{"href":"https:\/\/www.o-p-i.fr\/parlonsen\/wp-json\/wp\/v2\/posts\/26793","targetHints":{"allow":["GET"]}}],"collection":[{"href":"https:\/\/www.o-p-i.fr\/parlonsen\/wp-json\/wp\/v2\/posts"}],"about":[{"href":"https:\/\/www.o-p-i.fr\/parlonsen\/wp-json\/wp\/v2\/types\/post"}],"author":[{"embeddable":true,"href":"https:\/\/www.o-p-i.fr\/parlonsen\/wp-json\/wp\/v2\/users\/2"}],"replies":[{"embeddable":true,"href":"https:\/\/www.o-p-i.fr\/parlonsen\/wp-json\/wp\/v2\/comments?post=26793"}],"version-history":[{"count":0,"href":"https:\/\/www.o-p-i.fr\/parlonsen\/wp-json\/wp\/v2\/posts\/26793\/revisions"}],"wp:attachment":[{"href":"https:\/\/www.o-p-i.fr\/parlonsen\/wp-json\/wp\/v2\/media?parent=26793"}],"wp:term":[{"taxonomy":"category","embeddable":true,"href":"https:\/\/www.o-p-i.fr\/parlonsen\/wp-json\/wp\/v2\/categories?post=26793"},{"taxonomy":"post_tag","embeddable":true,"href":"https:\/\/www.o-p-i.fr\/parlonsen\/wp-json\/wp\/v2\/tags?post=26793"}],"curies":[{"name":"wp","href":"https:\/\/api.w.org\/{rel}","templated":true}]}}