{"id":26846,"date":"2015-07-17T05:59:28","date_gmt":"2015-07-17T04:59:28","guid":{"rendered":"\/parlonsen\/?p=26846"},"modified":"2015-07-17T05:59:28","modified_gmt":"2015-07-17T04:59:28","slug":"24h-a-la-nage-a-montredon-labessonnie-81","status":"publish","type":"post","link":"https:\/\/www.o-p-i.fr\/parlonsen\/localisation\/a-cote-de-chez-nous\/24h-a-la-nage-a-montredon-labessonnie-81\/","title":{"rendered":"24h \u00e0  la nage &#8230; \u00e0 Montredon Labessonni\u00e9 (81)"},"content":{"rendered":"<p>Challenge des familles et des associations &#8211; D\u00e9part : <strong>Samedi 31 Juillet 2015<\/strong> \u00e0 15h \/ Arriv\u00e9e : <strong>Dimanche 1er Aout 2015<\/strong> \u00e0 15h ! <!--more--><\/p>\n<figure id=\"attachment_26847\" aria-describedby=\"caption-attachment-26847\" style=\"width: 212px\" class=\"wp-caption alignright\"><a href=\"https:\/\/i0.wp.com\/www.o-p-i.fr\/parlonsen\/wp-content\/uploads\/24hnagebezan.jpg?ssl=1\"><img data-recalc-dims=\"1\" loading=\"lazy\" decoding=\"async\" class=\"size-medium wp-image-26847\" src=\"https:\/\/i0.wp.com\/www.o-p-i.fr\/parlonsen\/wp-content\/uploads\/24hnagebezan.jpg?resize=212%2C300&#038;ssl=1\" alt=\"24h \u00e0 la nage - Montredon Labessonni\u00e9 (81)\" width=\"212\" height=\"300\" srcset=\"https:\/\/i0.wp.com\/www.o-p-i.fr\/parlonsen\/wp-content\/uploads\/24hnagebezan.jpg?resize=212%2C300&amp;ssl=1 212w, https:\/\/i0.wp.com\/www.o-p-i.fr\/parlonsen\/wp-content\/uploads\/24hnagebezan.jpg?resize=106%2C150&amp;ssl=1 106w, https:\/\/i0.wp.com\/www.o-p-i.fr\/parlonsen\/wp-content\/uploads\/24hnagebezan.jpg?resize=400%2C566&amp;ssl=1 400w, https:\/\/i0.wp.com\/www.o-p-i.fr\/parlonsen\/wp-content\/uploads\/24hnagebezan.jpg?w=679&amp;ssl=1 679w\" sizes=\"auto, (max-width: 212px) 100vw, 212px\" \/><\/a><figcaption id=\"caption-attachment-26847\" class=\"wp-caption-text\">24h \u00e0 la nage &#8211; Montredon Labessonni\u00e9 (81)<\/figcaption><\/figure>\n<p><strong>Programme des 24 h \u00e0 la nage<\/strong>, en parall\u00e8le :<br \/>\n&#8211; bapt\u00eame de plong\u00e9e,<br \/>\n&#8211; d\u00e9monstration de sauvetage,<br \/>\n&#8211; animation musicale,<br \/>\n&#8211; \u00ab\u00a0La Paillote\u00a0\u00bb organise un repas le soir,\u00a0 <span class=\"text_exposed_show\">s&rsquo;inscrire aupr\u00e8s du <a href=\"http:\/\/cafedumidi-montredon.com\/\">Caf\u00e9 du Midi<\/a>.<\/span><\/p>\n<div class=\"text_exposed_show\">\n<p>Un produit du <a href=\"https:\/\/www.facebook.com\/domaine.condamineleveque\">Domaine de Condamine l&rsquo;Ev\u00eaque<\/a> sera offert \u00e0 chaque participant des 24 h et pour les enfants un cadeau surprise !<\/p>\n<p>A l&rsquo;issue de l&rsquo;\u00e9preuve, un vin d&rsquo;honneur sera offert par la Mairie au cours duquel sera remis le challenge des familles et des associations.<\/p>\n<p>Venez nombreux afin de battre le record qui est de 180 participants !<\/p>\n<p>Pour ceux qui ne veulent pas nager, venez encourager les participants en faisant la f\u00eate toute la nuit !<\/p>\n<p><strong>Contact :<\/strong> Max\u00a0 Lesauvage (Ma\u00eetre Nageur)<br \/>\nT\u00e9l. :\u00a0 06.82.08.71.42 ou 05.63.75.15.62.<\/p>\n<\/div>\n","protected":false},"excerpt":{"rendered":"<div class=\"mh-excerpt\">Challenge des familles et des associations &#8211; D\u00e9part : Samedi 31 Juillet 2015 \u00e0 15h \/ Arriv\u00e9e : Dimanche 1er Aout 2015 \u00e0 15h !<\/div>\n","protected":false},"author":2,"featured_media":0,"comment_status":"open","ping_status":"open","sticky":false,"template":"","format":"standard","meta":{"om_disable_all_campaigns":false,"advanced_seo_description":"","jetpack_seo_html_title":"","jetpack_seo_noindex":false,"_jetpack_memberships_contains_paid_content":false,"footnotes":"","_links_to":"","_links_to_target":""},"categories":[42,603,54,291,53,2273,2274],"tags":[460,860,1009,2365,56,2571,330],"class_list":{"0":"post-26846","1":"post","2":"type-post","3":"status-publish","4":"format-standard","6":"category-a-cote-de-chez-nous","7":"category-vive-lete","8":"category-loisirs","9":"category-solidarite","10":"category-sports","11":"category-n-112-juillet-2015","12":"category-n-113-aout-2015","13":"tag-piscine","14":"tag-challenge","15":"tag-natation","16":"tag-montredon-labessonnie","17":"tag-fete","18":"tag-solidarite","19":"tag-rencontre"},"jetpack_featured_media_url":"","views":{"total":0,"cached_at":"","cached_date":1738535315},"jetpack_likes_enabled":true,"jetpack_sharing_enabled":true,"jetpack_shortlink":"https:\/\/wp.me\/pg7Wxj-6Z0","jetpack-related-posts":[],"_links":{"self":[{"href":"https:\/\/www.o-p-i.fr\/parlonsen\/wp-json\/wp\/v2\/posts\/26846","targetHints":{"allow":["GET"]}}],"collection":[{"href":"https:\/\/www.o-p-i.fr\/parlonsen\/wp-json\/wp\/v2\/posts"}],"about":[{"href":"https:\/\/www.o-p-i.fr\/parlonsen\/wp-json\/wp\/v2\/types\/post"}],"author":[{"embeddable":true,"href":"https:\/\/www.o-p-i.fr\/parlonsen\/wp-json\/wp\/v2\/users\/2"}],"replies":[{"embeddable":true,"href":"https:\/\/www.o-p-i.fr\/parlonsen\/wp-json\/wp\/v2\/comments?post=26846"}],"version-history":[{"count":0,"href":"https:\/\/www.o-p-i.fr\/parlonsen\/wp-json\/wp\/v2\/posts\/26846\/revisions"}],"wp:attachment":[{"href":"https:\/\/www.o-p-i.fr\/parlonsen\/wp-json\/wp\/v2\/media?parent=26846"}],"wp:term":[{"taxonomy":"category","embeddable":true,"href":"https:\/\/www.o-p-i.fr\/parlonsen\/wp-json\/wp\/v2\/categories?post=26846"},{"taxonomy":"post_tag","embeddable":true,"href":"https:\/\/www.o-p-i.fr\/parlonsen\/wp-json\/wp\/v2\/tags?post=26846"}],"curies":[{"name":"wp","href":"https:\/\/api.w.org\/{rel}","templated":true}]}}