{"id":26940,"date":"2015-08-04T13:55:22","date_gmt":"2015-08-04T12:55:22","guid":{"rendered":"\/parlonsen\/?p=26940"},"modified":"2015-07-31T19:57:02","modified_gmt":"2015-07-31T18:57:02","slug":"les-vacances-sont-bien-la-a-varennes-82","status":"publish","type":"post","link":"https:\/\/www.o-p-i.fr\/parlonsen\/parlons-en\/culture\/les-vacances-sont-bien-la-a-varennes-82\/","title":{"rendered":"Les vacances sont bien l\u00e0 &#8230; \u00e0 Varennes  (82)"},"content":{"rendered":"<p>&#8230; mais ils ont tous \u00a0ador\u00e9 l&rsquo;\u00e9cole et le CLAE. <!--more--><\/p>\n<figure id=\"attachment_26941\" aria-describedby=\"caption-attachment-26941\" style=\"width: 300px\" class=\"wp-caption alignright\"><a href=\"https:\/\/i0.wp.com\/www.o-p-i.fr\/parlonsen\/wp-content\/uploads\/varennes.jpg?ssl=1\"><img data-recalc-dims=\"1\" loading=\"lazy\" decoding=\"async\" class=\"size-medium wp-image-26941\" src=\"https:\/\/i0.wp.com\/www.o-p-i.fr\/parlonsen\/wp-content\/uploads\/varennes.jpg?resize=300%2C200&#038;ssl=1\" alt=\"La nature, l'environnement, la qualit\u00e9 de l'eau... voil\u00e0 leurs pr\u00e9occupations.\" width=\"300\" height=\"200\" srcset=\"https:\/\/i0.wp.com\/www.o-p-i.fr\/parlonsen\/wp-content\/uploads\/varennes.jpg?resize=300%2C200&amp;ssl=1 300w, https:\/\/i0.wp.com\/www.o-p-i.fr\/parlonsen\/wp-content\/uploads\/varennes.jpg?resize=1024%2C683&amp;ssl=1 1024w, https:\/\/i0.wp.com\/www.o-p-i.fr\/parlonsen\/wp-content\/uploads\/varennes.jpg?resize=150%2C100&amp;ssl=1 150w, https:\/\/i0.wp.com\/www.o-p-i.fr\/parlonsen\/wp-content\/uploads\/varennes.jpg?resize=400%2C267&amp;ssl=1 400w, https:\/\/i0.wp.com\/www.o-p-i.fr\/parlonsen\/wp-content\/uploads\/varennes.jpg?w=2000&amp;ssl=1 2000w\" sizes=\"auto, (max-width: 300px) 100vw, 300px\" \/><\/a><figcaption id=\"caption-attachment-26941\" class=\"wp-caption-text\">La nature, l&rsquo;environnement, la qualit\u00e9 de l&rsquo;eau&#8230; voil\u00e0 leurs pr\u00e9occupations.<\/figcaption><\/figure>\n<p>Longtemps apr\u00e8s, alors que les cartables sont bien rang\u00e9s en attendant les r\u00e9visions pour la rentr\u00e9e, alors que l&rsquo;\u00e9cole et le CLAE ont bien rempli leurs missions, j&rsquo;ai voulu, pour le plaisir et pour notre joie \u00e0 tous, revenir sur la f\u00eate du CLAE et de l&rsquo;\u00e9cole. Un seul reportage photo car ce sont les m\u00eames enfants, les n\u00f4tres ceux d&rsquo;un village qui est presque le mien puisque Carine et David, Laurine, Alexi et Camille occupent une place particuli\u00e8re dans mon c\u0153ur.<\/p>\n<p>Un moment \u00e9mouvant pour tous les enfants car monter sur sc\u00e8ne n&rsquo;est pas toujours \u00e9vident. Un moment \u00e0 forte \u00e9motion o\u00f9 l&rsquo;on souhaite la pr\u00e9sence de la proche famille car, l&rsquo;an prochain nous serons au coll\u00e8ge pouvaient dire 10 \u00e9l\u00e8ves de CM2.<\/p>\n<p>Je crois que le moment de fiert\u00e9 et de\u00a0 \u00ab\u00a0c\u0153ur \u00a0serr\u00e9\u00a0\u00bb \u00e9tait lors de la remise \u00a0du dictionnaire de fran\u00e7ais ainsi que du lexique fran\u00e7ais anglais &#8230;.. suivi bien s\u00fbr de la bise \u00e0 la ma\u00eetresse. Bravo \u00e0 tous les enfants, petits et grands. Bravo aux parents qui s&rsquo;investissent dans l&rsquo;\u00e9cole et un grand merci aux enseignantes et \u00e0 tout le personnel qu&rsquo;il soit de l&rsquo;\u00e9cole ou du CLAE.<\/p>\n<p>Bravo et Merci M. le Maire, M. Albinet et votre conseil municipal qui avez fait en sorte que l&rsquo;\u00e9cole soit au c\u0153ur de la vie de la commune, au c\u0153ur de vos pr\u00e9occupations et de vos actions.<\/p>\n<p><em>Communiqu\u00e9 et photo : Robert Linas<\/em><\/p>\n","protected":false},"excerpt":{"rendered":"<div class=\"mh-excerpt\">&#8230; mais ils ont tous \u00a0ador\u00e9 l&rsquo;\u00e9cole et le CLAE.<\/div>\n","protected":false},"author":2,"featured_media":0,"comment_status":"open","ping_status":"open","sticky":false,"template":"","format":"standard","meta":{"om_disable_all_campaigns":false,"advanced_seo_description":"","jetpack_seo_html_title":"","jetpack_seo_noindex":false,"_jetpack_memberships_contains_paid_content":false,"footnotes":"","_links_to":"","_links_to_target":""},"categories":[1,55,6,20,2274],"tags":[56,67,2545,323,560],"class_list":{"0":"post-26940","1":"post","2":"type-post","3":"status-publish","4":"format-standard","6":"category-culture","7":"category-environnement","8":"category-pratique","9":"category-varennes","10":"category-n-113-aout-2015","11":"tag-fete","12":"tag-ecole","13":"tag-varennes","14":"tag-enfant","15":"tag-clae"},"jetpack_featured_media_url":"","views":{"total":3,"cached_at":"","cached_date":1738501685},"jetpack_likes_enabled":true,"jetpack_sharing_enabled":true,"jetpack_shortlink":"https:\/\/wp.me\/pg7Wxj-70w","jetpack-related-posts":[],"_links":{"self":[{"href":"https:\/\/www.o-p-i.fr\/parlonsen\/wp-json\/wp\/v2\/posts\/26940","targetHints":{"allow":["GET"]}}],"collection":[{"href":"https:\/\/www.o-p-i.fr\/parlonsen\/wp-json\/wp\/v2\/posts"}],"about":[{"href":"https:\/\/www.o-p-i.fr\/parlonsen\/wp-json\/wp\/v2\/types\/post"}],"author":[{"embeddable":true,"href":"https:\/\/www.o-p-i.fr\/parlonsen\/wp-json\/wp\/v2\/users\/2"}],"replies":[{"embeddable":true,"href":"https:\/\/www.o-p-i.fr\/parlonsen\/wp-json\/wp\/v2\/comments?post=26940"}],"version-history":[{"count":0,"href":"https:\/\/www.o-p-i.fr\/parlonsen\/wp-json\/wp\/v2\/posts\/26940\/revisions"}],"wp:attachment":[{"href":"https:\/\/www.o-p-i.fr\/parlonsen\/wp-json\/wp\/v2\/media?parent=26940"}],"wp:term":[{"taxonomy":"category","embeddable":true,"href":"https:\/\/www.o-p-i.fr\/parlonsen\/wp-json\/wp\/v2\/categories?post=26940"},{"taxonomy":"post_tag","embeddable":true,"href":"https:\/\/www.o-p-i.fr\/parlonsen\/wp-json\/wp\/v2\/tags?post=26940"}],"curies":[{"name":"wp","href":"https:\/\/api.w.org\/{rel}","templated":true}]}}