{"id":2702,"date":"2010-03-09T14:53:28","date_gmt":"2010-03-09T12:53:28","guid":{"rendered":"\/parlonsen\/?p=2702"},"modified":"2010-03-09T18:57:41","modified_gmt":"2010-03-09T16:57:41","slug":"agriculture-elevage-et-fco82","status":"publish","type":"post","link":"https:\/\/www.o-p-i.fr\/parlonsen\/parlons-en\/agriculture\/agriculture-elevage-et-fco82\/","title":{"rendered":"Agriculture, Elevage et FCO82"},"content":{"rendered":"<p>Le <span style=\"color: #800000;\"><strong>FCO82<\/strong> <\/span>prend la parole pour donner son point de vue sur le th\u00e8me de la <span style=\"color: #800000;\"><strong>vaccination obligatoire des ruminants<\/strong><\/span>.<!--more--><span style=\"color: #800000;\"><strong><\/strong><\/span><\/p>\n<p><span style=\"color: #800000;\"><strong>-1- Qu&rsquo;est-ce que la FCO (Fi\u00e8vre Catarrhale Ovine)?<\/strong><\/span><\/p>\n<p style=\"text-align: justify;\"><span style=\"color: #000000;\">La FCO, est une maladie virale, vectorielle, c&rsquo;est-\u00e0-dire transmise par une esp\u00e8ce de moucheron (culico\u00efde). Les esp\u00e8ces sensibles \u00e0 la FCO sont essentiellement les ruminants domestiques (particuli\u00e8rement les ovins) et la faune sauvage. Les animaux qui d\u00e9veloppent la maladie peuvent pr\u00e9senter diff\u00e9rents sympt\u00f4mes (avortement, st\u00e9rilit\u00e9, boiterie) pouvant aller dans certain cas jusqu&rsquo;\u00e0 la mort\u00a0; c\u2019est une maladie peu pathog\u00e8ne car elle est susceptible d&rsquo;une excellente immunit\u00e9 naturelle efficace \u00e0 vie. Il ne s\u2019agit pas ici de contester le fait que la FCO est une maladie, et que cette maladie a un impact sur les \u00e9levages. La critique porte sur l\u2019\u00e9valuation de cet impact et la justification de la campagne de vaccination obligatoire.<\/span><\/p>\n<p style=\"text-align: justify;\"><span style=\"color: #800000;\"><strong>-2- Bref historique\u00a0: comment s\u2019est elle propag\u00e9e\u00a0?<\/strong><\/span><\/p>\n<p style=\"text-align: justify;\"><span style=\"color: #000000;\">Originaire d\u2019Afrique, la maladie remonte depuis plusieurs d\u00e9cennies vers le nord de l\u2019Europe. Elle appara\u00eet en 2006 en Europe et s\u2019est en 2007 largement r\u00e9pandue sur le territoire communautaire. Les conditions de son arriv\u00e9e sont encore mal cern\u00e9es mais probablement dues \u00e0 plusieurs facteurs (importation d\u2019animaux d\u2019Afrique qui expliquerait une origine de contamination via les Pays bas, la Belgique et l\u2019Allemagne\u00a0; augmentation de la temp\u00e9rature qui favoriserait le d\u00e9veloppement du moucheron et expliquerait sa progression via l\u2019Espagne et l\u2019Italie). Cette progression s\u2019est poursuivie en 2008 pour finalement toucher l\u2019ensemble du territoire national.<br \/>\nEn 2008, la France met en place une campagne de vaccination facultative<br \/>\nLa vaccination obligatoire est instaur\u00e9e l\u2019ann\u00e9e suivante.<\/span><\/p>\n<p style=\"text-align: justify;\"><span style=\"color: #800000;\"><strong>-3- Des \u00e9leveurs qui adoptent des strat\u00e9gies de lutte alternative \u00e0 la vaccination devant le peu d\u2019efficacit\u00e9 et la toxicit\u00e9 des vaccins<\/strong><\/span><\/p>\n<ul>\n<li><span style=\"color: #800080;\"><span style=\"color: #000000;\"><strong>Limite et inconv\u00e9nient de la vaccination<\/strong><\/span><\/span><\/li>\n<\/ul>\n<p style=\"text-align: justify;\"><span style=\"color: #800080;\"><span style=\"color: #000000;\">La vaccination n\u2019emp\u00eache pas le portage du virus par les animaux et n&#8217;emp\u00eache pas la transmission de la maladie.<br \/>\nLa dur\u00e9e d\u2019efficacit\u00e9 des vaccins n\u2019est pas d\u00e9montr\u00e9e au del\u00e0 de 6 mois.<br \/>\nCes vaccins contiennent des adjuvants tr\u00e8s agressifs et allergisants tels que l&rsquo;hydroxyde d&rsquo;aluminium et les sels de mercure.<br \/>\nDiff\u00e9rents effets secondaires suite \u00e0 la vaccination\u00a0: diminution de la production de lait, avortement, hyperthermie, mortalit\u00e9\u2026.<\/span><\/span><\/p>\n<ul>\n<li><span style=\"color: #800080;\"><span style=\"color: #000000;\"><strong>Strat\u00e9gies de lutte alternatives \u00e0 la vaccination<\/strong><\/span><\/span><\/li>\n<\/ul>\n<p style=\"text-align: justify;\"><span style=\"color: #800080;\"><span style=\"color: #000000;\">Les \u00e9leveurs ayant refus\u00e9 la vaccination ont souhait\u00e9 privil\u00e9gier une strat\u00e9gie visant \u00e0 permettre \u00e0 leurs animaux de d\u00e9velopper leur immunit\u00e9 naturelle, c\u2019est \u00e0 dire de laisser s\u2019op\u00e9rer l\u2019infection. Ceci moyennant le cas \u00e9ch\u00e9ant l\u2019administration de traitements pr\u00e9ventifs permettant de renforcer l\u2019immunit\u00e9 naturelle, ou de traitements curatifs s\u2019appuyant notamment sur des m\u00e9thodes de soins non allopathiques (phytoth\u00e9rapie, aromath\u00e9rapie, hom\u00e9opathie). Cette m\u00e9thode a l\u2019avantage de permettre \u00e0 l\u2019\u00e9leveur de s\u00e9lectionner par la suite les animaux les plus r\u00e9sistants, notamment dans la perspective de l\u2019arriv\u00e9e probable d\u2019autres maladies vectorielles. S\u00e9lection que la vaccination ne permet pas.<\/span><\/span><\/p>\n<p style=\"text-align: justify;\"><span style=\"color: #800080;\"><strong><span style=\"color: #800000;\">-4- Incoh\u00e9rence de la campagne de vaccination obligatoire\u00a0:<\/span><\/strong><br \/>\n<span style=\"color: #000000;\">Malgr\u00e9 cela, comment en est on arriv\u00e9 \u00e0 l\u2019hypoth\u00e8se d\u2019une vaccination obligatoire\u00a0?<\/span><\/span><\/p>\n<ul>\n<li><span style=\"color: #000000;\"><strong>La vaccination obligatoire repose sur une hypoth\u00e8se<\/strong><\/span><\/li>\n<\/ul>\n<p style=\"text-align: justify;\"><span style=\"color: #000000;\">Des positions institutionnelles contradictoires et ambivalentes dans la prise en compte de cette maladie.<br \/>\n&#8211; La F\u00e9d\u00e9ration Nationale de Groupement de D\u00e9fense Sanitaire (GDS France), pr\u00f4ne la vaccination tout en reconnaissant l\u2019int\u00e9r\u00eat de d\u00e9velopper l\u2019immunit\u00e9 naturelle.<br \/>\n&#8211; L\u2019Agence Fran\u00e7aise de S\u00e9curit\u00e9 Sanitaire des Aliments (AFSSA), consid\u00e8re qu\u2019elle n\u2019a pas tous les \u00e9l\u00e9ments \u00e0 sa disposition pour d\u00e9ployer une strat\u00e9gie de vaccination efficace. Elle formule l\u2019hypoth\u00e8se (sans pouvoir la v\u00e9rifier) que la vaccination ne se justifie que si l\u2019objectif d\u2019\u00e9radication peut-\u00eatre atteint et donc en g\u00e9n\u00e9ralisant la vaccination \u00e0 l\u2019ensemble de l\u2019Europe. L\u2019\u00e9radication de la maladie reste donc tr\u00e8s th\u00e9orique et repose sur une implication des diff\u00e9rents membres de l\u2019Europe or cette organisation n\u2019existe toujours pas \u00e0 ce jour.<br \/>\n<\/span><\/p>\n<ul>\n<li><span style=\"color: #000000;\"><strong>La d\u00e9cision d\u2019une vaccination obligatoire vient en contradiction avec les pr\u00e9conisations faites jusqu\u2019alors<\/strong><\/span><\/li>\n<\/ul>\n<p style=\"text-align: justify;\"><span style=\"color: #000000;\">L\u2019arr\u00eat\u00e9 du 4 novembre 2008 rendant obligatoire la vaccination sera sign\u00e9e sans qu\u2019il soit donn\u00e9 de r\u00e9ponse aux recommandations de l\u2019AFSSA et aux interrogations des professionnels. Dans le m\u00eame temps le minist\u00e8re met en place un Comit\u00e9 National de suivi de la FCO qui s\u2019accorde sur un principe de vaccination facultative mais par arr\u00eat\u00e9 du 28 octobre 2009 le minist\u00e8re prolonge l\u2019obligation de vacciner pour une ann\u00e9e, en compl\u00e8te contradiction avec le consensus qui s\u2019\u00e9tait \u00e9tabli autour d\u2019une vaccination facultative.<\/span><\/p>\n<ul>\n<li><span style=\"color: #000000;\"><strong>La strat\u00e9gie de la vaccination obligatoire appara\u00eet comme incoh\u00e9rente<\/strong><\/span><\/li>\n<\/ul>\n<p style=\"text-align: justify;\"><span style=\"color: #000000;\">Aucune \u00e9valuation pr\u00e9c\u00e8de cette strat\u00e9gie. L\u2019\u00e9radication du virus est illusoire. Les animaux d\u00e9j\u00e0 immunis\u00e9s naturellement doivent \u00e9galement \u00eatre vaccin\u00e9s.<\/span><\/p>\n<p style=\"text-align: justify;\"><span style=\"color: #800000;\"><strong>-5- Conclusions\u00a0: les \u00e9leveurs, des citoyens responsables, garants de la bonne sant\u00e9 de leurs animaux <\/strong><\/span><\/p>\n<p style=\"text-align: justify;\"><span style=\"color: #000000;\">L\u2019\u00e9radication \u00e9tait et reste un objectif irr\u00e9aliste. Le principe de la vaccination obligatoire a \u00e9t\u00e9 \u00e9tabli en dehors de toute r\u00e9flexion pr\u00e9alable sur son rapport co\u00fbts\/b\u00e9n\u00e9fices et en l\u2019absence de d\u00e9finition de ses objectifs concrets et des indicateurs permettant d\u2019en appr\u00e9cier \u00e0 terme la pertinence.<br \/>\nLes \u00e9leveurs qui ont refus\u00e9 de vacciner leur troupeau ne sont pas contre la vaccination dans son principe. Ils sont conscients qu\u2019elle peut \u00eatre n\u00e9cessaire sur certains \u00e9levages immunod\u00e9pressifs, et ne contestent pas le choix technique op\u00e9r\u00e9 par d\u2019autres \u00e9leveurs.<br \/>\nIls ont choisi, en toute connaissance de cause, de ne pas la mettre en \u0153uvre sur leurs troupeaux. Si l\u2019objectif de cette campagne de vaccination \u00e9tait de prot\u00e9ger le cheptel fran\u00e7ais de la maladie, rien n\u2019interdisait en effet de leur laisser le choix d\u2019appr\u00e9cier le moyen de lutte le plus appropri\u00e9 \u00e0 leur cheptel. <\/span><\/p>\n<p style=\"text-align: justify;\"><span style=\"color: #000000;\">Ainsi,<br \/>\n<\/span><\/p>\n<ul>\n<li><span style=\"color: #000000;\">La bonne sant\u00e9 animale est une pr\u00e9occupation essentielle des \u00e9leveurs. Ceux qui refusent de vacciner ne repr\u00e9sentent pas une menace pour leurs coll\u00e8gues,<\/span><\/li>\n<\/ul>\n<ul>\n<li><span style=\"color: #000000;\">Cette maladie n\u2019est pas contagieuse, ni transmissible \u00e0 l\u2019homme. A l\u2019\u00e9chelle du cheptel fran\u00e7ais, les cons\u00e9quences de la maladie sont sans gravit\u00e9.<\/span><\/li>\n<\/ul>\n<ul>\n<li><span style=\"color: #000000;\">L\u2019\u00e9radication de la FCO par la vaccination est illusoire, les vaccins risquent d\u2019emp\u00eacher le d\u00e9veloppement de cette immunit\u00e9 naturelle et rendent impossible la s\u00e9lection d\u2019animaux r\u00e9sistants \u00e0 la maladie. L\u2019infection naturelle permet de d\u00e9velopper une immunit\u00e9 naturelle efficace et de longue dur\u00e9e.<\/span><\/li>\n<\/ul>\n<ul>\n<li><span style=\"color: #000000;\">Le co\u00fbt des campagnes de vaccination est de plus \u00e0 la charge des contribuables, au b\u00e9n\u00e9fice de laboratoires priv\u00e9s.<\/span><\/li>\n<\/ul>\n<p><span style=\"color: #000000;\">Les \u00e9leveurs ont consid\u00e9r\u00e9 que l\u2019obligation de vacciner qui leur \u00e9tait faite relevait d\u2019une d\u00e9cision incoh\u00e9rente et injustifi\u00e9e, allant contre leur int\u00e9r\u00eat et contre l\u2019int\u00e9r\u00eat g\u00e9n\u00e9ral. Le refus de vacciner les troupeaux contre la FCO s\u2019inscrit de mani\u00e8re responsable et constructive dans une int\u00e9grit\u00e9 professionnelle, dans une \u00e9thique personnelle et dans une d\u00e9marche collective d\u2019agronomie, respectueuse des engagements pris avec les clients, sans impacter la sant\u00e9 des \u00e9levages voisins et sans nuire \u00e0 l\u2019int\u00e9r\u00eat collectif.<\/span><\/p>\n<p style=\"text-align: justify;\"><span style=\"color: #800000;\"><strong>-6- les poursuites judiciaires \u00e0 l\u2019encontre des \u00e9leveurs et mobilisation sous forme de collectifs<\/strong><\/span><\/p>\n<p style=\"text-align: justify;\"><span style=\"color: #000000;\">Depuis l\u2019arr\u00eat\u00e9 minist\u00e9riel du 4 novembre 2008 la vaccination contre la FCO a \u00e9t\u00e9 rendu obligatoire cette obligation a \u00e9t\u00e9 reconduite d\u2019un an par un arr\u00eat\u00e9 minist\u00e9riel du 28 octobre 2009. <\/span><\/p>\n<p style=\"text-align: justify;\"><span style=\"color: #000000;\"><span style=\"color: #800000;\"><strong>Printemps 2009\u00a0:<\/strong><\/span><br \/>\nNous sommes une vingtaine de paysans du Tarn et Garonne a avoir refuser cette vaccination (collectif FCO 82). Ce mouvement (collectif contre la vaccination obligatoire de la FCO) constitu\u00e9 de plus de 70 collectifs, est regroup\u00e9 au niveau national par une coordination nationale des collectifs FCO et soutenu dans le milieu agricole par \u2013 la conf\u00e9d\u00e9ration paysanne \u2013 le GDRO (Groupement de d\u00e9fense des \u00ab\u00a0refuseurs\u00a0\u00bb aux obligations li\u00e9es \u00e0 la FCO) \u2013 mouvement de culture biodynamique \u2013 la FNAB (F\u00e9d\u00e9ration Nationale d\u2019agriculture biologique) \u2013<br \/>\nNous avons notifi\u00e9 ce refus au directeur de la DSV (Direction des Services V\u00e9t\u00e9rinaire).<br \/>\nDemande de d\u00e9rogation d\u00e9pos\u00e9e le jeudi 23 avril 2009 qui a \u00e9t\u00e9 refus\u00e9.<\/span><\/p>\n<p style=\"text-align: justify;\"><span style=\"color: #000000;\"><span style=\"color: #800000;\"><strong>D\u00e9cembre 2009 :<\/strong><\/span><br \/>\nUne dizaine de paysans ont un re\u00e7u de la part du directeur de la DSV du Tarn et Garonne un proc\u00e8s verbal nous rappelant que le fait de contrevenir \u00e0 l\u2019obligation de vaccination est une infraction r\u00e9prim\u00e9e par le code rural d\u2019une contreventions de 4\u00b0 classe.<br \/>\nLe 27 janvier 2009 les 10 paysans sont convoqu\u00e9s pour \u00eatre entendu par la gendarmerie.<\/span><\/p>\n<p style=\"text-align: justify;\"><span style=\"color: #000000;\"><span style=\"color: #800000;\"><strong>Aujourd\u2019hui<\/strong><\/span><br \/>\nC\u2019est au procureur que revient le choix de poursuivre ou non, sur la base de ce PV. <\/span><\/p>\n<p style=\"text-align: justify;\"><span style=\"color: #800000;\"><strong>-7- Demain, merci de votre soutien\u00a0!<\/strong><\/span><\/p>\n<p style=\"text-align: justify;\"><span style=\"color: #000000;\">Des milliers d\u2019\u00e9leveurs ne sont pas dispos\u00e9s \u00e0 suivre aveugl\u00e9ment la propagande de l&rsquo;\u00c9tat et refusent les obligations de vaccination. Il devient urgent que les \u00ab\u00a0refuseurs\u00a0\u00bb soient soutenus par tous ceux qui se sentent concern\u00e9s par l&rsquo;avenir d&rsquo;une agriculture respectueuse du monde vivant et des consommateurs. Nous sommes donc dans l\u2019obligation de contacter un avocat pour nous d\u00e9fendre. Comme nous sommes peu d\u2019\u00e9leveurs (une vingtaine) nous d\u00e9sirons, pour faire poids face au juge, constituer un comit\u00e9 de soutien. <\/span><\/p>\n<p style=\"text-align: justify;\"><span style=\"color: #000000;\">Merci de signer <\/span><strong><a title=\"Ouvre le fichier PDF dans une nouvelle fen\u00eatre\" href=\"https:\/\/www.o-p-i.fr\/parlonsen\/wp-content\/uploads\/petition_fco82_vaccin.pdf\" target=\"_blank\">la p\u00e9tition<\/a>.<\/strong><\/p>\n<p style=\"text-align: justify;\">Ensemble, soyons vigilants\u00a0!<\/p>\n<p style=\"text-align: justify;\"><span style=\"color: #993300;\"><strong><a title=\"Ouvre le fichier PDF dans une nouvelle fen\u00eatre\" href=\"https:\/\/www.o-p-i.fr\/parlonsen\/wp-content\/uploads\/petition_fco82_vaccin.pdf\" target=\"_blank\">T\u00e9l\u00e9chargez la p\u00e9tition<\/a><\/strong><\/span><\/p>\n<p style=\"text-align: justify;\"><span style=\"color: #993300;\"><strong>Ce sujet vous int\u00e9resse ?<\/strong><\/span><\/p>\n<p style=\"text-align: justify;\"><span style=\"color: #993300;\"><strong>\u00e0 lire :<\/strong><\/span> <a title=\"Ouvre le fichier PDF dans une nouvelle fen\u00eatre\" href=\"https:\/\/www.o-p-i.fr\/parlonsen\/wp-content\/uploads\/vacciner_pour_regner.pdf\" target=\"_blank\">Vacciner pour mieux r\u00e9gner<\/a>,\u00a0 <em>La gestion sanitaire de la fi\u00e8vre catarrhale des ruminants<\/em> de C\u00e9lia Izoard.<\/p>\n<p style=\"text-align: justify;\"><em>Communiqu\u00e9 de <a href=\"https:\/\/www.o-p-i.fr\/aupays\/annuaire\/produits-du-terroir\/viande-bio-fabienne-gomes\/\">Fabienne Gomes<\/a> pour le collectif FCO82<br \/>\n<\/em>FCO82 : Groupement contre la vaccination obligatoire, pour la libert\u00e9 de d\u00e9cision des \u00e9leveurs !<\/p>\n","protected":false},"excerpt":{"rendered":"<div class=\"mh-excerpt\">Le FCO82 prend la parole pour donner son point de vue sur le th\u00e8me de la vaccination obligatoire des ruminants.<\/div>\n","protected":false},"author":8,"featured_media":0,"comment_status":"open","ping_status":"open","sticky":false,"template":"","format":"standard","meta":{"om_disable_all_campaigns":false,"advanced_seo_description":"","jetpack_seo_html_title":"","jetpack_seo_noindex":false,"_jetpack_memberships_contains_paid_content":false,"footnotes":"","_links_to":"","_links_to_target":""},"categories":[28,3,40,23,4,42,22,29,34,24,55,26,30,16,31,32,35,6,33,17,18,25,21,20,27,19,356],"tags":[384,383],"class_list":{"0":"post-2702","1":"post","2":"type-post","3":"status-publish","4":"format-standard","6":"category-beauvais-sur-tescou","7":"category-agriculture","8":"category-bioule","9":"category-au-dela-du-pays","10":"category-commerce","11":"category-a-cote-de-chez-nous","12":"category-castelnau","13":"category-genebrieres","14":"category-salvetat","15":"category-la-sauziere-saint-jean","16":"category-environnement","17":"category-le-born","18":"category-leojac","19":"category-monclar","20":"category-montgaillard","21":"category-montdurausse","22":"category-montvalen","23":"category-pratique","24":"category-puygaillard-de-quercy","25":"category-saint_nauphary","26":"category-saint-urcisse","27":"category-salvagnac","28":"category-tauriac","29":"category-varennes","30":"category-verlhac-tescou","31":"category-villebrumier","32":"category-n-47-mars-2010","33":"tag-fievre-catarrhale","34":"tag-vaccin"},"jetpack_featured_media_url":"","views":{"total":3,"cached_at":"","cached_date":1738514799},"jetpack_likes_enabled":true,"jetpack_sharing_enabled":true,"jetpack_shortlink":"https:\/\/wp.me\/pg7Wxj-HA","jetpack-related-posts":[],"_links":{"self":[{"href":"https:\/\/www.o-p-i.fr\/parlonsen\/wp-json\/wp\/v2\/posts\/2702","targetHints":{"allow":["GET"]}}],"collection":[{"href":"https:\/\/www.o-p-i.fr\/parlonsen\/wp-json\/wp\/v2\/posts"}],"about":[{"href":"https:\/\/www.o-p-i.fr\/parlonsen\/wp-json\/wp\/v2\/types\/post"}],"author":[{"embeddable":true,"href":"https:\/\/www.o-p-i.fr\/parlonsen\/wp-json\/wp\/v2\/users\/8"}],"replies":[{"embeddable":true,"href":"https:\/\/www.o-p-i.fr\/parlonsen\/wp-json\/wp\/v2\/comments?post=2702"}],"version-history":[{"count":0,"href":"https:\/\/www.o-p-i.fr\/parlonsen\/wp-json\/wp\/v2\/posts\/2702\/revisions"}],"wp:attachment":[{"href":"https:\/\/www.o-p-i.fr\/parlonsen\/wp-json\/wp\/v2\/media?parent=2702"}],"wp:term":[{"taxonomy":"category","embeddable":true,"href":"https:\/\/www.o-p-i.fr\/parlonsen\/wp-json\/wp\/v2\/categories?post=2702"},{"taxonomy":"post_tag","embeddable":true,"href":"https:\/\/www.o-p-i.fr\/parlonsen\/wp-json\/wp\/v2\/tags?post=2702"}],"curies":[{"name":"wp","href":"https:\/\/api.w.org\/{rel}","templated":true}]}}