{"id":27145,"date":"2015-08-20T11:22:28","date_gmt":"2015-08-20T10:22:28","guid":{"rendered":"\/parlonsen\/?p=27145"},"modified":"2016-01-26T10:11:34","modified_gmt":"2016-01-26T09:11:34","slug":"lagenda-de-la-semaine-a-negrepelisse","status":"publish","type":"post","link":"https:\/\/www.o-p-i.fr\/parlonsen\/parlons-en\/culture\/lagenda-de-la-semaine-a-negrepelisse\/","title":{"rendered":"L\u2019agenda de la semaine &#8230; \u00e0 N\u00e8grepelisse (82)"},"content":{"rendered":"<p style=\"text-align: justify;\">Expositions, Comice Agricole,F\u00eate de l&rsquo;Auto-Moto &#8230;\u00a0 voici l&rsquo;agenda de N\u00e8grepelisse <strong>du 25 au 30 aout 2015<\/strong>. <!--more--><\/p>\n<figure id=\"attachment_25405\" aria-describedby=\"caption-attachment-25405\" style=\"width: 640px\" class=\"wp-caption aligncenter\"><a href=\"https:\/\/i0.wp.com\/www.o-p-i.fr\/parlonsen\/wp-content\/uploads\/negrepelisseprintemps.jpg?ssl=1\"><img data-recalc-dims=\"1\" loading=\"lazy\" decoding=\"async\" class=\"wp-image-25405 size-large\" src=\"https:\/\/i0.wp.com\/www.o-p-i.fr\/parlonsen\/wp-content\/uploads\/negrepelisseprintemps.jpg?resize=640%2C124&#038;ssl=1\" alt=\"N\u00e8grepelisse\" width=\"640\" height=\"124\" srcset=\"https:\/\/i0.wp.com\/www.o-p-i.fr\/parlonsen\/wp-content\/uploads\/negrepelisseprintemps.jpg?resize=1024%2C199&amp;ssl=1 1024w, https:\/\/i0.wp.com\/www.o-p-i.fr\/parlonsen\/wp-content\/uploads\/negrepelisseprintemps.jpg?resize=300%2C58&amp;ssl=1 300w, https:\/\/i0.wp.com\/www.o-p-i.fr\/parlonsen\/wp-content\/uploads\/negrepelisseprintemps.jpg?resize=150%2C29&amp;ssl=1 150w, https:\/\/i0.wp.com\/www.o-p-i.fr\/parlonsen\/wp-content\/uploads\/negrepelisseprintemps.jpg?resize=400%2C78&amp;ssl=1 400w, https:\/\/i0.wp.com\/www.o-p-i.fr\/parlonsen\/wp-content\/uploads\/negrepelisseprintemps.jpg?w=1124&amp;ssl=1 1124w\" sizes=\"auto, (max-width: 640px) 100vw, 640px\" \/><\/a><figcaption id=\"caption-attachment-25405\" class=\"wp-caption-text\">N\u00e8grepelisse<\/figcaption><\/figure>\n<p style=\"text-align: justify;\"><strong>Mardi 25 ao\u00fbt<\/strong><\/p>\n<p style=\"text-align: justify;\">Comice Agricole du canton de N\u00e8grepelisse \u00e0 l&rsquo;ancienne gare (entr\u00e9e de ville) avec une exposition de b\u00e9tail en matin\u00e9e accompagn\u00e9 du march\u00e9 hebdomadaire. Repas du comice \u00e0 13 heures \u00e0 la salle des f\u00eates accompagn\u00e9 de la remise des r\u00e9compenses aux \u00e9leveurs. Feu d&rsquo;artifice \u00e0 la nuit tomb\u00e9e et bal gratuit sur la Place Nationale \u00e0 partir de 21 heures. Stand de pr\u00e9sentation et de d\u00e9gustation de l&rsquo;association Pollen le samedi 29 aout, rue Sadi Carnot. March\u00e9 gourmand organis\u00e9 par l&rsquo;association des Artisans et commer\u00e7ants de N\u00e8grepelisse<\/p>\n<p style=\"text-align: justify;\"><strong>Mercredi 26 ao\u00fbt<\/strong><\/p>\n<p style=\"text-align: justify;\">Tous les mercredis de juillet et d&rsquo;aout, une visite guid\u00e9e gratuite des principaux \u00e9difices patrimoniaux de la commune est organis\u00e9e. Le rendez-vous est fix\u00e9 \u00e0 14h30 devant le camping municipal de N\u00e8grepelisse. Contact au 05.63.64.22.66 ou au 05.63.64.20.90. Visite guid\u00e9e d&rsquo;1 heure 30.<\/p>\n<p style=\"text-align: justify;\"><strong>Du Vendredi 28 au Dimanche 30 ao\u00fbt<\/strong><\/p>\n<p style=\"text-align: justify;\">27<sup>\u00e8me<\/sup> \u00e9dition de la F\u00eate de l&rsquo;Auto-Moto Moto toute la journ\u00e9e, avec bourse d&rsquo;\u00e9change, d\u00e9fil\u00e9s de voitures et de motos, expositions de plus de 500 v\u00e9hicules le dimanche, exposition de mod\u00e8les miniatures au moulin de N\u00e8grepelisse, entr\u00e9e gratuite. Stand de pr\u00e9sentation et de d\u00e9gustation de l&rsquo;association Pollen le samedi 29 aout, au centre-ville.<\/p>\n<p style=\"text-align: justify;\"><strong>Dimanche 30 ao\u00fbt<\/strong><\/p>\n<p style=\"text-align: justify;\">F\u00eate du Miel au bois de Montrosi\u00e8s, organis\u00e9e par l&rsquo;association Pollen. Nombreuses activit\u00e9s et d\u00e9couverte du rucher \u00e9cole. Contact au 06.42.63.30.90. Animations gratuites, d\u00e9gustations de miel et de produits d\u00e9riv\u00e9s.<\/p>\n<p style=\"text-align: justify;\"><strong>Concours LA MASCOTTE DE LA CUISINE 2015 : Th\u00e8me : \u00ab Oh mon g\u00e2teau ! Le plus beau des g\u00e2teaux \u00bb<\/strong><\/p>\n<p style=\"text-align: justify;\">Inscription du 25 avril au 4 septembre 2015<\/p>\n<p style=\"text-align: justify;\">Le concours s&rsquo;adresse aux amateurs exclusivement. Peut participer au concours toute personne habitant ou non la ville de N\u00e8grepelisse. Il vise \u00e0 faire reconnaitre la richesse des savoir-faire de toute personne souhaitant participer aux activit\u00e9s de La cuisine.<\/p>\n<ul style=\"text-align: justify;\">\n<li>Les candidatures peuvent se faire \u00e0 titre individuel ou collectif.<\/li>\n<li>Deux cat\u00e9gories de ce concours amateur sont ouvertes cette ann\u00e9e :<\/li>\n<\/ul>\n<p style=\"text-align: justify;\">&#8211; cat\u00e9gorie adulte : + de 18 ans<\/p>\n<p style=\"text-align: justify;\">&#8211; cat\u00e9gorie enfant : + de 8 ans<\/p>\n<p style=\"text-align: justify;\"><strong>Modalit\u00e9s de participation :<\/strong><\/p>\n<p style=\"text-align: justify;\">Les candidats peuvent s&rsquo;inscrire du 25 avril 2015 au 4 septembre 2015 en remplissant un bulletin d&rsquo;inscription disponible sur demande par t\u00e9l\u00e9phone ou mail<\/p>\n<p style=\"text-align: justify;\"><strong>EXPOSITION<\/strong><\/p>\n<p style=\"text-align: justify;\"><strong>Au ch\u00e2teau : Du 30 mai au 20 septembre 2015<\/strong><\/p>\n<p style=\"text-align: justify;\"><strong>\u00ab Des espoirs \u00bb d&rsquo;Emma Dusong \u00e0 La cuisine, centre d&rsquo;art et de design.<\/strong><\/p>\n<p style=\"text-align: justify;\">L&rsquo;artiste d\u00e9veloppe une d\u00e9marche sensible dans laquelle la voix et le son occupent une place importante, parfois pour donner vie \u00e0 des objets.<\/p>\n<p style=\"text-align: justify;\">\u00c0 la question : \u00ab Ce projet d&rsquo;exposition est-il optimiste ou pessimiste ? \u00bb, je r\u00e9ponds : \u00ab\u00a0 Il y a des espoirs, du d\u00e9sespoir donc. Des espoirs car l&rsquo;humain est toujours vivant et peut encore agir. Il peut se tromper, chuter, d\u00e9cider, revendiquer, dispara\u00eetre, chanter. D\u00e9sespoir car la terre est fragile, elle souffre, s&rsquo;\u00e9chappe. En quatre mouvements\u00a0 : de la vuln\u00e9rabilit\u00e9, aux d\u00e9cisions, \u00e0 la revendication jusqu&rsquo;\u00e0 la crainte de la disparition, <em>Des espoirs<\/em> tente d&rsquo;interroger notre relation au vivant et au d\u00e9sir. \u00bb Emma Dusong<\/p>\n<p style=\"text-align: justify;\">Renseignements aupr\u00e8s de La cuisine : <a href=\"mailto:info@la-cuisine.fr\">info@la-cuisine.fr<\/a> \/ 05 63 67 39 74 \/ <a href=\"https:\/\/webmail.eu.com\/#NOP\">www.la-cuisine.fr<\/a><\/p>\n<p style=\"text-align: justify;\">En r\u00e9sonance avec l&rsquo;exposition : d\u00e9gustations pr\u00e9par\u00e9es aux Fourneaux de La cuisine avec des produits du terroir.<\/p>\n<p style=\"text-align: justify;\"><strong>A la m\u00e9diath\u00e8que : du 4 juillet au 12 septembre<\/strong><\/p>\n<p style=\"text-align: justify;\"><strong>Exposition photos Pierre Voyard &#8211; <\/strong><strong>Vernissage le samedi 4 juillet \u00e0 11h\u00a0\u00bb<\/strong><\/p>\n<p style=\"text-align: justify;\">\u00ab\u00a0Je suis un passionn\u00e9 de regards, je suis un passionn\u00e9 de femmes, un passionn\u00e9 par l&rsquo;image des chevaux. A l&rsquo;origine de ma passion, la vie et le fugace sous toutes ses formes. J&rsquo;aime le Noir et Blanc comme je pratique la couleur. J&rsquo;aime l&rsquo;instant pr\u00e9sent et lui seulement. R\u00e9ussir une photo, c&rsquo;est facile, juste une lumi\u00e8re magnifique, juste le cadre, juste le regard du mod\u00e8le dans l&rsquo;\u0153il du photographe. Je tire ? L&rsquo;instant ! Avant ? C&rsquo;est trop t\u00f4t, et juste apr\u00e8s ? Il n&rsquo;y a plus de photo&#8230; Il y a aussi des photos prises au fil des ann\u00e9es sur le radoub de Gruissan. Elles ne sont que peintures al\u00e9atoires du temps, de la corrosion et de l&rsquo;usure que seul mon \u0153il voit. Strates parfois violentes. Toiles h\u00e9t\u00e9roclites. Support inusit\u00e9s. \u00bb<\/p>\n<p style=\"text-align: justify;\"><strong><u>Ouverture\u00a0 du ch\u00e2teau<\/u><\/strong><\/p>\n<p style=\"text-align: justify;\">Ouverture des expositions de La cuisine, au ch\u00e2teau, du mardi au dimanche de 14 heures \u00e0 17 heures. Visite de la cour du mardi au vendredi de 9 heures \u00e0 17 heures et les samedis et dimanches de 14 heures \u00e0 17 heures.<\/p>\n<p style=\"text-align: justify;\">Toutes les actualit\u00e9s de la commune en ligne sur <a href=\"http:\/\/www.ville-negrepelisse.fr\">www.ville-negrepelisse.fr<\/a><\/p>\n<p style=\"text-align: justify;\"><em>Communiqu\u00e9 par Aurore Deffrenne, charg\u00e9e de communication \u00e0 la Mairie de N\u00e8grepelisse.<\/em><\/p>\n","protected":false},"excerpt":{"rendered":"<div class=\"mh-excerpt\">Expositions, Comice Agricole,F\u00eate de l&rsquo;Auto-Moto &#8230;\u00a0 voici l&rsquo;agenda de N\u00e8grepelisse du 25 au 30 aout 2015.<\/div>\n","protected":false},"author":2,"featured_media":0,"comment_status":"open","ping_status":"open","sticky":false,"template":"","format":"standard","meta":{"om_disable_all_campaigns":false,"advanced_seo_description":"","jetpack_seo_html_title":"","jetpack_seo_noindex":false,"_jetpack_memberships_contains_paid_content":false,"footnotes":"","_links_to":"","_links_to_target":""},"categories":[3,51,4,42,1,603,54,6,2274],"tags":[100,172,354,2539,896,2383],"class_list":{"0":"post-27145","1":"post","2":"type-post","3":"status-publish","4":"format-standard","6":"category-agriculture","7":"category-artisanat","8":"category-commerce","9":"category-a-cote-de-chez-nous","10":"category-culture","11":"category-vive-lete","12":"category-loisirs","13":"category-pratique","14":"category-n-113-aout-2015","15":"tag-negrepelisse","16":"tag-exposition","17":"tag-concours","18":"tag-agriculture","19":"tag-visite","20":"tag-comice-agricole"},"jetpack_featured_media_url":"","views":{"total":0,"cached_at":"","cached_date":1738402084},"jetpack_likes_enabled":true,"jetpack_sharing_enabled":true,"jetpack_shortlink":"https:\/\/wp.me\/pg7Wxj-73P","jetpack-related-posts":[],"_links":{"self":[{"href":"https:\/\/www.o-p-i.fr\/parlonsen\/wp-json\/wp\/v2\/posts\/27145","targetHints":{"allow":["GET"]}}],"collection":[{"href":"https:\/\/www.o-p-i.fr\/parlonsen\/wp-json\/wp\/v2\/posts"}],"about":[{"href":"https:\/\/www.o-p-i.fr\/parlonsen\/wp-json\/wp\/v2\/types\/post"}],"author":[{"embeddable":true,"href":"https:\/\/www.o-p-i.fr\/parlonsen\/wp-json\/wp\/v2\/users\/2"}],"replies":[{"embeddable":true,"href":"https:\/\/www.o-p-i.fr\/parlonsen\/wp-json\/wp\/v2\/comments?post=27145"}],"version-history":[{"count":0,"href":"https:\/\/www.o-p-i.fr\/parlonsen\/wp-json\/wp\/v2\/posts\/27145\/revisions"}],"wp:attachment":[{"href":"https:\/\/www.o-p-i.fr\/parlonsen\/wp-json\/wp\/v2\/media?parent=27145"}],"wp:term":[{"taxonomy":"category","embeddable":true,"href":"https:\/\/www.o-p-i.fr\/parlonsen\/wp-json\/wp\/v2\/categories?post=27145"},{"taxonomy":"post_tag","embeddable":true,"href":"https:\/\/www.o-p-i.fr\/parlonsen\/wp-json\/wp\/v2\/tags?post=27145"}],"curies":[{"name":"wp","href":"https:\/\/api.w.org\/{rel}","templated":true}]}}