{"id":27215,"date":"2015-08-26T05:50:41","date_gmt":"2015-08-26T04:50:41","guid":{"rendered":"\/parlonsen\/?p=27215"},"modified":"2015-09-03T12:13:38","modified_gmt":"2015-09-03T11:13:38","slug":"forum-des-associations-a-villebrumier-82","status":"publish","type":"post","link":"https:\/\/www.o-p-i.fr\/parlonsen\/parlons-en\/culture\/forum-des-associations-a-villebrumier-82\/","title":{"rendered":"Forum des Associations &#8230; \u00e0 Villebrumier (82)"},"content":{"rendered":"<p>Venez d\u00e9couvrir les associations et devenez membre le<strong> Dimanche 6 Septembre 2015<\/strong>, de 9h \u00e0 18h, Place de la Mairie.<!--more--><\/p>\n<figure id=\"attachment_27217\" aria-describedby=\"caption-attachment-27217\" style=\"width: 208px\" class=\"wp-caption alignright\"><a href=\"https:\/\/i0.wp.com\/www.o-p-i.fr\/parlonsen\/wp-content\/uploads\/forumassovillebrumier.jpg?ssl=1\"><img data-recalc-dims=\"1\" loading=\"lazy\" decoding=\"async\" class=\"size-medium wp-image-27217\" src=\"https:\/\/i0.wp.com\/www.o-p-i.fr\/parlonsen\/wp-content\/uploads\/forumassovillebrumier.jpg?resize=208%2C300&#038;ssl=1\" alt=\"Villebrumier (82)\" width=\"208\" height=\"300\" srcset=\"https:\/\/i0.wp.com\/www.o-p-i.fr\/parlonsen\/wp-content\/uploads\/forumassovillebrumier.jpg?resize=208%2C300&amp;ssl=1 208w, https:\/\/i0.wp.com\/www.o-p-i.fr\/parlonsen\/wp-content\/uploads\/forumassovillebrumier.jpg?resize=710%2C1024&amp;ssl=1 710w, https:\/\/i0.wp.com\/www.o-p-i.fr\/parlonsen\/wp-content\/uploads\/forumassovillebrumier.jpg?resize=104%2C150&amp;ssl=1 104w, https:\/\/i0.wp.com\/www.o-p-i.fr\/parlonsen\/wp-content\/uploads\/forumassovillebrumier.jpg?resize=400%2C577&amp;ssl=1 400w, https:\/\/i0.wp.com\/www.o-p-i.fr\/parlonsen\/wp-content\/uploads\/forumassovillebrumier.jpg?w=1000&amp;ssl=1 1000w\" sizes=\"auto, (max-width: 208px) 100vw, 208px\" \/><\/a><figcaption id=\"caption-attachment-27217\" class=\"wp-caption-text\">Villebrumier (82)<\/figcaption><\/figure>\n<p>Programme de la journ\u00e9e :<\/p>\n<ul>\n<li><a href=\"https:\/\/www.o-p-i.fr\/aupays\/annuaire\/loisirs\/jdanse\/\">J\u2019DANSE<\/a> propose des d\u00e9monstrations :<br \/>\nLa journ\u00e9e sera ponctu\u00e9e par des d\u00e9monstrations des diff\u00e9rentes activit\u00e9s propos\u00e9es par l\u2019association !<\/li>\n<li>FC les 2 PONTS :<br \/>\nDe 10h30 \u00e0 12h et de 14h30 \u00e0 16h : Match de foot \u00e0 5 sur le city stade avec les enfants de l\u2019\u00e9cole de foot et accueil de tous les enfants volontaires<\/li>\n<li>LE TENNIS CLUB VILLEBRUMIER, LE SHORINJI KEMPO, <a href=\"https:\/\/www.o-p-i.fr\/aupays\/annuaire\/les-fourberies-de-villebrumier\/\">LES FOURBERIES DE VILLEBRUMIER<\/a>, <a href=\"https:\/\/www.o-p-i.fr\/aupays\/annuaire\/loisirs\/la-cle-des-chants\/\">LA CLE DES CHANTS<\/a>, L\u2019UNION ATHLETIQUE NOHICOIS\u2026. tiendront leur stand<\/li>\n<\/ul>\n<p>Inscription possible pour la saison 2015\/2016, toute la journ\u00e9e !<\/p>\n<p><em>Communiqu\u00e9 par Ang\u00e9lique Teyssier, Pr\u00e9sidente du Comit\u00e9 des F\u00eates de\u00a0 Villebrumier.<\/em><\/p>\n","protected":false},"excerpt":{"rendered":"<div class=\"mh-excerpt\">Venez d\u00e9couvrir les associations et devenez membre le Dimanche 6 Septembre 2015, de 9h \u00e0 18h, Place de la Mairie.<\/div>\n","protected":false},"author":2,"featured_media":0,"comment_status":"open","ping_status":"open","sticky":false,"template":"","format":"standard","meta":{"om_disable_all_campaigns":false,"advanced_seo_description":"","jetpack_seo_html_title":"","jetpack_seo_noindex":false,"_jetpack_memberships_contains_paid_content":false,"footnotes":"","_links_to":"","_links_to_target":""},"categories":[1,2275,54,648,53,6,19],"tags":[1851,38,39,84,121,145,2544,323,519,650,1438],"class_list":{"0":"post-27215","1":"post","2":"type-post","3":"status-publish","4":"format-standard","6":"category-culture","7":"category-n-114-septembre-2015","8":"category-loisirs","9":"category-cest-la-rentree","10":"category-sports","11":"category-pratique","12":"category-villebrumier","13":"tag-forum-des-associations","14":"tag-sport","15":"tag-ecole-de-foot","16":"tag-danse","17":"tag-association","18":"tag-animation","19":"tag-villebrumier","20":"tag-enfant","21":"tag-forum","22":"tag-tennis","23":"tag-foot"},"jetpack_featured_media_url":"","views":{"total":0,"cached_at":"","cached_date":1738502735},"jetpack_likes_enabled":true,"jetpack_sharing_enabled":true,"jetpack_shortlink":"https:\/\/wp.me\/pg7Wxj-74X","jetpack-related-posts":[],"_links":{"self":[{"href":"https:\/\/www.o-p-i.fr\/parlonsen\/wp-json\/wp\/v2\/posts\/27215","targetHints":{"allow":["GET"]}}],"collection":[{"href":"https:\/\/www.o-p-i.fr\/parlonsen\/wp-json\/wp\/v2\/posts"}],"about":[{"href":"https:\/\/www.o-p-i.fr\/parlonsen\/wp-json\/wp\/v2\/types\/post"}],"author":[{"embeddable":true,"href":"https:\/\/www.o-p-i.fr\/parlonsen\/wp-json\/wp\/v2\/users\/2"}],"replies":[{"embeddable":true,"href":"https:\/\/www.o-p-i.fr\/parlonsen\/wp-json\/wp\/v2\/comments?post=27215"}],"version-history":[{"count":0,"href":"https:\/\/www.o-p-i.fr\/parlonsen\/wp-json\/wp\/v2\/posts\/27215\/revisions"}],"wp:attachment":[{"href":"https:\/\/www.o-p-i.fr\/parlonsen\/wp-json\/wp\/v2\/media?parent=27215"}],"wp:term":[{"taxonomy":"category","embeddable":true,"href":"https:\/\/www.o-p-i.fr\/parlonsen\/wp-json\/wp\/v2\/categories?post=27215"},{"taxonomy":"post_tag","embeddable":true,"href":"https:\/\/www.o-p-i.fr\/parlonsen\/wp-json\/wp\/v2\/tags?post=27215"}],"curies":[{"name":"wp","href":"https:\/\/api.w.org\/{rel}","templated":true}]}}