{"id":2722,"date":"2010-03-09T20:08:33","date_gmt":"2010-03-09T18:08:33","guid":{"rendered":"\/parlonsen\/?p=2722"},"modified":"2010-03-10T00:53:39","modified_gmt":"2010-03-09T22:53:39","slug":"internet-lien-social-reseaux-sociaux","status":"publish","type":"post","link":"https:\/\/www.o-p-i.fr\/parlonsen\/parlons-en\/culture\/internet-lien-social-reseaux-sociaux\/","title":{"rendered":"Internet, lien social, r\u00e9seaux sociaux&#8230;"},"content":{"rendered":"<p style=\"text-align: justify;\">&#8230; applications interplan\u00e9taires ou locales ? Notre (votre ? ) association <span style=\"color: #0000ff;\"><strong>O.P.I. des Tescou&rsquo;s<\/strong><\/span> agit tout en s&rsquo;interrogeant, dans le cadre de la <strong><a title=\"cliquez pour voir le d\u00e9tail\" href=\"https:\/\/www.o-p-i.fr\/aupays\/recherche-action\/internet-et-lien-social\/\" target=\"_blank\">recherche action<\/a><\/strong> qu&rsquo;elle impulse, <!--more-->sur ce qu&rsquo;Internet peut apporter pour \u00ab\u00a0am\u00e9liorer la vie d&rsquo;ici\u00a0\u00bb. La d\u00e9marche d&rsquo;O.P.I. est-elle antinomique ou compl\u00e9mentaire des ph\u00e9nom\u00e8nes \u00ab\u00a0Facebook, YouTube, Twitter&#8230;\u00a0\u00bb ?<\/p>\n<p style=\"text-align: justify;\">L&rsquo;av\u00e8nement du web 2\u00b0 g\u00e9n\u00e9ration, par l&rsquo;introduction de l&rsquo;interactivit\u00e9 sans temps de latence a ouvert des possibilit\u00e9s dont on commence \u00e0 voir poindre les effets.<\/p>\n<div class=\"mceTemp\" style=\"text-align: justify;\">\n<dl id=\"attachment_2728\" class=\"wp-caption alignleft\" style=\"width: 178px;\">\n<dt class=\"wp-caption-dt\"><a title=\"logo ARDESI\" href=\"http:\/\/www.ardesi.fr\/\" target=\"_blank\"><img data-recalc-dims=\"1\" loading=\"lazy\" decoding=\"async\" class=\"size-full wp-image-2728\" title=\"ardesi\" src=\"https:\/\/i0.wp.com\/www.o-p-i.fr\/parlonsen\/wp-content\/uploads\/ardesi.gif?resize=168%2C180&#038;ssl=1\" alt=\"ARDESI\" width=\"168\" height=\"180\" \/><\/a><\/dt>\n<dd class=\"wp-caption-dd\">ARDESI<\/dd>\n<\/dl>\n<\/div>\n<p style=\"text-align: justify;\">Dans le cadre du cycle <span style=\"color: #0000ff;\"><strong> \u00ab\u00a0Sciences pour tous pour les TIC\u00a0\u00bb<\/strong><\/span> (<span style=\"color: #000000;\"><del datetime=\"2010-03-09T17:07:34+00:00\">Nouvelles<\/del> <\/span>Technologies de l&rsquo;Information et de la Communication),\u00a0 <strong>Ardesi<\/strong> vous propose une visio-conf\u00e9rence\u00a0le <span style=\"color: #0000ff;\"><strong>Jeudi 11 mars 2010<\/strong><\/span>, de 19h30 \u00e0 21h. Cette conf\u00e9rence retransmise en direct dans le R\u00e9seau Cyber-base Midi-Pyr\u00e9n\u00e9es est \u00e9galement accessible\u00a0sur <strong><a title=\"cliquez pour voir la visio conf\u00e9rence\" href=\"http:\/\/www.ardesi.fr\/-Visioconference-\" target=\"_blank\">http:\/\/www.ardesi.fr\/-Visioconference-<\/a><\/strong><\/p>\n<p style=\"text-align: justify;\">Anim\u00e9e par Ludovic Dublanchet, Charg\u00e9 de mission &#8211; Ardesi<\/p>\n<p style=\"text-align: justify;\">A l&rsquo;heure o\u00f9 les r\u00e9seaux sociaux et le web 2.0 ont envahi nos ordinateurs et nos t\u00e9l\u00e9phones portables, Ludovic Dublanchet reviendra sur les grands principes de ce web \u00ab\u00a0nouvelle g\u00e9n\u00e9ration\u00a0\u00bb : participation, interactivit\u00e9, collaboration, instantan\u00e9it\u00e9, mobilit\u00e9&#8230;<\/p>\n<p style=\"text-align: justify;\">En ce d\u00e9but d&rsquo;ann\u00e9e, 400 millions d&rsquo;Internautes sont connect\u00e9s \u00e0 Facebook et y consacrent en moyenne 55 minutes par jour. Une soir\u00e9e pour pr\u00e9senter les grands r\u00e9seaux sociaux, leur mode de fonctionnement, leur int\u00e9r\u00eat y compris dans la vie professionnelle mais aussi de revenir sur la responsabilit\u00e9, la confidentialit\u00e9 des donn\u00e9es et le droit \u00e0 l&rsquo;oubli num\u00e9rique.<\/p>\n","protected":false},"excerpt":{"rendered":"<div class=\"mh-excerpt\">&#8230; applications interplan\u00e9taires ou locales ? Notre (votre ? ) association O.P.I. des Tescou&rsquo;s agit tout en s&rsquo;interrogeant, dans le cadre de la recherche action qu&rsquo;elle impulse,<\/div>\n","protected":false},"author":3,"featured_media":0,"comment_status":"open","ping_status":"open","sticky":false,"template":"","format":"standard","meta":{"om_disable_all_campaigns":false,"advanced_seo_description":"","jetpack_seo_html_title":"","jetpack_seo_noindex":false,"_jetpack_memberships_contains_paid_content":false,"footnotes":"","_links_to":"","_links_to_target":""},"categories":[1,6,356],"tags":[300,386,387,388,389],"class_list":{"0":"post-2722","1":"post","2":"type-post","3":"status-publish","4":"format-standard","6":"category-culture","7":"category-pratique","8":"category-n-47-mars-2010","9":"tag-internet","10":"tag-lien-social","11":"tag-reseaux-sociaux","12":"tag-tic","13":"tag-ardesi"},"jetpack_featured_media_url":"","views":{"total":0,"cached_at":"","cached_date":1738519866},"jetpack_likes_enabled":true,"jetpack_sharing_enabled":true,"jetpack_shortlink":"https:\/\/wp.me\/pg7Wxj-HU","jetpack-related-posts":[],"_links":{"self":[{"href":"https:\/\/www.o-p-i.fr\/parlonsen\/wp-json\/wp\/v2\/posts\/2722","targetHints":{"allow":["GET"]}}],"collection":[{"href":"https:\/\/www.o-p-i.fr\/parlonsen\/wp-json\/wp\/v2\/posts"}],"about":[{"href":"https:\/\/www.o-p-i.fr\/parlonsen\/wp-json\/wp\/v2\/types\/post"}],"author":[{"embeddable":true,"href":"https:\/\/www.o-p-i.fr\/parlonsen\/wp-json\/wp\/v2\/users\/3"}],"replies":[{"embeddable":true,"href":"https:\/\/www.o-p-i.fr\/parlonsen\/wp-json\/wp\/v2\/comments?post=2722"}],"version-history":[{"count":0,"href":"https:\/\/www.o-p-i.fr\/parlonsen\/wp-json\/wp\/v2\/posts\/2722\/revisions"}],"wp:attachment":[{"href":"https:\/\/www.o-p-i.fr\/parlonsen\/wp-json\/wp\/v2\/media?parent=2722"}],"wp:term":[{"taxonomy":"category","embeddable":true,"href":"https:\/\/www.o-p-i.fr\/parlonsen\/wp-json\/wp\/v2\/categories?post=2722"},{"taxonomy":"post_tag","embeddable":true,"href":"https:\/\/www.o-p-i.fr\/parlonsen\/wp-json\/wp\/v2\/tags?post=2722"}],"curies":[{"name":"wp","href":"https:\/\/api.w.org\/{rel}","templated":true}]}}