{"id":27416,"date":"2015-09-17T08:26:03","date_gmt":"2015-09-17T07:26:03","guid":{"rendered":"\/parlonsen\/?p=27416"},"modified":"2025-11-09T13:53:39","modified_gmt":"2025-11-09T12:53:39","slug":"stages-de-technique-vocale-avec-john-asquith-a-rabastens-81","status":"publish","type":"post","link":"https:\/\/www.o-p-i.fr\/parlonsen\/localisation\/a-cote-de-chez-nous\/stages-de-technique-vocale-avec-john-asquith-a-rabastens-81\/","title":{"rendered":"Stages de Technique Vocale  avec John Asquith &#8230; \u00e0 Rabastens (81)"},"content":{"rendered":"<p style=\"text-align: justify;\">L&rsquo;Asquith Show Cie vous propose un stage en 4 s\u00e9ances, d&rsquo;<strong>Octobre 2015 \u00e0 Janvier 2016<\/strong>. <!--more--><\/p>\n<figure id=\"attachment_27417\" aria-describedby=\"caption-attachment-27417\" style=\"width: 209px\" class=\"wp-caption alignright\"><a href=\"https:\/\/i0.wp.com\/www.o-p-i.fr\/parlonsen\/wp-content\/uploads\/JOHN-ASQUITH.jpg?ssl=1\"><img data-recalc-dims=\"1\" loading=\"lazy\" decoding=\"async\" class=\"size-medium wp-image-27417\" src=\"https:\/\/i0.wp.com\/www.o-p-i.fr\/parlonsen\/wp-content\/uploads\/JOHN-ASQUITH.jpg?resize=209%2C300&#038;ssl=1\" alt=\"John ASQUITH\" width=\"209\" height=\"300\" srcset=\"https:\/\/i0.wp.com\/www.o-p-i.fr\/parlonsen\/wp-content\/uploads\/JOHN-ASQUITH.jpg?resize=209%2C300&amp;ssl=1 209w, https:\/\/i0.wp.com\/www.o-p-i.fr\/parlonsen\/wp-content\/uploads\/JOHN-ASQUITH.jpg?resize=104%2C150&amp;ssl=1 104w, https:\/\/i0.wp.com\/www.o-p-i.fr\/parlonsen\/wp-content\/uploads\/JOHN-ASQUITH.jpg?resize=400%2C574&amp;ssl=1 400w, https:\/\/i0.wp.com\/www.o-p-i.fr\/parlonsen\/wp-content\/uploads\/JOHN-ASQUITH.jpg?w=629&amp;ssl=1 629w\" sizes=\"auto, (max-width: 209px) 100vw, 209px\" \/><\/a><figcaption id=\"caption-attachment-27417\" class=\"wp-caption-text\">John ASQUITH<\/figcaption><\/figure>\n<p style=\"text-align: justify;\">La m\u00e9thode que transmet John Asquith est une m\u00e9thode \u00e9prouv\u00e9e qui a r\u00e9\u00e9duqu\u00e9 les voix de grands artistes. Elle est bas\u00e9e sur la coordination des muscles, elle est tr\u00e8s pr\u00e9cise, logique, et tr\u00e8s efficace. Vous pouvez faire des progr\u00e8s imm\u00e9diatement.<br \/>\nNous proposons des modules de formation sur quatre s\u00e9ances (il faut s&rsquo;engager sur les quatre), ce qui correspond \u00e0 l&rsquo;apprentissage des principes de base.<\/p>\n<p style=\"text-align: justify;\">Les cours ont lieu aux Asquiths \u00e0 Rabastens (route de Grazac, Rabastens) un samedi apr\u00e8s-midi par mois. Les stagiaires doivent travailler entre les s\u00e9ances afin d&rsquo;obtenir une am\u00e9lioration durable, car comprendre est une chose, mais mettre en application, construire des r\u00e9flexes, amener sa voix \u00e0 r\u00e9sonner demande entra\u00eenement et r\u00e9gularit\u00e9.<\/p>\n<p style=\"text-align: justify;\"><strong>Dates et Horaires :<\/strong><br \/>\nSamedi 3 octobre 2015, de 14 h \u00e0 17 h<br \/>\nSamedi 21 novembre 2015, de 14 h \u00e0 17 h<br \/>\nSamedi 12 d\u00e9cembre 2015, de 14 h \u00e0 17 h<br \/>\nSamedi 16 janvier 2015, de 14 h \u00e0 17 h<\/p>\n<p style=\"text-align: justify;\"><strong>Tarif :<\/strong><br \/>\n30 euros\/s\u00e9ance<\/p>\n<p style=\"text-align: justify;\"><strong>Contact :<\/strong> <a href=\"https:\/\/www.o-p-i.fr\/aupays\/annuaire\/loisirs\/comedies-musicales\/\" rel=\"bookmark\">SAS Asquith Show Cie<\/a><\/p>\n<div class=\"entry-thumbnails\"><a href=\"https:\/\/www.o-p-i.fr\/aupays\/annuaire\/loisirs\/comedies-musicales\/\"><img decoding=\"async\" title=\"SAS Asquith Show Cie\" src=\"https:\/\/www.o-p-i.fr\/aupays\/wp-content\/themes\/arras-theme\/library\/timthumb.php?src=https:\/\/www.o-p-i.fr\/aupays\/wp-content\/uploads\/logo_asquithshowcie.jpg&amp;w=190&amp;h=100&amp;zc=1\" alt=\"SAS Asquith Show Cie\" \/><\/a><span class=\"entry-meta\"><abbr class=\"published\" title=\"2015-09-08T05:10:14+00:00\">&#8230;<\/abbr><\/span><\/div>\n<div class=\"entry-thumbnails\"><em>Communiqu\u00e9 par Marik Choley<\/em><\/div>\n","protected":false},"excerpt":{"rendered":"<div class=\"mh-excerpt\">L&rsquo;Asquith Show Cie vous propose un stage en 4 s\u00e9ances, d&rsquo;Octobre 2015 \u00e0 Janvier 2016.<\/div>\n","protected":false},"author":2,"featured_media":0,"comment_status":"open","ping_status":"open","sticky":false,"template":"","format":"standard","meta":{"om_disable_all_campaigns":false,"advanced_seo_description":"","jetpack_seo_html_title":"","jetpack_seo_noindex":false,"_jetpack_memberships_contains_paid_content":false,"footnotes":"","_links_to":"","_links_to_target":""},"categories":[42,725,54,2276,2370,2371,2402],"tags":[72,195,2404,3926],"class_list":{"0":"post-27416","1":"post","2":"type-post","3":"status-publish","4":"format-standard","6":"category-a-cote-de-chez-nous","7":"category-formation-parlons-en","8":"category-loisirs","9":"category-n-115-octobre-2015","10":"category-n-116-novembre-2015","11":"category-n-117-decembre-2015","12":"category-n118-janvier-2016","13":"tag-rabastens","14":"tag-stage","15":"tag-technique-vocale","16":"tag-chants"},"jetpack_featured_media_url":"","views":{"total":2,"cached_at":"","cached_date":1738530299},"jetpack_likes_enabled":true,"jetpack_sharing_enabled":true,"jetpack_shortlink":"https:\/\/wp.me\/pg7Wxj-78c","jetpack-related-posts":[],"_links":{"self":[{"href":"https:\/\/www.o-p-i.fr\/parlonsen\/wp-json\/wp\/v2\/posts\/27416","targetHints":{"allow":["GET"]}}],"collection":[{"href":"https:\/\/www.o-p-i.fr\/parlonsen\/wp-json\/wp\/v2\/posts"}],"about":[{"href":"https:\/\/www.o-p-i.fr\/parlonsen\/wp-json\/wp\/v2\/types\/post"}],"author":[{"embeddable":true,"href":"https:\/\/www.o-p-i.fr\/parlonsen\/wp-json\/wp\/v2\/users\/2"}],"replies":[{"embeddable":true,"href":"https:\/\/www.o-p-i.fr\/parlonsen\/wp-json\/wp\/v2\/comments?post=27416"}],"version-history":[{"count":1,"href":"https:\/\/www.o-p-i.fr\/parlonsen\/wp-json\/wp\/v2\/posts\/27416\/revisions"}],"predecessor-version":[{"id":66997,"href":"https:\/\/www.o-p-i.fr\/parlonsen\/wp-json\/wp\/v2\/posts\/27416\/revisions\/66997"}],"wp:attachment":[{"href":"https:\/\/www.o-p-i.fr\/parlonsen\/wp-json\/wp\/v2\/media?parent=27416"}],"wp:term":[{"taxonomy":"category","embeddable":true,"href":"https:\/\/www.o-p-i.fr\/parlonsen\/wp-json\/wp\/v2\/categories?post=27416"},{"taxonomy":"post_tag","embeddable":true,"href":"https:\/\/www.o-p-i.fr\/parlonsen\/wp-json\/wp\/v2\/tags?post=27416"}],"curies":[{"name":"wp","href":"https:\/\/api.w.org\/{rel}","templated":true}]}}