{"id":2745,"date":"2010-03-10T23:24:21","date_gmt":"2010-03-10T21:24:21","guid":{"rendered":"\/parlonsen\/?p=2745"},"modified":"2010-03-10T23:40:22","modified_gmt":"2010-03-10T21:40:22","slug":"2e-semaine-du-developpement-durable-a-couffouleux","status":"publish","type":"post","link":"https:\/\/www.o-p-i.fr\/parlonsen\/parlons-en\/agriculture\/2e-semaine-du-developpement-durable-a-couffouleux\/","title":{"rendered":"2e Semaine du d\u00e9veloppement durable \u00e0 Couffouleux"},"content":{"rendered":"<p style=\"text-align: justify;\">du<span style=\"color: #99cc00;\"><strong> 1er au 4 avril 2010<\/strong><\/span>, <strong>\u00ab\u00a0Pr\u00e9servons ensemble la biodiversit\u00e9\u00a0\u00bb <\/strong>pour la<strong> <\/strong>2e Semaine du d\u00e9veloppement durable<!--more--> \u00e0 Couffouleux (Tarn),<\/p>\n<figure id=\"attachment_2748\" aria-describedby=\"caption-attachment-2748\" style=\"width: 312px\" class=\"wp-caption alignleft\"><a title=\"Cliquez sur l'image pour l'agrandir\" href=\"https:\/\/www.o-p-i.fr\/parlonsen\/wp-content\/uploads\/dev_durable_couffouleux.pdf\" target=\"_blank\"><img data-recalc-dims=\"1\" loading=\"lazy\" decoding=\"async\" class=\"size-full wp-image-2748\" title=\"Semaine du D\u00e9veloppement durable \u00e0 Couffouleux\" src=\"https:\/\/i0.wp.com\/www.o-p-i.fr\/parlonsen\/wp-content\/uploads\/dev_durable_couffouleux.jpg?resize=312%2C436&#038;ssl=1\" alt=\"Cliquez sur l'image pour l'agrandir\" width=\"312\" height=\"436\" srcset=\"https:\/\/i0.wp.com\/www.o-p-i.fr\/parlonsen\/wp-content\/uploads\/dev_durable_couffouleux.jpg?w=400&amp;ssl=1 400w, https:\/\/i0.wp.com\/www.o-p-i.fr\/parlonsen\/wp-content\/uploads\/dev_durable_couffouleux.jpg?resize=214%2C300&amp;ssl=1 214w\" sizes=\"auto, (max-width: 312px) 100vw, 312px\" \/><\/a><figcaption id=\"caption-attachment-2748\" class=\"wp-caption-text\">Semaine du D\u00e9veloppement durable \u00e0 Couffouleux<\/figcaption><\/figure>\n<h3><span style=\"color: #993300;\">Exposition, du 1er au 4 avril, de 14h \u00e0 18h &#8211; Mairie, salle du conseil<\/p>\n<p><\/span><\/h3>\n<p style=\"text-align: justify;\"><span style=\"color: #99cc00;\"><strong>La flore et la faune du Rabastinois<\/strong><\/span><br \/>\nLa biodiversit\u00e9 \u00e0 nos portes : insectes, araign\u00e9es, passereaux, \u00e9chassiers, fleurs&#8230; Les photographies de <strong>Fran\u00e7ois Martinez<\/strong>, <strong>Marco Fenasse<\/strong> et <strong>Philippe Durand<\/strong> nous les font d\u00e9couvrir dans leur milieu naturel : plaine, rives du Tarn, haies, prairies&#8230;<\/p>\n<p style=\"text-align: justify;\"><span style=\"color: #99cc00;\"><strong>Orchid\u00e9es sauvages<\/strong><\/span><br \/>\nElles poussent dans les jardins et les pr\u00e9s, sachez les reconna\u00eetre et favoriser leur reproduction.<\/p>\n<p style=\"text-align: justify;\"><span style=\"color: #99cc00;\"><strong>L\u2019\u00e9co-\u00e9cole de Couffouleux c\u00f4t\u00e9 cour, c\u00f4t\u00e9 jardin<\/strong><\/span><br \/>\nLes enfants de l&rsquo;\u00e9cole primaire, labellis\u00e9e \u00e9co-\u00e9cole, exposent leurs travaux. Une reproduction de la cour de leur \u00e9cole et hop, vous partez \u00e0 la d\u00e9couverte de leurs actions de protection de l&rsquo;environnement : mangeoires \u00e0 oiseaux, jardin, refuge LPO&#8230;<\/p>\n<p style=\"text-align: justify;\"><span style=\"color: #99cc00;\"><strong>Jeu-concours Biodiversit\u00e9<\/strong><\/span><br \/>\nVisitez l\u2019expo et gagnez peut-\u00eatre des \u00e9co-cadeaux (nichoirs, graines, gilets de s\u00e9curit\u00e9&#8230;).<\/p>\n<h3 style=\"text-align: justify;\"><span style=\"color: #993300;\">Conf\u00e9rence, le 2 avril, \u00e0 20h30 &#8211; Salle Herv\u00e9 de Guerdavid (ex-polyvalente)<\/span><\/h3>\n<p style=\"text-align: justify;\"><span style=\"color: #99cc00;\"><strong>\u00ab\u00a0Frelon asiatique : le p\u00e9ril jaune ?\u00a0\u00bb<\/strong><\/span><br \/>\nIl cause de gros d\u00e9g\u00e2ts chez nos amies les abeilles et ses nids prolif\u00e8rent dans nos paysages. Mais qui est le frelon asiatique ? Quels dangers repr\u00e9sente-t-il ? Peut-on le pi\u00e9ger ?<br \/>\nAvec <strong>Jean Haxaire, entomologiste, chercheur associ\u00e9 au Museum d\u2019Histoire Naturelle de Paris <\/strong>(le premier \u00e0 avoir identifi\u00e9 le frelon asiatique en France)<strong> ; Daniel Bonnafous, apiculteur, pr\u00e9sident de l\u2019Abeille Tarnaise, <\/strong>membre du bureau de l\u2019Union Nationale de l\u2019Apiculture Fran\u00e7aise et des t\u00e9moignages d\u2019apiculteurs locaux.<\/p>\n<h3 style=\"text-align: justify;\"><span style=\"color: #993300;\"><strong>Balade cycliste, le 4 avril, 14h30<\/strong><\/span><\/h3>\n<p style=\"text-align: justify;\"><strong><span style=\"color: #99cc00;\">Couffouleux \u00e0 v\u00e9lo !<\/span><\/strong><br \/>\nUne d\u00e9couverte en famille des chemins et routes de la commune, de son patrimoine b\u00e2ti et naturel. Rendez-vous, \u00e0 v\u00e9lo, \u00e0 14h30, place de l&rsquo;\u00e9cole.Casques recommand\u00e9s. Dur\u00e9e : environ 2h. Go\u00fbter offert.<\/p>\n<h3 style=\"text-align: justify;\"><span style=\"color: #993300;\"><strong>Tout est gratuit ! &#8211; Infos\u00a0: 05 63 33 73 10<\/strong><\/span><\/h3>\n<p style=\"text-align: justify;\">La Semaine du d\u00e9veloppement durable est une manifestation initi\u00e9e par le Minist\u00e8re de l\u2019\u00c9cologie, de l\u2019\u00c9nergie, du D\u00e9veloppement durable et de la Mer. La manifestation, \u00e0 Couffouleux, s\u2019inscrit aussi dans le cadre de l\u2019Ann\u00e9e internationale de la biodiversit\u00e9. Elle est organis\u00e9e par la <a title=\"Ouvre le site dans une nouvelle fen\u00eatre\" href=\"http:\/\/www.cc-rabastinois.fr\/couffouleux\/index.html\" target=\"_blank\">Mairie de Couffouleux<\/a>, avec la participation de l\u2019<a title=\"Ouvre le site dans une nouvelle fen\u00eatre\" href=\"http:\/\/rabastens.env.free.fr\/\" target=\"_blank\">association SEPRA<\/a>, Jardinerie Jamans, \u00c9cole primaire de Couffouleux. Merci \u00e0 l\u2019<a title=\"Voir les autres articles sur le sujet\" href=\"https:\/\/www.o-p-i.fr\/parlonsen\/tag\/le-5\/\">association Le Cinq<\/a>.<\/p>\n<p style=\"text-align: justify;\"><em>Communiqu\u00e9 de Christophe Juan, Conseiller municipal de la mairie de Couffouleux, Charg\u00e9 de la communication. <\/em><\/p>\n<p style=\"text-align: justify;\"><span style=\"color: #800000;\"><a href=\"https:\/\/www.o-p-i.fr\/parlonsen\/agenda\/\"><strong>Retrouvez tous les \u00e9v\u00e8nements dans l&rsquo;agenda !<\/strong><\/a><\/span><\/p>\n","protected":false},"excerpt":{"rendered":"<div class=\"mh-excerpt\">du 1er au 4 avril 2010, \u00ab\u00a0Pr\u00e9servons ensemble la biodiversit\u00e9\u00a0\u00bb pour la 2e Semaine du d\u00e9veloppement durable<\/div>\n","protected":false},"author":3,"featured_media":0,"comment_status":"open","ping_status":"open","sticky":false,"template":"","format":"standard","meta":{"om_disable_all_campaigns":false,"advanced_seo_description":"","jetpack_seo_html_title":"","jetpack_seo_noindex":false,"_jetpack_memberships_contains_paid_content":false,"footnotes":"","_links_to":"","_links_to_target":""},"categories":[3,42,55,291,6,356],"tags":[172,370,393,394,148],"class_list":{"0":"post-2745","1":"post","2":"type-post","3":"status-publish","4":"format-standard","6":"category-agriculture","7":"category-a-cote-de-chez-nous","8":"category-environnement","9":"category-solidarite","10":"category-pratique","11":"category-n-47-mars-2010","12":"tag-exposition","13":"tag-frelon","14":"tag-developpement-durable","15":"tag-biodiversite","16":"tag-couffouleux"},"jetpack_featured_media_url":"","views":{"total":0,"cached_at":"","cached_date":1738516058},"jetpack_likes_enabled":true,"jetpack_sharing_enabled":true,"jetpack_shortlink":"https:\/\/wp.me\/pg7Wxj-Ih","jetpack-related-posts":[],"_links":{"self":[{"href":"https:\/\/www.o-p-i.fr\/parlonsen\/wp-json\/wp\/v2\/posts\/2745","targetHints":{"allow":["GET"]}}],"collection":[{"href":"https:\/\/www.o-p-i.fr\/parlonsen\/wp-json\/wp\/v2\/posts"}],"about":[{"href":"https:\/\/www.o-p-i.fr\/parlonsen\/wp-json\/wp\/v2\/types\/post"}],"author":[{"embeddable":true,"href":"https:\/\/www.o-p-i.fr\/parlonsen\/wp-json\/wp\/v2\/users\/3"}],"replies":[{"embeddable":true,"href":"https:\/\/www.o-p-i.fr\/parlonsen\/wp-json\/wp\/v2\/comments?post=2745"}],"version-history":[{"count":0,"href":"https:\/\/www.o-p-i.fr\/parlonsen\/wp-json\/wp\/v2\/posts\/2745\/revisions"}],"wp:attachment":[{"href":"https:\/\/www.o-p-i.fr\/parlonsen\/wp-json\/wp\/v2\/media?parent=2745"}],"wp:term":[{"taxonomy":"category","embeddable":true,"href":"https:\/\/www.o-p-i.fr\/parlonsen\/wp-json\/wp\/v2\/categories?post=2745"},{"taxonomy":"post_tag","embeddable":true,"href":"https:\/\/www.o-p-i.fr\/parlonsen\/wp-json\/wp\/v2\/tags?post=2745"}],"curies":[{"name":"wp","href":"https:\/\/api.w.org\/{rel}","templated":true}]}}